{"id":88687,"date":"2025-09-02T16:50:33","date_gmt":"2025-09-02T16:50:33","guid":{"rendered":"https:\/\/www.europesays.com\/es\/88687\/"},"modified":"2025-09-02T16:50:33","modified_gmt":"2025-09-02T16:50:33","slug":"inigo-fernandez-y-fuencisla-ramos-se-llevan-el-torneo-donantes-de-sangre-de-soria-2025-2","status":"publish","type":"post","link":"https:\/\/www.europesays.com\/es\/88687\/","title":{"rendered":"\u00cd\u00f1igo Fern\u00e1ndez y Fuencisla Ramos se llevan el Torneo Donantes de Sangre de Soria 2025"},"content":{"rendered":"<p class=\"paragraph\">Por d\u00e9cimo noveno a\u00f1o, el <a href=\"https:\/\/www.heraldodiariodesoria.es\/deportes\/\" title=\"Deportes\" rel=\"nofollow noopener\" target=\"_blank\">Club de Golf Soria<\/a> ha celebrado una jornada deportiva, social y solidaria con la disputa del <b>Torneo Hermandad de Donantes de Sangre<\/b>.\u00a0Han sido setenta los participantes que han entrado en una competici\u00f3n que ha alzado como vencedores Scratch a \u00cd\u00f1igo Fern\u00e1ndez, Real Club de la Puerta de Hierro, y Fuencisla Ramos, de Club de Golf Soria.<\/p>\n<p class=\"paragraph\">As\u00ed, al <b>jugador madrile\u00f1o Fern\u00e1ndez<\/b>, con 30 puntos, le siguieron el local Enzo Jim\u00e9nez (29) e I\u00f1aki Pe\u00f1a (26); mientras que la clasificaci\u00f3n femenina estuvo marcada por una nueva victoria en este torneo de Fuencisla Ramos (14). Tras la vencedora finaliz\u00f3 como segunda clasificada Eva Renta (9) y Mar\u00eda de los \u00c1ngeles Beivide (8) fue tercera.<\/p>\n<p class=\"paragraph\">Fue <b>Eva Renta <\/b>la que se llev\u00f3 la victoria en H\u00e1ndicap Damas empatada a puntos con Pilar Manzanares.<\/p>\n<p class=\"paragraph\">En cuanto a los <b>H\u00e1ndicaps Masculinos<\/b>, en Primera, Alfonso Jim\u00e9nez (CG Soria) se alz\u00f3 con el triunfo con 41 puntos, seguido de \u00cd\u00f1igo Fern\u00e1ndez (Real Club de la Puerta de Hierro) con 40 y de I\u00f1aki Pe\u00f1a con 38.<\/p>\n<p class=\"paragraph\">En <b>H\u00e1ndicap de Segunda categor\u00eda<\/b>, \u00cd\u00f1igo Peral fue el mejor con 52 puntos, segundo acab\u00f3 Jaime Zuloaga, de Real Sociedad de Golf de Neguri, (43) y Jes\u00fas Palacios (CG Soria) fue tercero con 40.<\/p>\n<p class=\"paragraph\">Tambi\u00e9n recibieron sus trofeos los siguientes <b>ganadores<\/b>:<\/p>\n<p class=\"paragraph\">Drive masculino: Rams\u00e9s L\u00f3pez<\/p>\n<p class=\"paragraph\">Drive femenino: Fuencisla Ramos<\/p>\n<p class=\"paragraph\">Mejor Aproach: Domingo Bern\u00e1<\/p>\n<p class=\"paragraph\">Tras la disputa de este torneo, Club de Golf Soria comienza con los preparativos para la pr\u00f3xima edici\u00f3n del <b>Memorial \u00c1lvaro Mazariegos<\/b>, que se disputar\u00e1 el pr\u00f3ximo 13 de septiembre en lo que ser\u00e1 su sexta edici\u00f3n.<\/p>\n","protected":false},"excerpt":{"rendered":"Por d\u00e9cimo noveno a\u00f1o, el Club de Golf Soria ha celebrado una jornada deportiva, social y solidaria con&hellip;\n","protected":false},"author":2,"featured_media":88688,"comment_status":"","ping_status":"","sticky":false,"template":"","format":"standard","meta":{"footnotes":""},"categories":[275],"tags":[168,32541,12943,25,24,329,246,23,167],"class_list":{"0":"post-88687","1":"post","2":"type-post","3":"status-publish","4":"format-standard","5":"has-post-thumbnail","7":"category-golf","8":"tag-deportes","9":"tag-donacion-de-sangre","10":"tag-donaciones","11":"tag-es","12":"tag-espana","13":"tag-golf","14":"tag-soria","15":"tag-spain","16":"tag-sports"},"share_on_mastodon":{"url":"","error":""},"_links":{"self":[{"href":"https:\/\/www.europesays.com\/es\/wp-json\/wp\/v2\/posts\/88687","targetHints":{"allow":["GET"]}}],"collection":[{"href":"https:\/\/www.europesays.com\/es\/wp-json\/wp\/v2\/posts"}],"about":[{"href":"https:\/\/www.europesays.com\/es\/wp-json\/wp\/v2\/types\/post"}],"author":[{"embeddable":true,"href":"https:\/\/www.europesays.com\/es\/wp-json\/wp\/v2\/users\/2"}],"replies":[{"embeddable":true,"href":"https:\/\/www.europesays.com\/es\/wp-json\/wp\/v2\/comments?post=88687"}],"version-history":[{"count":0,"href":"https:\/\/www.europesays.com\/es\/wp-json\/wp\/v2\/posts\/88687\/revisions"}],"wp:featuredmedia":[{"embeddable":true,"href":"https:\/\/www.europesays.com\/es\/wp-json\/wp\/v2\/media\/88688"}],"wp:attachment":[{"href":"https:\/\/www.europesays.com\/es\/wp-json\/wp\/v2\/media?parent=88687"}],"wp:term":[{"taxonomy":"category","embeddable":true,"href":"https:\/\/www.europesays.com\/es\/wp-json\/wp\/v2\/categories?post=88687"},{"taxonomy":"post_tag","embeddable":true,"href":"https:\/\/www.europesays.com\/es\/wp-json\/wp\/v2\/tags?post=88687"}],"curies":[{"name":"wp","href":"https:\/\/api.w.org\/{rel}","templated":true}]}}