{"id":88691,"date":"2025-09-02T16:52:10","date_gmt":"2025-09-02T16:52:10","guid":{"rendered":"https:\/\/www.europesays.com\/es\/88691\/"},"modified":"2025-09-02T16:52:10","modified_gmt":"2025-09-02T16:52:10","slug":"vine-se-lleva-otra-victoria-de-etapa-y-vingegaard-el-liderato-de-la-vuelta-a-espana-ciclismo-deportes","status":"publish","type":"post","link":"https:\/\/www.europesays.com\/es\/88691\/","title":{"rendered":"Vine se lleva otra victoria de etapa y Vingegaard el liderato de la Vuelta a Espa\u00f1a | Ciclismo | Deportes"},"content":{"rendered":"<p class=\"\">Tanto le da a Jay Vine <a href=\"https:\/\/elpais.com\/deportes\/ciclismo\/2025-09-02\/juan-ayuso-sobre-su-salida-del-uae-son-muchas-faltas-de-respeto-quieren-danar-mi-imagen.html\" target=\"_blank\" rel=\"noreferrer nofollow noopener\" title=\"https:\/\/elpais.com\/deportes\/ciclismo\/2025-09-02\/juan-ayuso-sobre-su-salida-del-uae-son-muchas-faltas-de-respeto-quieren-danar-mi-imagen.html\">que su equipo sea un enredo superlativo despu\u00e9s de la pol\u00e9mica escenificaci\u00f3n del adi\u00f3s de Ayuso<\/a>, o que su l\u00edder Almeida necesite escudos en las subidas. \u00c9l, australiano y por lo tanto en las ant\u00edpodas porque as\u00ed se lo permite UAE, juega a otra cosa, pues un d\u00eda se descuelga r\u00e1pido del pelot\u00f3n para reservar fuerzas y al otro explota hasta llegar el primero a meta. Como ocurri\u00f3 en Larra Belagua, escalador brutal y proyector de sombra para todos, <a href=\"https:\/\/elpais.com\/deportes\/ciclismo\/2025-08-28\/jay-vine-se-reencuentra-en-la-vuelta-a-espana-treen-nuevo-lider.html\" target=\"_blank\" rel=\"noreferrer nofollow noopener\" title=\"https:\/\/elpais.com\/deportes\/ciclismo\/2025-08-28\/jay-vine-se-reencuentra-en-la-vuelta-a-espana-treen-nuevo-lider.html\">vencedor de nuevo como hiciera en Andorra<\/a>. Dos etapas al zurr\u00f3n \u2014cuatro si se suman las de 2022\u2014 y UAE tambi\u00e9n protagonista en la carretera, que las pedaladas hablan mejor que las palabras.<\/p>\n<p class=\"\">Se presum\u00edan nubarrones, quiz\u00e1 lluvia y un fr\u00edo de arrea en El Ferial Larra Belagua, donde el verano es ciertamente mentiroso, donde las tonalidades naranjas del oto\u00f1o ya se apropian del pict\u00f3rico paisaje, donde puedes toparte con un \u00e1guila apoyada en una valla de la carretera, donde los pastores encuentran los mejores pastos en la cima y las hayas y las encinas se difuminan para dar paso a los caballos y las martas, tambi\u00e9n a los sarrios, armi\u00f1os, mochuelos boreales e, incluso, urogallos. Y, aunque el cielo se abri\u00f3 para descartar el chaparr\u00f3n, todos en busca del rayo de sol cual lagartijas, era imperioso el anorak y la paciencia, pues por un d\u00eda la meta no estaba montada a tiempo, colas kilom\u00e9tricas para hollar el puerto. Nada que le importara a los aficionados, entusiasmados <a href=\"https:\/\/elpais.com\/noticias\/vuelta-espana\/\" target=\"_blank\" rel=\"noreferrer nofollow noopener\" title=\"https:\/\/elpais.com\/noticias\/vuelta-espana\/\">por recibir a los referentes de las dos ruedas y el manillar<\/a>, felices tambi\u00e9n por probarse en las cuestas antes de los protagonistas y recibir a tiempo el carajillo o, los m\u00e1s profesionales, la bebida isot\u00f3nica en el bar de la meta. Un peque\u00f1o caos con premio, una jornada para no olvidar, familias enteras alrededor de la pasi\u00f3n de la bici.<\/p>\n<p>M\u00e1s informaci\u00f3n<\/p>\n<p class=\"\">Pero quedaban muchos kil\u00f3metros para llegar a las faldas de la \u00faltima monta\u00f1a, 9,4 kil\u00f3metros con una pendiente media del 6,3% y rampas del 10%. Tambi\u00e9n faltaban los sobresaltos. Como el topetazo que se dieron varios ciclistas, uno fuerte <a href=\"https:\/\/elpais.com\/deportes\/2022-01-28\/el-viaje-de-raul-garcia-pierna-e-igor-arrieta-al-ciclismo-profesional-no-es-facil-llegar-a-ser-lo-que-te-crees-que-eres.html\" target=\"_blank\" rel=\"noreferrer nofollow noopener\" title=\"https:\/\/elpais.com\/deportes\/2022-01-28\/el-viaje-de-raul-garcia-pierna-e-igor-arrieta-al-ciclismo-profesional-no-es-facil-llegar-a-ser-lo-que-te-crees-que-eres.html\">porque Ra\u00fal Garc\u00eda Pierna (Ark\u00e9a)<\/a>, tan activo en esta Vuelta, debi\u00f3 bajarse de la bici. Y por poco no sucedi\u00f3 lo mismo con unos pocos que debieron esquivar el ondeo de las banderas de Palestina, que eran infinitas. As\u00ed, de camino a Larra Belagua, numerosos pueblos desperdigados y coquetos, casas de piedra acondicionadas para mitigar el fr\u00edo, se multiplicaron las banderas palestinas y hasta las bengalas, reivindicaci\u00f3n reincidente en esta Vuelta desde que varias personas cortaran el camino del equipo Israel Premier-Tech en la contrarreloj en protesta por el genocidio en Gaza. Aunque la protesta es pac\u00edfica, por poco no ocurre una desgracia. Un uyy que casi se convierte en ayy. Aunque las hostilidades llegaron en la carretera.<\/p>\n<p class=\"\">Hubo muchas intentonas de fuga, que no se fragu\u00f3 hasta pasados los 100 kil\u00f3metros de etapa, 30 corredores que abrieron brecha antes del Alto de las Coronas. Durante, <a href=\"https:\/\/elpais.com\/deportes\/ciclismo\/2025-09-02\/la-estrategia-del-uae-el-equipo-a-de-la-vuelta.html\" target=\"_blank\" rel=\"noreferrer nofollow noopener\" title=\"https:\/\/elpais.com\/deportes\/ciclismo\/2025-09-02\/la-estrategia-del-uae-el-equipo-a-de-la-vuelta.html\">sin embargo, se dio la fuga de la fuga.<\/a> Vine (UAE), Castrillo [que tambi\u00e9n fue uno de los damnificados en la ca\u00edda del inicio de etapa] y Romo (Movistar), Balderstone (Caja Rural), Segaert (Lotto), Azparren (Q36.5), Ryan (EF), Bernard (Lidl-Trek) y Conci (Astana). Nueve candidatos para el triunfo de etapa porque el pelot\u00f3n, de nuevo perezoso, se inclin\u00f3 por el dolce far niente. No as\u00ed Segaert, que dio un latigazo antes del puerto para irse en solitario, un brindis por la hom\u00e9rica que dur\u00f3 poco porque as\u00ed lo quiso Vine con sus ataques e intenci\u00f3n de revalidar su amor\u00edo con la Vuelta. Pero la ofensiva buena, la que desmont\u00f3 al grupo,<a href=\"https:\/\/elpais.com\/deportes\/ciclismo\/2025-08-24\/pablo-castrillo-ciclista-del-movistar-cuanto-mayor-es-el-rival-y-el-reto-mas-me-motivo.html\" target=\"_blank\" rel=\"noreferrer nofollow noopener\" title=\"https:\/\/elpais.com\/deportes\/ciclismo\/2025-08-24\/pablo-castrillo-ciclista-del-movistar-cuanto-mayor-es-el-rival-y-el-reto-mas-me-motivo.html\"> fue la de Castrillo, otro colado por la Vuelta<\/a>, tambi\u00e9n con dos etapas en el curso anterior. El mano a mano entre los dos, en cualquier caso, se lo llev\u00f3 Vine por piernas.<\/p>\n<p class=\"\">Por entonces tambi\u00e9n se repart\u00edan tortas en el pelot\u00f3n, sobre todo las que daba UAE con un ritmo abrasador, primero con Ayuso y luego con Bjerg. Y, como consecuencia, lleg\u00f3 el ataque de Almeida, que sac\u00f3 las costuras de unos pocos. Pero no a Vingegaard, que sigui\u00f3 la ola y se mantuvo de pie, que aguant\u00f3 el tipo y, de paso,<a href=\"https:\/\/elpais.com\/deportes\/ciclismo\/2025-08-31\/la-bestia-vingegaard-despierta-en-la-vuelta-a-espana.html\" target=\"_blank\" rel=\"noreferrer nofollow noopener\" title=\"https:\/\/elpais.com\/deportes\/ciclismo\/2025-08-31\/la-bestia-vingegaard-despierta-en-la-vuelta-a-espana.html\"> volvi\u00f3 a ponerse el maillot rojo <\/a>en un d\u00eda que Vine volvi\u00f3 a hacer suyo.<\/p>\n<p>\n        Etapas    <\/p>\n<ul class=\"stages\">\n<li>\n                                    <a href=\"https:\/\/elpais.com\/deportes\/resultados\/ciclismo\/vuelta_espana\/2025\/directo\/regular-a-8-681b4e13073cc90\/\" rel=\"nofollow noopener\" target=\"_blank\"><br \/>\n                                    <\/a><\/p>\n<tr>\n<td>\n                                8\n                            <\/td>\n<td>\n                                                            <img decoding=\"async\" title=\"TITLE_SPORT_EVENT_TYPE_MIXED\" loading=\"lazy\" class=\"s-inb icon\" src=\"https:\/\/as01.epimg.net\/img\/live-events\/iconset\/ciclismo\/half-hilly-stage.svg\" width=\"20\" height=\"20\"\/><\/p>\n<\/td>\n<td>\n<p>Monz\u00f3n Templario &#8211; Zaragoza<\/p>\n<p>                                                                        <img decoding=\"async\" title=\"B\u00e9lgica\" loading=\"lazy\" class=\"in-team-logo\" src=\"https:\/\/static.prisa.com\/aside\/resizer\/resize\/img\/common\/countries\/bel.svg\" width=\"18\" height=\"12\" img=\"\"\/><\/p>\n<p>                                            Jasper Philipsen<br \/>\n                                            ADC<\/p>\n<\/td>\n<td>\n<p class=\"km\">163 Km<\/p>\n<p class=\"date\">S\u00e1b. 30-Agosto<\/p>\n<\/td>\n<\/tr>\n<\/li>\n<li>\n                                    <a href=\"https:\/\/elpais.com\/deportes\/ciclismo\/2025-08-31\/la-bestia-vingegaard-despierta-en-la-vuelta-a-espana.html\" rel=\"nofollow noopener\" target=\"_blank\"><br \/>\n                                    <\/a><\/p>\n<tr>\n<td>\n                                9\n                            <\/td>\n<td>\n                                                            <img decoding=\"async\" title=\"TITLE_SPORT_EVENT_TYPE_MOUNTAIN\" loading=\"lazy\" class=\"s-inb icon\" src=\"https:\/\/as01.epimg.net\/img\/live-events\/iconset\/ciclismo\/hilly-stage.svg\" width=\"20\" height=\"20\"\/><\/p>\n<\/td>\n<td>\n<p>Alfaro &#8211; Estaci\u00f3n de Esqu\u00ed de Valdezcaray<\/p>\n<p>                                                                        <img decoding=\"async\" title=\"Dinamarca\" loading=\"lazy\" class=\"in-team-logo\" src=\"https:\/\/static.prisa.com\/aside\/resizer\/resize\/img\/common\/countries\/den.svg\" width=\"18\" height=\"12\" img=\"\"\/><\/p>\n<p>                                            Jonas Vingegaard<br \/>\n                                            TVL<\/p>\n<\/td>\n<td>\n<p class=\"km\">195 Km<\/p>\n<p class=\"date\">Dom. 31-Agosto<\/p>\n<\/td>\n<\/tr>\n<\/li>\n<li>\n                                    <a href=\"https:\/\/elpais.com\/deportes\/resultados\/ciclismo\/vuelta_espana\/2025\/directo\/regular-a-10-681b4e13073ce40\/\" rel=\"nofollow noopener\" target=\"_blank\"><br \/>\n                                    <\/a><\/p>\n<tr>\n<td>\n                                10\n                            <\/td>\n<td>\n                                                            <img decoding=\"async\" title=\"TITLE_SPORT_EVENT_TYPE_MOUNTAIN\" loading=\"lazy\" class=\"s-inb icon\" src=\"https:\/\/as01.epimg.net\/img\/live-events\/iconset\/ciclismo\/hilly-stage.svg\" width=\"20\" height=\"20\"\/><\/p>\n<\/td>\n<td>\n<p>Parque de la Naturaleza Sendaviva &#8211; El Ferial Larra Belagua<\/p>\n<p>                                                                        <img decoding=\"async\" title=\"Australia\" loading=\"lazy\" class=\"in-team-logo\" src=\"https:\/\/static.prisa.com\/aside\/resizer\/resize\/img\/common\/countries\/aus.svg\" width=\"18\" height=\"12\" img=\"\"\/><\/p>\n<p>                                            Jay Vine<br \/>\n                                            UAD<\/p>\n<\/td>\n<td>\n<p class=\"km\">175 Km<\/p>\n<p class=\"date\">Mar. 02-Septiembre<\/p>\n<\/td>\n<\/tr>\n<\/li>\n<li>\n<tr>\n<td>\n                                11\n                            <\/td>\n<td>\n                                                            <img decoding=\"async\" title=\"TITLE_SPORT_EVENT_TYPE_MOUNTAIN\" loading=\"lazy\" class=\"s-inb icon\" src=\"https:\/\/as01.epimg.net\/img\/live-events\/iconset\/ciclismo\/hilly-stage.svg\" width=\"20\" height=\"20\"\/><\/p>\n<\/td>\n<td>\n<p>Bilbao &#8211; Bilbao<\/p>\n<\/td>\n<td>\n<p class=\"km\">157 Km<\/p>\n<p class=\"date\">Mi\u00e9. 03-Septiembre<\/p>\n<\/td>\n<\/tr>\n<\/li>\n<li>\n<tr>\n<td>\n                                12\n                            <\/td>\n<td>\n                                                            <img decoding=\"async\" title=\"TITLE_SPORT_EVENT_TYPE_MOUNTAIN\" loading=\"lazy\" class=\"s-inb icon\" src=\"https:\/\/as01.epimg.net\/img\/live-events\/iconset\/ciclismo\/hilly-stage.svg\" width=\"20\" height=\"20\"\/><\/p>\n<\/td>\n<td>\n<p>Laredo &#8211; Los Corrales de Buelna<\/p>\n<\/td>\n<td>\n<p class=\"km\">144 Km<\/p>\n<p class=\"date\">Jue. 04-Septiembre<\/p>\n<\/td>\n<\/tr>\n<\/li>\n<\/ul>\n","protected":false},"excerpt":{"rendered":"Tanto le da a Jay Vine que su equipo sea un enredo superlativo despu\u00e9s de la pol\u00e9mica escenificaci\u00f3n&hellip;\n","protected":false},"author":2,"featured_media":88692,"comment_status":"","ping_status":"","sticky":false,"template":"","format":"standard","meta":{"footnotes":""},"categories":[273],"tags":[2839,313,2838,1540,312,168,25,24,23,167,27570,7603],"class_list":{"0":"post-88691","1":"post","2":"type-post","3":"status-publish","4":"format-standard","5":"has-post-thumbnail","7":"category-ciclismo","8":"tag-carreras-ciclistas","9":"tag-ciclismo","10":"tag-ciclistas","11":"tag-competiciones","12":"tag-cycling","13":"tag-deportes","14":"tag-es","15":"tag-espana","16":"tag-spain","17":"tag-sports","18":"tag-uae-team-emirates","19":"tag-vuelta-espana"},"share_on_mastodon":{"url":"","error":""},"_links":{"self":[{"href":"https:\/\/www.europesays.com\/es\/wp-json\/wp\/v2\/posts\/88691","targetHints":{"allow":["GET"]}}],"collection":[{"href":"https:\/\/www.europesays.com\/es\/wp-json\/wp\/v2\/posts"}],"about":[{"href":"https:\/\/www.europesays.com\/es\/wp-json\/wp\/v2\/types\/post"}],"author":[{"embeddable":true,"href":"https:\/\/www.europesays.com\/es\/wp-json\/wp\/v2\/users\/2"}],"replies":[{"embeddable":true,"href":"https:\/\/www.europesays.com\/es\/wp-json\/wp\/v2\/comments?post=88691"}],"version-history":[{"count":0,"href":"https:\/\/www.europesays.com\/es\/wp-json\/wp\/v2\/posts\/88691\/revisions"}],"wp:featuredmedia":[{"embeddable":true,"href":"https:\/\/www.europesays.com\/es\/wp-json\/wp\/v2\/media\/88692"}],"wp:attachment":[{"href":"https:\/\/www.europesays.com\/es\/wp-json\/wp\/v2\/media?parent=88691"}],"wp:term":[{"taxonomy":"category","embeddable":true,"href":"https:\/\/www.europesays.com\/es\/wp-json\/wp\/v2\/categories?post=88691"},{"taxonomy":"post_tag","embeddable":true,"href":"https:\/\/www.europesays.com\/es\/wp-json\/wp\/v2\/tags?post=88691"}],"curies":[{"name":"wp","href":"https:\/\/api.w.org\/{rel}","templated":true}]}}