{"id":88695,"date":"2025-09-02T16:54:11","date_gmt":"2025-09-02T16:54:11","guid":{"rendered":"https:\/\/www.europesays.com\/es\/88695\/"},"modified":"2025-09-02T16:54:11","modified_gmt":"2025-09-02T16:54:11","slug":"estamos-viviendo-una-experiencia-unica","status":"publish","type":"post","link":"https:\/\/www.europesays.com\/es\/88695\/","title":{"rendered":"Estamos viviendo una experiencia \u00fanica"},"content":{"rendered":"<p class=\"paragraph\">El Casademont Zaragoza<b> se mide este mi\u00e9rcoles con el\u00a0Fujitsu Red<\/b> japon\u00e9s, a partir de las 7.00 -hora espa\u00f1ola- en la tercera jornada de la Park Shin-ja Cup. El conjunto aragon\u00e9s, primer club espa\u00f1ol que disputa este prestigioso torneo, <a href=\"https:\/\/www.heraldo.es\/noticias\/deportes\/baloncesto\/2025\/09\/01\/el-casademont-zaragoza-arrolla-en-la-segunda-jornada-de-la-park-shin-ja-cup-1850692.html\" title=\"El Casademont Zaragoza arrolla en la segunda jornada de la Park Shin-ja Cup\" rel=\"nofollow noopener\" target=\"_blank\">ha ganado los dos primeros encuentros: <\/a>super\u00f3 el pasado s\u00e1bado al Samsung Life Blueminx (70-77), en un choque resuelto en la pr\u00f3rroga, y dos d\u00edas m\u00e1s tarde arroll\u00f3 al Woori Bank (87-63).\u00a0\u00a0<\/p>\n<p class=\"paragraph\">La competici\u00f3n se desarrolla en la localidad surcoreana de Busan. <b>\u00abEstamos viviendo una experiencia \u00fanica e inigualable\u00bb, declar\u00f3 este martes Helena Oma, <\/b>alero del conjunto zaragozano. \u00abEstamos disfrutando much\u00edsimo del d\u00eda a d\u00eda\u00bb, a\u00f1adi\u00f3 la jugadora, quien recuerda que el prop\u00f3sito del equipo es \u00abseguir acumulando minutos\u00bb para llegar \u00aben las mejores condiciones posibles\u00bb al inicio de la temporada oficial.\u00a0<\/p>\n<p class=\"paragraph\">En este sentido, el cuadro que dirige Carlos Cantero se jugar\u00e1 este mes con el Brno, en una eliminatoria a doble partido, <b>su presencia en la fase de grupos de la Euroliga.<\/b>\u00a0El choque de ida est\u00e1 programado para el pr\u00f3ximo 17 de septiembre, en la Rep\u00fablica Checa, mientras que la vuelta se jugar\u00e1 seis d\u00edas m\u00e1s tarde en el pabell\u00f3n Pr\u00edncipe Felipe. Inmediatamente despu\u00e9s, el 27 de septiembre, las aragonesas afrontar\u00e1n la Supercopa en el Palacios de los Deportes de Huesca.\u00a0<\/p>\n<p>Preparaci\u00f3n \u00f3ptima para la Euroliga<\/p>\n<p class=\"paragraph\">\u00abEsos partidos en Corea del Sur, que est\u00e1n siendo muy intensos, nos est\u00e1n ayudando mucho para llegar<b> en perfecto estado a los primeros enfrentamientos <\/b>de la Euroliga\u00bb, confiesa Helena Oma. \u00abAl mismo tiempo, estamos disfrutando\u00a0de la ciudad y lo vamos a hacer hasta el \u00faltimo d\u00eda\u00bb, a\u00f1ade la jugadora.\u00a0<\/p>\n<p class=\"paragraph\">En el primer partido, el equipo de Carlos Cantero<b> se adjudic\u00f3 la victoria contra el Samsung Life Blueminx (70-77) <\/b>en la pr\u00f3rroga, despu\u00e9s de una sobresaliente actuaci\u00f3n de Veronika Vorackova. La checa sum\u00f3 19 puntos, con una efectividad m\u00e1xima en los lanzamientos de 3 puntos (3 de 3), al margen de repartir 6 asistencias y de capturar 6 rebotes en la media hora que permaneci\u00f3 sobre la pista.\u00a0<\/p>\n<p class=\"paragraph\">En el segundo choque, el Casademont Zaragoza <b>dobleg\u00f3 al Woori Bank (87-63),<\/b> de nuevo con otra gran exhibici\u00f3n de Veronika Vorackova. La escolta aport\u00f3 14 puntos, 6 rebotes, 8 asistencias y una recuperaci\u00f3n. Adem\u00e1s, Aminata Gueye, que tambi\u00e9n hab\u00eda brillado en la jornada inaugural, finaliz\u00f3 el segundo partido con 20 tantos, 6 capturas y 4 pases de canasta en 23 minutos de juego. Ornella Bankol\u00e9, con 17 puntos, y Helena Pueyo, con 16, tambi\u00e9n ofrecieron un gran rendimiento.\u00a0<\/p>\n","protected":false},"excerpt":{"rendered":"El Casademont Zaragoza se mide este mi\u00e9rcoles con el\u00a0Fujitsu Red japon\u00e9s, a partir de las 7.00 -hora espa\u00f1ola-&hellip;\n","protected":false},"author":2,"featured_media":88696,"comment_status":"","ping_status":"","sticky":false,"template":"","format":"standard","meta":{"footnotes":""},"categories":[269],"tags":[1399,299,298,2511,168,25,24,293,23,167,2393,491],"class_list":{"0":"post-88695","1":"post","2":"type-post","3":"status-publish","4":"format-standard","5":"has-post-thumbnail","7":"category-baloncesto","8":"tag-afronta","9":"tag-baloncesto","10":"tag-basketball","11":"tag-casademont","12":"tag-deportes","13":"tag-es","14":"tag-espana","15":"tag-jornada","16":"tag-spain","17":"tag-sports","18":"tag-tercera","19":"tag-zaragoza"},"share_on_mastodon":{"url":"","error":""},"_links":{"self":[{"href":"https:\/\/www.europesays.com\/es\/wp-json\/wp\/v2\/posts\/88695","targetHints":{"allow":["GET"]}}],"collection":[{"href":"https:\/\/www.europesays.com\/es\/wp-json\/wp\/v2\/posts"}],"about":[{"href":"https:\/\/www.europesays.com\/es\/wp-json\/wp\/v2\/types\/post"}],"author":[{"embeddable":true,"href":"https:\/\/www.europesays.com\/es\/wp-json\/wp\/v2\/users\/2"}],"replies":[{"embeddable":true,"href":"https:\/\/www.europesays.com\/es\/wp-json\/wp\/v2\/comments?post=88695"}],"version-history":[{"count":0,"href":"https:\/\/www.europesays.com\/es\/wp-json\/wp\/v2\/posts\/88695\/revisions"}],"wp:featuredmedia":[{"embeddable":true,"href":"https:\/\/www.europesays.com\/es\/wp-json\/wp\/v2\/media\/88696"}],"wp:attachment":[{"href":"https:\/\/www.europesays.com\/es\/wp-json\/wp\/v2\/media?parent=88695"}],"wp:term":[{"taxonomy":"category","embeddable":true,"href":"https:\/\/www.europesays.com\/es\/wp-json\/wp\/v2\/categories?post=88695"},{"taxonomy":"post_tag","embeddable":true,"href":"https:\/\/www.europesays.com\/es\/wp-json\/wp\/v2\/tags?post=88695"}],"curies":[{"name":"wp","href":"https:\/\/api.w.org\/{rel}","templated":true}]}}