{"id":88711,"date":"2025-09-02T17:02:15","date_gmt":"2025-09-02T17:02:15","guid":{"rendered":"https:\/\/www.europesays.com\/es\/88711\/"},"modified":"2025-09-02T17:02:15","modified_gmt":"2025-09-02T17:02:15","slug":"donde-ver-en-television-y-online-el-partido-de-alcaraz-hoy-del-us-open-y-a-que-hora-juega-contra-lehecka","status":"publish","type":"post","link":"https:\/\/www.europesays.com\/es\/88711\/","title":{"rendered":"D\u00f3nde ver en televisi\u00f3n y online el partido de Alcaraz hoy del US Open y a qu\u00e9 hora juega contra Lehecka"},"content":{"rendered":"<p><img decoding=\"async\" class=\"voc-author__img\" src=\"https:\/\/www.europesays.com\/es\/wp-content\/uploads\/2025\/08\/autor-1079-foto-10.jpeg\" alt=\"Laura Marta\"\/><\/p>\n<p class=\"voc-p\" style=\"\">Empieza a soltarse <strong>Carlos Alcaraz<\/strong> en este <a href=\"https:\/\/www.usopen.org\/index.html\" title=\"www.usopen.org\" data-voc-vtm-id=\"in-text-traffic\" data-mrf-link=\"www.usopen.org\" rel=\"nofollow noopener\" target=\"_blank\">US Open<\/a>. Se hab\u00eda deshecho de Reilly Opelka, Mattia Bellucci y Luciano Darderi casi sin despeinarse, ante Arthur Rinderknech tuvo que activar alguna soluci\u00f3n de m\u00e1s cuando su tneis no parec\u00eda tan fluido. Y ya hasta solt\u00f3 alg\u00fan chispazo de genialidad como ese <a href=\"https:\/\/www.abc.es\/deportes\/tenis\/toquecito-magico-alcaraz-enloquecio-publico-open-20250831204207-nt.html\" title=\"www.abc.es\" data-voc-vtm-id=\"in-text-traffic\" data-mrf-link=\"www.abc.es\" rel=\"nofollow noopener\" target=\"_blank\">golpe por detr\u00e1s de la espalda<\/a> que levant\u00f3 a la grada de la Arthur Ashe.<\/p>\n<p class=\"voc-p\" style=\"\">En cuartos de final, el espa\u00f1ol necesitar\u00e1 mucho m\u00e1s, sobre todo ritmo, que es la palabra que m\u00e1s se le ha escuchado en estos d\u00edas, porque <strong>Jiri Lehecka<\/strong> obliga a subir el nivel y hasta el momento todo ha sido demasiado r\u00e1pido, demasiado a su modo. Pero el checo, despu\u00e9s de una lesi\u00f3n en la espalda que lo castig\u00f3 durante varios meses, se prodiga en la pista r\u00e1pida gracias a la dureza de sus golpes, en\u00e9rgico en sus desplazamientos y con un ca\u00f1\u00f3n en la mano para castigar desde el fondo. <\/p>\n<p class=\"voc-p\" style=\"\">Lehecka, 23 a\u00f1os, bati\u00f3 a Borna Coric (3-6, 6-4, 7-6 (5) y 6-1), a Tom\u00e1s Etcheverry (3-6, 6-0, 6-2 y 6-4), a Raphael Collignon (6-4, 6-4 y 6-4) y a Adrian mannarino (7-6 (4), 6-4, 2-6 y 6-2) y reta al espa\u00f1ol desde el puesto 21 del mundo (aunque ser\u00e1 15 desde el lunes), desde ese asomarse a las grandes rondas desde hace un tiempo ya, desde esa final contra el murciano en Queen&#8217;s este verano, desde ese t\u00edtulo en Brisbane a principio de curso. \u00abLa mejor arma de Alcaraz es que sabe reaccionar cuando el rival est\u00e1 jugando bien y est\u00e1 jugando m\u00e1s de una forma o de otra\u00bb, es consciente el checo.<\/p>\n<p class=\"voc-p\" style=\"\">Tambi\u00e9n Alcaraz conoce bien a Lehecka, pues este ser\u00e1 el cuarto enfrentamiento y con un 2-1 en el cara a cara. Las victorias del espa\u00f1ol llegaron en Queens, tanto de forma asequible en los octavos de 2023 (6-2 y 6-3), como en la peleada final de este a\u00f1o (7-5, 6-7 (5) y 6-2). Pero el de Mlada Boleslav venci\u00f3 en los cuartos de final de Doha a principios de curso (6-3, 3-6 y 6-4).<\/p>\n<p class=\"voc-p\" style=\"\">Pero avisa este Alcaraz de corte recluta y paseo militar en cada actuaci\u00f3n. \u00abF\u00edsicamente me encuentro muy bien, con cero problemas. Cuidando peque\u00f1as cositas, pero en general cero problemas y eso es lo que me da mucha confianza y tranquilidad. Obviamente los resultados est\u00e1n acompa\u00f1ando, estoy sintiendo la bola muy bien y llegamos a unos cuartos de final sintiendo la bola espectacular. Es mi mejor momento mentalmente\u00bb.<\/p>\n<p>\n\u00bfA qu\u00e9 hora juega Carlos Alcaraz el partido de cuartos del US Open?\n<\/p>\n<p class=\"voc-p\" style=\"\">El partido entre Carlos Alcaraz y Jiri Lehecka est\u00e1 programado para este martes 2 de septiembre. En el segundo turno de la jornada matinal, despu\u00e9s del choque entre Pegula y Krejcikova, por lo que el espa\u00f1ol empezar\u00eda <strong>sobre las 19.00 horas<\/strong>.<\/p>\n<p>\n\u00bfD\u00f3nde ver en televisi\u00f3n y online el partido de Carlos Alcaraz hoy en el US Open?\n<\/p>\n<p class=\"voc-p\" style=\"\">El partido entre Alcaraz y Lehecka se emite por Movistar+, plataforma que tiene los derechos del Grand Slam de Nueva York. <\/p>\n<p class=\"voc-p\" style=\"\">Y podr\u00e1 seguir el minuto a minuto y toda la informaci\u00f3n sobre el torneo en ABC.es<\/p>\n<p>Reportar un error<\/p>\n","protected":false},"excerpt":{"rendered":"Empieza a soltarse Carlos Alcaraz en este US Open. Se hab\u00eda deshecho de Reilly Opelka, Mattia Bellucci y&hellip;\n","protected":false},"author":2,"featured_media":88712,"comment_status":"","ping_status":"","sticky":false,"template":"","format":"standard","meta":{"footnotes":""},"categories":[93],"tags":[4736,4632,11059,168,25,24,319,315,32545,133,5829,1045,23,167,807,809],"class_list":{"0":"post-88711","1":"post","2":"type-post","3":"status-publish","4":"format-standard","5":"has-post-thumbnail","7":"category-deportes","8":"tag-alcaraz","9":"tag-canal","10":"tag-cuartos","11":"tag-deportes","12":"tag-es","13":"tag-espana","14":"tag-horario","15":"tag-hoy","16":"tag-lehecka","17":"tag-online","18":"tag-open","19":"tag-partido","20":"tag-spain","21":"tag-sports","22":"tag-television","23":"tag-ver"},"share_on_mastodon":{"url":"","error":""},"_links":{"self":[{"href":"https:\/\/www.europesays.com\/es\/wp-json\/wp\/v2\/posts\/88711","targetHints":{"allow":["GET"]}}],"collection":[{"href":"https:\/\/www.europesays.com\/es\/wp-json\/wp\/v2\/posts"}],"about":[{"href":"https:\/\/www.europesays.com\/es\/wp-json\/wp\/v2\/types\/post"}],"author":[{"embeddable":true,"href":"https:\/\/www.europesays.com\/es\/wp-json\/wp\/v2\/users\/2"}],"replies":[{"embeddable":true,"href":"https:\/\/www.europesays.com\/es\/wp-json\/wp\/v2\/comments?post=88711"}],"version-history":[{"count":0,"href":"https:\/\/www.europesays.com\/es\/wp-json\/wp\/v2\/posts\/88711\/revisions"}],"wp:featuredmedia":[{"embeddable":true,"href":"https:\/\/www.europesays.com\/es\/wp-json\/wp\/v2\/media\/88712"}],"wp:attachment":[{"href":"https:\/\/www.europesays.com\/es\/wp-json\/wp\/v2\/media?parent=88711"}],"wp:term":[{"taxonomy":"category","embeddable":true,"href":"https:\/\/www.europesays.com\/es\/wp-json\/wp\/v2\/categories?post=88711"},{"taxonomy":"post_tag","embeddable":true,"href":"https:\/\/www.europesays.com\/es\/wp-json\/wp\/v2\/tags?post=88711"}],"curies":[{"name":"wp","href":"https:\/\/api.w.org\/{rel}","templated":true}]}}