{"id":88713,"date":"2025-09-02T17:03:09","date_gmt":"2025-09-02T17:03:09","guid":{"rendered":"https:\/\/www.europesays.com\/es\/88713\/"},"modified":"2025-09-02T17:03:09","modified_gmt":"2025-09-02T17:03:09","slug":"las-bacterias-que-viven-se-acumulaban-en-el-cerebro","status":"publish","type":"post","link":"https:\/\/www.europesays.com\/es\/88713\/","title":{"rendered":"&#8216;Las bacterias que viven se acumulaban en el cerebro&#8217;"},"content":{"rendered":"<p>Un equipo de cient\u00edficos del Instituto de Investigaciones de Buck, en Estados Unidos, ha descubierto que <b>el sistema inmunol\u00f3gico intestinal se encuentra alterado en modelos murinos de la enfermedad de Alzheimer.\u00a0<\/b><\/p>\n<p>Dicha investigaci\u00f3n, publicada en la revista Cell Reports, abre la puerta a nuevas estrategias terap\u00e9uticas al demostrar c\u00f3mo ciertas c\u00e9lulas inmunitarias se desplazan entre el intestino y el cerebro, <b>afectando potencialmente el curso de las enfermedades neurodegenerativas.\u00a0<\/b><\/p>\n<p>Seg\u00fan los autores, una <b>dieta rica en fibra <\/b>logr\u00f3 reducir la fragilidad en los ratones afectados, incluyendo temblores, lo que refuerza la conexi\u00f3n entre la microbiota intestinal y el sistema nervioso central.<\/p>\n<p class=\"c-leatambien__titulo\"> LEA TAMBI\u00c9N <\/p>\n<p><img decoding=\"async\" alt=\"M\u00e9dico\" width=\"120\" height=\"120\" loading=\"lazy\" src=\"https:\/\/imagenes.eltiempo.com\/files\/image_120_120\/files\/fp\/uploads\/2025\/08\/29\/68b1d36c44634.r_d.2353-464.jpeg\" data-full-src=\"https:\/\/www.europesays.com\/es\/wp-content\/uploads\/2025\/09\/68b1d36c44634.jpeg\"\/><\/p>\n<p>El estudio fue dirigido por la investigadora posdoctoral Priya Makhijani y realizado en colaboraci\u00f3n con la Red Universitaria de Salud de la Universidad de Toronto, en Canad\u00e1. Entre sus principales descubrimientos se encuentra la <b>disminuci\u00f3n de linfocitos B productores de anticuerpos en el intestino de los ratones con Alzheimer<\/b>.\u00a0<\/p>\n<p>Dichas c\u00e9lulas, habitualmente responsables de mantener el equilibrio entre el sistema inmunitario y la microbiota, mostraron una firma migratoria que permiti\u00f3 a los investigadores rastrear su presencia no solo en el intestino, sino tambi\u00e9n en el cerebro y su periferia, espec\u00edficamente en la duramadre men\u00edngea.<\/p>\n<p class=\"c-cuerpo__media__txt\">El intestino podr\u00eda ser clave en el tratamiento del Alzheimer, seg\u00fan un nuevo estudio en ratones. Foto:iStock<\/p>\n<p class=\"c-leatambien__titulo\"> LEA TAMBI\u00c9N <\/p>\n<p><img decoding=\"async\" alt=\"Estomago\" width=\"120\" height=\"120\" loading=\"lazy\" src=\"https:\/\/imagenes.eltiempo.com\/files\/image_120_120\/files\/fp\/uploads\/2025\/06\/19\/6854e8bf80f5c.r_d.327-101.png\" data-full-src=\"https:\/\/www.europesays.com\/es\/wp-content\/uploads\/2025\/09\/6854e8bf80f5c.png\"\/>Una posible v\u00eda terap\u00e9utica a trav\u00e9s del eje intestino-cerebro<\/p>\n<p>La identificaci\u00f3n de <b>linfocitos B<\/b> espec\u00edficos del intestino en zonas cerebrales sugiere un mecanismo migratorio de largo alcance a trav\u00e9s del eje intestino-cerebro. Este hallazgo se vio reforzado por an\u00e1lisis de datos de cerebros humanos con Alzheimer, en los que tambi\u00e9n se detect\u00f3 dicha firma migratoria.\u00a0<\/p>\n<p>Makhijani ha destacado que \u201csorprendentemente, descubrimos que estas c\u00e9lulas inmunitarias en la frontera cerebral, que reconocen las bacterias que viven en los intestinos, se acumulaban en el cerebro con Alzheimer\u201d. Adem\u00e1s, el equipo hall\u00f3 que <b>la gl\u00eda<\/b> (c\u00e9lulas inflamatorias del cerebro implicadas en el Alzheimer) produc\u00eda en mayores niveles una quimiocina conocida por facilitar este tipo de migraci\u00f3n celular, lo que apunta a una posible retroalimentaci\u00f3n inflamatoria entre intestino y cerebro.<\/p>\n<p class=\"c-cuerpo__media__txt\">C\u00e9lulas inmunitarias del intestino migran al cerebro y se acumulan en pacientes con Alzheimer. Foto:iStock<\/p>\n<p>Para validar estos mecanismos, los investigadores utilizaron un f\u00e1rmaco de mol\u00e9cula peque\u00f1a con el fin de bloquear la actividad en el eje intestino-cerebro, obteniendo <b>resultados que sugieren la existencia de un sistema inmunol\u00f3gico migratorio con capacidad de afectar a nivel neurol\u00f3gico.\u00a0<\/b><\/p>\n<p>En palabras del coautor principal, Daniel Winer, \u201ceste art\u00edculo sit\u00faa al sistema inmunitario intestinal en la vanguardia de la patolog\u00eda de las enfermedades neurodegenerativas (&#8230;) Dado su tama\u00f1o y la capacidad de las c\u00e9lulas para desplazarse, es l\u00f3gico que estas c\u00e9lulas inmunitarias tengan la capacidad de influir en la fisiolog\u00eda general\u201d.<\/p>\n<p class=\"c-cuerpo__media__txt\">Detectan linfocitos intestinales en el cerebro y sugieren posible terapia para el Alzheimer. Foto:iStock<\/p>\n<p class=\"c-leatambien__titulo\"> LEA TAMBI\u00c9N <\/p>\n<p><img decoding=\"async\" alt=\"En el estudio fue realizado a 108 pacientes\" width=\"120\" height=\"120\" loading=\"lazy\" src=\"https:\/\/imagenes.eltiempo.com\/files\/image_120_120\/files\/fp\/uploads\/2024\/11\/25\/6745122cdf0e0.r_d.1073-463.jpeg\" data-full-src=\"https:\/\/www.europesays.com\/es\/wp-content\/uploads\/2025\/09\/6745122cdf0e0.jpeg\"\/>Beneficios de una dieta rica en fibra<\/p>\n<p>Uno de los aportes m\u00e1s significativos del estudio fue el <b>uso de la inulina<\/b>, una fibra prebi\u00f3tica con propiedades antiinflamatorias, que permiti\u00f3 restablecer el equilibrio intestinal en ratones con Alzheimer. Esta intervenci\u00f3n<b> redujo tambi\u00e9n la se\u00f1alizaci\u00f3n de quimiocinas en el cerebro y mitig\u00f3 s\u00edntomas f\u00edsicos relacionados con la enfermedad.\u00a0<\/b><\/p>\n<p>\u201cObservamos que estas c\u00e9lulas migratorias se repon\u00edan en el intestino y que la fragilidad relacionada con la enfermedad de Alzheimer, incluido el temblor, se reduc\u00eda en los animales\u201d, afirmaron los investigadores, quienes constataron adem\u00e1s una mayor esperanza y calidad de vida en los ratones tratados con esta dieta.<\/p>\n<p class=\"c-cuerpo__media__txt\">Una dieta rica en fibra reduce temblores y mejora la calidad de vida en ratones con Alzheimer. Foto:iStock<\/p>\n<p>Aunque los resultados son prometedores, los cient\u00edficos enfatizan la necesidad de m\u00e1s estudios para determinar si los cambios inmunol\u00f3gicos observados son una respuesta a la patolog\u00eda cerebral o un factor causal.\u00a0<\/p>\n<p>Winer plante\u00f3 la posibilidad de que <b>los da\u00f1os relacionados con la edad sean el detonante de la inflamaci\u00f3n cerebral en el Alzheimer<\/b>: \u201cAl principio, el proceso probablemente sea protector, pero con el tiempo el intestino se ve comprometido, lo que facilita la proliferaci\u00f3n de bacterias m\u00e1s peligrosas, lo que alimenta la inflamaci\u00f3n en todo el cuerpo\u201d.<\/p>\n<p class=\"c-leatambien__titulo\"> LEA TAMBI\u00c9N <\/p>\n<p><img decoding=\"async\" alt=\"Alzheimer\" width=\"120\" height=\"120\" loading=\"lazy\" src=\"https:\/\/imagenes.eltiempo.com\/files\/image_120_120\/uploads\/2025\/08\/21\/68a73f9e421c1.png\" data-full-src=\"https:\/\/www.europesays.com\/es\/wp-content\/uploads\/2025\/09\/68a73f9e421c1.png\"\/><\/p>\n<p>La coautora principal Jule Andersen se\u00f1al\u00f3 que este trabajo representa la investigaci\u00f3n \u00abm\u00e1s exhaustiva\u00bb del sistema inmunitario intestinal en un modelo de enfermedad neurodegenerativa, y expres\u00f3 su inter\u00e9s en explorar este enfoque en otros trastornos como el Parkinson y la esclerosis m\u00faltiple.<\/p>\n<p>Europa Press<\/p>\n<p>M\u00e1s noticias en EL TIEMPO<\/p>\n<p>*Este contenido fue reescrito con la asistencia de una inteligencia artificial, basado en la informaci\u00f3n publicada por Europa Press, y cont\u00f3 con la revisi\u00f3n de la periodista y un editor.<\/p>\n","protected":false},"excerpt":{"rendered":"Un equipo de cient\u00edficos del Instituto de Investigaciones de Buck, en Estados Unidos, ha descubierto que el sistema&hellip;\n","protected":false},"author":2,"featured_media":88714,"comment_status":"","ping_status":"","sticky":false,"template":"","format":"standard","meta":{"footnotes":""},"categories":[92],"tags":[3350,21854,2670,12554,25,24,1292,165,166,32546,23],"class_list":{"0":"post-88713","1":"post","2":"type-post","3":"status-publish","4":"format-standard","5":"has-post-thumbnail","7":"category-salud","8":"tag-alzheimer","9":"tag-bacterias","10":"tag-cerebro","11":"tag-clave","12":"tag-es","13":"tag-espana","14":"tag-estudio","15":"tag-health","16":"tag-salud","17":"tag-sistema-digestivo","18":"tag-spain"},"share_on_mastodon":{"url":"","error":""},"_links":{"self":[{"href":"https:\/\/www.europesays.com\/es\/wp-json\/wp\/v2\/posts\/88713","targetHints":{"allow":["GET"]}}],"collection":[{"href":"https:\/\/www.europesays.com\/es\/wp-json\/wp\/v2\/posts"}],"about":[{"href":"https:\/\/www.europesays.com\/es\/wp-json\/wp\/v2\/types\/post"}],"author":[{"embeddable":true,"href":"https:\/\/www.europesays.com\/es\/wp-json\/wp\/v2\/users\/2"}],"replies":[{"embeddable":true,"href":"https:\/\/www.europesays.com\/es\/wp-json\/wp\/v2\/comments?post=88713"}],"version-history":[{"count":0,"href":"https:\/\/www.europesays.com\/es\/wp-json\/wp\/v2\/posts\/88713\/revisions"}],"wp:featuredmedia":[{"embeddable":true,"href":"https:\/\/www.europesays.com\/es\/wp-json\/wp\/v2\/media\/88714"}],"wp:attachment":[{"href":"https:\/\/www.europesays.com\/es\/wp-json\/wp\/v2\/media?parent=88713"}],"wp:term":[{"taxonomy":"category","embeddable":true,"href":"https:\/\/www.europesays.com\/es\/wp-json\/wp\/v2\/categories?post=88713"},{"taxonomy":"post_tag","embeddable":true,"href":"https:\/\/www.europesays.com\/es\/wp-json\/wp\/v2\/tags?post=88713"}],"curies":[{"name":"wp","href":"https:\/\/api.w.org\/{rel}","templated":true}]}}