{"id":88753,"date":"2025-09-02T17:26:07","date_gmt":"2025-09-02T17:26:07","guid":{"rendered":"https:\/\/www.europesays.com\/es\/88753\/"},"modified":"2025-09-02T17:26:07","modified_gmt":"2025-09-02T17:26:07","slug":"noticias-breves-2-de-septiembre-de-2025-isanidad","status":"publish","type":"post","link":"https:\/\/www.europesays.com\/es\/88753\/","title":{"rendered":"Noticias breves. 2 de septiembre de 2025 &#8211; iSanidad"},"content":{"rendered":"<ol>\n<li><a href=\"https:\/\/news.google.com\/rss\/articles\/CBMid0FVX3lxTE5hUjB2RC1FVktnaE1hVEdWckJBT05ubjJpaV9CaE1rbzRDbExGNDVSa2taLWtvRmtoRVJkN0Q4a0xILXh2ZEx0aEpXamFXb3FpZnNMSFUtTVhnLXhWNU5IMm12eE9pY05FeTdCek1VWDZhei1TR1o4?oc=5\" target=\"_blank\" rel=\"nofollow noopener\">Noticias breves. 2 de septiembre de 2025<\/a>&nbsp;&nbsp;iSanidad<\/li>\n<li><a href=\"https:\/\/news.google.com\/rss\/articles\/CBMiwgFBVV95cUxNQl9zUlFYckJSd1pfSC04Um4yY0FpNG41XzRLdFBQMkR0UldMS1RCOXFJZ3RqNk1OR0loVFJac243OUtJeUdMNUtZN1lOZzkwS1Q0WlE5WTluNk51NXNLTklwRVlKZzZZd0dYclZ2cGF5ODFGUVd5VVJ2ZS1PVFkzVmNOZlhfSlR6a3djdUJTMUNXRnluRm5yX2xlaFBGQlV6SWRLSlpQSzJFQ3lqeW9BS2ZZSHRScTBUbm0xLWFRek9ndw?oc=5\" target=\"_blank\" rel=\"nofollow noopener\">Esta dieta tan popular en Europa reduce el riesgo de diabetes, seg\u00fan un estudio<\/a>&nbsp;&nbsp;La Naci\u00f3n<\/li>\n<li><a href=\"https:\/\/news.google.com\/rss\/articles\/CBMiY0FVX3lxTE02SDU3LUFjb0xzRFlINzhRdE9IVlVxLTNmNHNqZnRTSkNxNGtGUGplX3dfempITFFfLXExdDlzeWtwNFhvMHR5NFBTQWtSOWhCSDRkenZ4bi1kZzVmczZISmZKYw?oc=5\" target=\"_blank\" rel=\"nofollow noopener\">SINC<\/a>&nbsp;&nbsp;Agencia SINC<\/li>\n<li><a href=\"https:\/\/news.google.com\/rss\/articles\/CBMi5AFBVV95cUxQU0ZFc2hzUnJxRTRDNlBhZHZWLXNYTWYxbTJ2bkUzUUt4aXJkR3F5MFpTWUN1Zl9HczlCTDcyUFZTbVVvLWVJaW83bExEdEMya1pNSVpVdmtDYl9pcFdGLWJ0ZmRIR2VVbmpPV1lJMWlGNlVSZzdwWVJUelhaV21zWlYxazBYbWtqRGhRbjBQTEFzRnUyVTNSd3ozTzJtQTRjWE13QnUzUDdMZGlETEdlbEpYYVQzZnlCTWJadVNkS2lqX05yNUZ6ZWFkemFxRGxMRThDQlJMczQzZDBmN28wcVc3UHY?oc=5\" target=\"_blank\" rel=\"nofollow noopener\">El alimento que debes incluir en tu dieta para reducir la diabetes y mejorar tu salud: lo dice la ciencia<\/a>&nbsp;&nbsp;COPE<\/li>\n<li><a href=\"https:\/\/news.google.com\/rss\/articles\/CBMi9AFBVV95cUxPc0F0Zy1nVE1GbWJpdEY4LXR1OUhzOFVFdWRQVEpsY0hSLWhrUDhiVFcyZFRhM2dId0FqREZHdnZtYllRcHQxTVZsWTBtUGFSMW5qWGp1cFhmLWhXOUtzcGw5X3lZa25lSzBCcnBGb054N3hSU0FiRkNOUXRZTzVIb0EzdzNXcUZmbkxvUDllbkdPZHBsLWQtZXhvdF8zOGthUzRNaGRkb2NFN0FsZF93UWttcTNweXd5dk1QR1c2SHRXVDdhWjgxcllEQ0pGVDY3bUN3eFVWSVdpbjlFQzQwdWUyeHgwSnJWMWdCanhFSk41ak5E?oc=5\" target=\"_blank\" rel=\"nofollow noopener\">La dieta mediterr\u00e1nea hipocal\u00f3rica combinada con actividad f\u00edsica reduce el riesgo de desarrollar diabetes<\/a>&nbsp;&nbsp;uma.es<\/li>\n<\/ol>\n","protected":false},"excerpt":{"rendered":"Noticias breves. 2 de septiembre de 2025&nbsp;&nbsp;iSanidad Esta dieta tan popular en Europa reduce el riesgo de diabetes,&hellip;\n","protected":false},"author":2,"featured_media":14837,"comment_status":"","ping_status":"","sticky":false,"template":"","format":"standard","meta":{"footnotes":""},"categories":[92],"tags":[517,9851,4807,25,24,32547,165,32548,29468,166,23,32549],"class_list":{"0":"post-88753","1":"post","2":"type-post","3":"status-publish","4":"format-standard","5":"has-post-thumbnail","7":"category-salud","8":"tag-actualidad","9":"tag-breves","10":"tag-diabetes","11":"tag-es","12":"tag-espana","13":"tag-fundacion-puigvert","14":"tag-health","15":"tag-la-paz","16":"tag-miranza","17":"tag-salud","18":"tag-spain","19":"tag-ticare"},"share_on_mastodon":{"url":"","error":""},"_links":{"self":[{"href":"https:\/\/www.europesays.com\/es\/wp-json\/wp\/v2\/posts\/88753","targetHints":{"allow":["GET"]}}],"collection":[{"href":"https:\/\/www.europesays.com\/es\/wp-json\/wp\/v2\/posts"}],"about":[{"href":"https:\/\/www.europesays.com\/es\/wp-json\/wp\/v2\/types\/post"}],"author":[{"embeddable":true,"href":"https:\/\/www.europesays.com\/es\/wp-json\/wp\/v2\/users\/2"}],"replies":[{"embeddable":true,"href":"https:\/\/www.europesays.com\/es\/wp-json\/wp\/v2\/comments?post=88753"}],"version-history":[{"count":0,"href":"https:\/\/www.europesays.com\/es\/wp-json\/wp\/v2\/posts\/88753\/revisions"}],"wp:featuredmedia":[{"embeddable":true,"href":"https:\/\/www.europesays.com\/es\/wp-json\/wp\/v2\/media\/14837"}],"wp:attachment":[{"href":"https:\/\/www.europesays.com\/es\/wp-json\/wp\/v2\/media?parent=88753"}],"wp:term":[{"taxonomy":"category","embeddable":true,"href":"https:\/\/www.europesays.com\/es\/wp-json\/wp\/v2\/categories?post=88753"},{"taxonomy":"post_tag","embeddable":true,"href":"https:\/\/www.europesays.com\/es\/wp-json\/wp\/v2\/tags?post=88753"}],"curies":[{"name":"wp","href":"https:\/\/api.w.org\/{rel}","templated":true}]}}