{"id":88836,"date":"2025-09-02T18:20:09","date_gmt":"2025-09-02T18:20:09","guid":{"rendered":"https:\/\/www.europesays.com\/es\/88836\/"},"modified":"2025-09-02T18:20:09","modified_gmt":"2025-09-02T18:20:09","slug":"chorlito-de-conde-de-mayalde-abre-la-tarde-en-colmenar-viejo","status":"publish","type":"post","link":"https:\/\/www.europesays.com\/es\/88836\/","title":{"rendered":"Chorlito, de Conde de Mayalde, abre la tarde en Colmenar Viejo"},"content":{"rendered":"<p>Los toros de <strong>Conde de Mayalde<\/strong> anunciados para el cuarto festejo de la <strong>Feria de los Remedios<\/strong> de <strong>Colmenar Viejo<\/strong> han sido enchiquerados este mediod\u00eda en el coso de La Corredera. <strong>Jos\u00e9 Mar\u00eda Manzanares, Juan Ortega<\/strong> y <strong>Pablo Aguado<\/strong>, que sustituye a <strong>Morante de la Puebla<\/strong>, ser\u00e1n los encargados de su lidia. Los dos sobreros pertenecen a la ganader\u00eda titular. Este es el orden de lidia:<\/p>\n<p><a href=\"https:\/\/www.europesays.com\/es\/wp-content\/uploads\/2025\/09\/thumbnail_ordencolmenar2sep25.jpeg\"><img fetchpriority=\"high\" decoding=\"async\" class=\"alignnone wp-image-542392 size-full lazy\" src=\"https:\/\/www.europesays.com\/es\/wp-content\/uploads\/2025\/09\/thumbnail_ordencolmenar2sep25.jpeg\" alt=\"\" width=\"1280\" height=\"1024\"  data-\/><\/a><\/p>\n","protected":false},"excerpt":{"rendered":"Los toros de Conde de Mayalde anunciados para el cuarto festejo de la Feria de los Remedios de&hellip;\n","protected":false},"author":2,"featured_media":88837,"comment_status":"","ping_status":"","sticky":false,"template":"","format":"standard","meta":{"footnotes":""},"categories":[277],"tags":[45,373,31148,21502,168,25,24,12070,4035,4037,23,167,374],"class_list":{"0":"post-88836","1":"post","2":"type-post","3":"status-publish","4":"format-standard","5":"has-post-thumbnail","7":"category-toreo","8":"tag-45","9":"tag-bullfighting","10":"tag-colmenar-viejo","11":"tag-conde-de-mayalde","12":"tag-deportes","13":"tag-es","14":"tag-espana","15":"tag-jose-maria-manzanares","16":"tag-juan-ortega","17":"tag-pablo-aguado","18":"tag-spain","19":"tag-sports","20":"tag-toreo"},"share_on_mastodon":{"url":"","error":""},"_links":{"self":[{"href":"https:\/\/www.europesays.com\/es\/wp-json\/wp\/v2\/posts\/88836","targetHints":{"allow":["GET"]}}],"collection":[{"href":"https:\/\/www.europesays.com\/es\/wp-json\/wp\/v2\/posts"}],"about":[{"href":"https:\/\/www.europesays.com\/es\/wp-json\/wp\/v2\/types\/post"}],"author":[{"embeddable":true,"href":"https:\/\/www.europesays.com\/es\/wp-json\/wp\/v2\/users\/2"}],"replies":[{"embeddable":true,"href":"https:\/\/www.europesays.com\/es\/wp-json\/wp\/v2\/comments?post=88836"}],"version-history":[{"count":0,"href":"https:\/\/www.europesays.com\/es\/wp-json\/wp\/v2\/posts\/88836\/revisions"}],"wp:featuredmedia":[{"embeddable":true,"href":"https:\/\/www.europesays.com\/es\/wp-json\/wp\/v2\/media\/88837"}],"wp:attachment":[{"href":"https:\/\/www.europesays.com\/es\/wp-json\/wp\/v2\/media?parent=88836"}],"wp:term":[{"taxonomy":"category","embeddable":true,"href":"https:\/\/www.europesays.com\/es\/wp-json\/wp\/v2\/categories?post=88836"},{"taxonomy":"post_tag","embeddable":true,"href":"https:\/\/www.europesays.com\/es\/wp-json\/wp\/v2\/tags?post=88836"}],"curies":[{"name":"wp","href":"https:\/\/api.w.org\/{rel}","templated":true}]}}