{"id":88858,"date":"2025-09-02T18:35:08","date_gmt":"2025-09-02T18:35:08","guid":{"rendered":"https:\/\/www.europesays.com\/es\/88858\/"},"modified":"2025-09-02T18:35:08","modified_gmt":"2025-09-02T18:35:08","slug":"la-vacuna-frente-al-vrs-en-el-embarazo-reduce-un-70-el-riesgo-de-bronquiolitis-grave-en-bebes","status":"publish","type":"post","link":"https:\/\/www.europesays.com\/es\/88858\/","title":{"rendered":"La vacuna frente al VRS en el embarazo reduce un 70% el riesgo de bronquiolitis grave en beb\u00e9s"},"content":{"rendered":"<p><strong>Redacci\u00f3n<br \/><\/strong>El virus respiratorio sincitial (<strong data-start=\"478\" data-end=\"516\">VRS<\/strong>) es la infecci\u00f3n respiratoria m\u00e1s com\u00fan en la infancia y una de las principales amenazas para la salud de los reci\u00e9n nacidos. Se estima que hasta el <strong data-start=\"665\" data-end=\"735\">90% de los ni\u00f1os se infectan durante los dos primeros a\u00f1os de vida<\/strong>, y en los casos m\u00e1s graves puede requerir hospitalizaci\u00f3n, cuidados intensivos o incluso ser letal.<\/p>\n<p data-start=\"839\" data-end=\"1403\">En Espa\u00f1a, el VRS causa cada a\u00f1o entre <strong data-start=\"878\" data-end=\"935\">7.000 y 14.000 hospitalizaciones en menores de 2 a\u00f1os<\/strong>, con picos de contagio entre finales de oto\u00f1o e invierno. Ante esta situaci\u00f3n, el <strong data-start=\"1018\" data-end=\"1076\">Dr. Santiago Novoa, ginec\u00f3logo de Policl\u00ednica Gipuzkoa<\/strong>, recuerda que ya existen medidas preventivas eficaces para proteger a los m\u00e1s peque\u00f1os. \u00abDisponemos de dos estrategias: la vacunaci\u00f3n de las embarazadas entre las semanas 24 y 36 con la vacuna Abrysvo, que transfiere anticuerpos al beb\u00e9 a trav\u00e9s de la placenta, y la inmunizaci\u00f3n directa del reci\u00e9n nacido con nirsevimab\u00bb.<\/p>\n<p data-start=\"1405\" data-end=\"1700\">Con la llegada de septiembre, se inicia la recomendaci\u00f3n de <strong data-start=\"1465\" data-end=\"1513\">vacunaci\u00f3n frente al VRS durante el embarazo<\/strong>. Entre septiembre y enero se aconseja administrar Abrysvo a las embarazadas, mientras que entre octubre y marzo se recomienda proteger directamente a los reci\u00e9n nacidos con nirsevimab.<\/p>\n<p><strong>Protecci\u00f3n desde el primer d\u00eda de vida<\/strong><\/p>\n<p data-start=\"1747\" data-end=\"2223\">Aunque la mayor\u00eda de las mujeres han estado expuestas al <strong>VRS en la infancia<\/strong>, los anticuerpos adquiridos de forma natural no son suficientes para proteger al beb\u00e9. \u201cAdministrar la vacuna a la madre durante el embarazo aumenta sus niveles de anticuerpos y estos se transmiten al feto. As\u00ed conseguimos que el reci\u00e9n nacido est\u00e9 protegido desde el primer d\u00eda de vida, reduciendo hasta en un 70% el riesgo de bronquiolitis grave durante sus primeros seis meses\u201d, explica Novoa.<\/p>\n<p data-start=\"2225\" data-end=\"2483\">En los casos de parto prematuro, cuando no han pasado 14 d\u00edas desde la vacunaci\u00f3n materna, o en beb\u00e9s de mayor riesgo (prematuros, con cardiopat\u00edas o inmunodeficiencias), tambi\u00e9n se recomienda administrar nirsevimab para garantizar una protecci\u00f3n adecuada.<\/p>\n<p><strong>Situaci\u00f3n en Espa\u00f1a<\/strong><\/p>\n<p data-start=\"2225\" data-end=\"2483\">Aunque la <strong data-start=\"2521\" data-end=\"2569\">vacuna frente al VRS est\u00e1 aprobada en Espa\u00f1a<\/strong>, todav\u00eda <strong>no forma parte del calendario oficial de vacunaci\u00f3n en embarazadas<\/strong>. Sin embargo, desde consultas de ginecolog\u00eda y pediatr\u00eda, las madres pueden informarse y decidir junto a su especialista la mejor estrategia para proteger a sus hijos. \u00abVacunarse es prevenir, y prevenir siempre es la mejor decisi\u00f3n cuando hablamos de la salud de un reci\u00e9n nacido\u00bb, concluye el Dr. Novoa.<\/p>\n","protected":false},"excerpt":{"rendered":"Redacci\u00f3nEl virus respiratorio sincitial (VRS) es la infecci\u00f3n respiratoria m\u00e1s com\u00fan en la infancia y una de las&hellip;\n","protected":false},"author":2,"featured_media":88859,"comment_status":"","ping_status":"","sticky":false,"template":"","format":"standard","meta":{"footnotes":""},"categories":[92],"tags":[32585,929,25,24,165,9111,166,23,1454,30987],"class_list":{"0":"post-88858","1":"post","2":"type-post","3":"status-publish","4":"format-standard","5":"has-post-thumbnail","7":"category-salud","8":"tag-d1","9":"tag-embarazo","10":"tag-es","11":"tag-espana","12":"tag-health","13":"tag-quiron","14":"tag-salud","15":"tag-spain","16":"tag-vacunas","17":"tag-vrs"},"share_on_mastodon":{"url":"","error":""},"_links":{"self":[{"href":"https:\/\/www.europesays.com\/es\/wp-json\/wp\/v2\/posts\/88858","targetHints":{"allow":["GET"]}}],"collection":[{"href":"https:\/\/www.europesays.com\/es\/wp-json\/wp\/v2\/posts"}],"about":[{"href":"https:\/\/www.europesays.com\/es\/wp-json\/wp\/v2\/types\/post"}],"author":[{"embeddable":true,"href":"https:\/\/www.europesays.com\/es\/wp-json\/wp\/v2\/users\/2"}],"replies":[{"embeddable":true,"href":"https:\/\/www.europesays.com\/es\/wp-json\/wp\/v2\/comments?post=88858"}],"version-history":[{"count":0,"href":"https:\/\/www.europesays.com\/es\/wp-json\/wp\/v2\/posts\/88858\/revisions"}],"wp:featuredmedia":[{"embeddable":true,"href":"https:\/\/www.europesays.com\/es\/wp-json\/wp\/v2\/media\/88859"}],"wp:attachment":[{"href":"https:\/\/www.europesays.com\/es\/wp-json\/wp\/v2\/media?parent=88858"}],"wp:term":[{"taxonomy":"category","embeddable":true,"href":"https:\/\/www.europesays.com\/es\/wp-json\/wp\/v2\/categories?post=88858"},{"taxonomy":"post_tag","embeddable":true,"href":"https:\/\/www.europesays.com\/es\/wp-json\/wp\/v2\/tags?post=88858"}],"curies":[{"name":"wp","href":"https:\/\/api.w.org\/{rel}","templated":true}]}}