{"id":88983,"date":"2025-09-02T19:52:07","date_gmt":"2025-09-02T19:52:07","guid":{"rendered":"https:\/\/www.europesays.com\/es\/88983\/"},"modified":"2025-09-02T19:52:07","modified_gmt":"2025-09-02T19:52:07","slug":"el-toreo-caro-de-ortega-fino-tributo-para-el-principe","status":"publish","type":"post","link":"https:\/\/www.europesays.com\/es\/88983\/","title":{"rendered":"El toreo caro de Ortega, fino tributo para el Pr\u00edncipe"},"content":{"rendered":"<p style=\"\">Seguro que El <a href=\"https:\/\/www.abc.es\/cultura\/toros\/miguel-pablo-homenaje-yiyo-20250830222240-nt.html\" target=\"_self\" data-voc-vtm-id=\"in-text-traffic\" title=\"Yiyo\" data-mrf-link=\"www.abc.es\" rel=\"nofollow noopener\">Yiyo<\/a> disfrut\u00f3 desde el cielo del toreo de la \u00faltima de la feria de Colmenar, que se organiz\u00f3 en su honor. Especialmente, le habr\u00eda gustado al pr\u00edncipe  el caro toreo de un  inspirad\u00edsimo <a href=\"https:\/\/www.abc.es\/cultura\/toros\/arte-saben-mandar-poder-llenar-20250808010028-nt.html\" target=\"_self\" data-voc-vtm-id=\"in-text-traffic\" title=\"Ortega\" data-mrf-link=\"www.abc.es\" rel=\"nofollow noopener\">Ortega<\/a> con su segundo, con el que  &#8230; cuaj\u00f3 un faen\u00f3n de dos orejas lleno de originalidad; y del bravo Guardamonte que sali\u00f3 en cuarto lugar, un toro con una calidad superior. Menos suerte tuvo con el lote un siempre torero Aguado, en una corrida que, en l\u00edneas generales, tuvo clase y ganas de embestir.<\/p>\n<p class=\"voc-p\" style=\"\">Hortelano estaba justito de fuerzas, pero con la casta suficiente para permitir a Ortega bordar el toreo, de principio a fin: desde las buenas ver\u00f3nicas, pasando por el quite por tafalleras -en ambas ocasiones, fueron cumbres los lances por el izquierdo-, como con la franela. Con ayudados por alto, profundos, comenz\u00f3 una faena llena de inspiraci\u00f3n y suavidad. Acariciaba las embestidas con su gracia sevillana, dando pases de pecho rodilla en tierra, muletazos pr\u00e1cticamente circulares, y terminando por una mezcla entre arrucinas amanoletinadas concatenadas, en honor a Pepe C\u00e1ceres, tan sorprendentes como arrebatadas, en un final de faena que puso al p\u00fablico en pie. La estocada cobrada a ley, arriba aunque ligeramente delantera, fue mortal de necesidad y puso en sus manos el doble trofeo.<\/p>\n<p class=\"voc-p\" style=\"\">Menos suerte tuvo con el quinto. Pese a las ver\u00f3nicas iniciales, buen\u00edsimas, el toro, abantito, se fue al relance al caballo que hac\u00eda puerta, y pese a que pr\u00e1cticamente no se le metieron las cuerdas, estaba ya picado por la fuerte voltereta que se hab\u00eda pegado durante los lances de recibo. Y otras dos veces clav\u00f3 los pitones en el ruedo durante la faena, qued\u00e1ndose quebrantad\u00edsimo. Una l\u00e1stima, porque no ten\u00eda mala condici\u00f3n, pero no pod\u00eda. Por encima estuvo Ortega, que dej\u00f3 un estoconazo de libro.<\/p>\n<p class=\"voc-p\" style=\"\">El cuarto fue un toro de esc\u00e1ndalo. Lo cuid\u00f3 Manzanares en el inicio, y respondi\u00f3 mejor Guardamonte. El buen trato del matador le hizo sacar unas fuerzas que al principio no se le ve\u00edan, yendo largu\u00edsimo al natural. Y qu\u00e9 decir del pit\u00f3n derecho&#8230; Noble, pronto, repetidor, enclasado, con fijeza, yendo hasta el final, colocando la cara de un modo superior. Un toro de premio gordo. El alicantino, que siempre compone con elegancia, supo llevar esas embestidas con m\u00e9rito, por el viento que soplaba. Incluso alg\u00fan \u00ab\u00a1no lo mates!\u00bb se escuch\u00f3, y es verdad que daba pena. Aunque falt\u00f3 rotundidad, la espada se llev\u00f3 esta vez un premio mayor, cortando una solitaria oreja Jos\u00e9 Mari.<\/p>\n<p class=\"voc-p\" style=\"\">Abri\u00f3 la tarde un flojo toro de Mayalde, protestad\u00edsimo justamente durante los primeros tercios, con el que Manzanares se empe\u00f1\u00f3 en enfadar al personal, estando demasiado tiempo delante del inv\u00e1lido.<\/p>\n<p class=\"voc-p\" style=\"\">Enabocado bien podr\u00eda haberse llamado Encabronado: qu\u00e9 mal genio tuvo el animal que sali\u00f3 en tercer lugar, durante los primeros tercios. Esperaba en banderillas para pegar un arre\u00f3n final, poniendo dos extraordinarios pares Iv\u00e1n Garc\u00eda pese a eso, que pusieron a la plaza en pie. Se dobl\u00f3 Aguado con \u00e9l, \u00a1y qu\u00e9 profundidad le dio a uno de los doblones por el pit\u00f3n izquierdo! de esos muletazos que le compensan a uno la tarde y quedan en la retina. Pero ah\u00ed se acab\u00f3 el temperamental manso, que baj\u00f3 la persiana inmediatamente. Pablo estuvo muy por encima del animal, dejando suaves muletazos por ambas manos. Imposible hacer m\u00e1s con semejante oponente.<\/p>\n<p class=\"voc-p\" style=\"\">Otra voltereta se peg\u00f3 el sexto, que adem\u00e1s empuj\u00f3 en el peto, metiendo la cara y levantando el vilo a la cabalgadura. Baldado sali\u00f3 del caballo este Guardamonte, que esper\u00f3 y cort\u00f3 en banderillas, y poco tuvo que ver con su hermano. Apoyado en las tablas comenz\u00f3 un torero Aguado, que supo sacar el m\u00e1ximo partido de un toro al que le faltaba poder, peroque, adem\u00e1s, era inc\u00f3modo porque tend\u00eda a hacer hilo al final de la serie de muletazos, un tanto pegajoso.<\/p>\n<ul class=\"voc-list\">\n<li class=\"voc-list__item\">\n<strong>Plaza de toros de Colmenar Viejo (Madrid).<\/strong><br \/>\nMartes, 2 de septiembre de 2025. M\u00e1s de \u00be de entrada. Toros de Conde de Mayalde, de justa presentaci\u00f3n y distinto juego, destacando el extraordinario cuarto.\n<\/li>\n<li class=\"voc-list__item\">\n<strong>Jos\u00e9 Mar\u00eda Manzanares,<\/strong><br \/>\nde azul marino y oro. Sablazo (silencio). Pinchazo, estocada corta tendida y descabello (oreja).\n<\/li>\n<li class=\"voc-list__item\">\n<strong>Juan Ortega,<\/strong><br \/>\nde tabaco y oro. Estocada delanterita (dos orejas). Gran estocada (saludos).\n<\/li>\n<li class=\"voc-list__item\">\n<strong>Pablo Aguado,<\/strong><br \/>\nde verde macareno y oro. Dos pinchazos y estocada desprendida (silencio). Tres pinchazos y estocada contraria y un poco atravesada (silencio).\n<\/li>\n<\/ul>\n","protected":false},"excerpt":{"rendered":"Seguro que El Yiyo disfrut\u00f3 desde el cielo del toreo de la \u00faltima de la feria de Colmenar,&hellip;\n","protected":false},"author":2,"featured_media":88984,"comment_status":"","ping_status":"","sticky":false,"template":"","format":"standard","meta":{"footnotes":""},"categories":[277],"tags":[373,29861,168,25,24,32614,4813,14921,23,167,374,17173],"class_list":{"0":"post-88983","1":"post","2":"type-post","3":"status-publish","4":"format-standard","5":"has-post-thumbnail","7":"category-toreo","8":"tag-bullfighting","9":"tag-caro","10":"tag-deportes","11":"tag-es","12":"tag-espana","13":"tag-fino","14":"tag-ortega","15":"tag-principe","16":"tag-spain","17":"tag-sports","18":"tag-toreo","19":"tag-tributo"},"share_on_mastodon":{"url":"","error":""},"_links":{"self":[{"href":"https:\/\/www.europesays.com\/es\/wp-json\/wp\/v2\/posts\/88983","targetHints":{"allow":["GET"]}}],"collection":[{"href":"https:\/\/www.europesays.com\/es\/wp-json\/wp\/v2\/posts"}],"about":[{"href":"https:\/\/www.europesays.com\/es\/wp-json\/wp\/v2\/types\/post"}],"author":[{"embeddable":true,"href":"https:\/\/www.europesays.com\/es\/wp-json\/wp\/v2\/users\/2"}],"replies":[{"embeddable":true,"href":"https:\/\/www.europesays.com\/es\/wp-json\/wp\/v2\/comments?post=88983"}],"version-history":[{"count":0,"href":"https:\/\/www.europesays.com\/es\/wp-json\/wp\/v2\/posts\/88983\/revisions"}],"wp:featuredmedia":[{"embeddable":true,"href":"https:\/\/www.europesays.com\/es\/wp-json\/wp\/v2\/media\/88984"}],"wp:attachment":[{"href":"https:\/\/www.europesays.com\/es\/wp-json\/wp\/v2\/media?parent=88983"}],"wp:term":[{"taxonomy":"category","embeddable":true,"href":"https:\/\/www.europesays.com\/es\/wp-json\/wp\/v2\/categories?post=88983"},{"taxonomy":"post_tag","embeddable":true,"href":"https:\/\/www.europesays.com\/es\/wp-json\/wp\/v2\/tags?post=88983"}],"curies":[{"name":"wp","href":"https:\/\/api.w.org\/{rel}","templated":true}]}}