{"id":88999,"date":"2025-09-02T20:03:08","date_gmt":"2025-09-02T20:03:08","guid":{"rendered":"https:\/\/www.europesays.com\/es\/88999\/"},"modified":"2025-09-02T20:03:08","modified_gmt":"2025-09-02T20:03:08","slug":"bailando-con-las-estrellas-anuncia-a-sus-13-concursantes-famosos-con-anabel-pantoja-y-cierra-fecha-en-telecinco","status":"publish","type":"post","link":"https:\/\/www.europesays.com\/es\/88999\/","title":{"rendered":"&#8216;Bailando con las estrellas&#8217; anuncia a sus 13 concursantes famosos, con Anabel Pantoja, y cierra fecha en Telecinco"},"content":{"rendered":"<p class=\"article-text\">\n        <strong>Telecinco <\/strong>ha presentado en el <strong>FesTVal 2025<\/strong> de Vitoria <strong>Bailando con las estrellas<\/strong>, una de sus principales apuestas de entretenimiento de la temporada. Un formato que vuelve con sus segunda edici\u00f3n, de nuevo con <strong>Jes\u00fas V\u00e1zquez y Valeria Mazza <\/strong>al frente, y con un elenco de<strong> 13 concursantes famosos <\/strong>que la cadena ha confirmado oficialmente junto a la fecha de estreno: el pr\u00f3ximo <strong>s\u00e1bado 13 de septiembre<\/strong>.\n    <\/p>\n<p>    <a href=\"https:\/\/www.eldiario.es\/noticias\/telecinco-bajar-nave-espacial-jesus-vazquez-valeria-mazza-promocionar-bailando-estrellas-video_1_12550936.html\" data-mrf-recirculation=\"saber-mas\" data-dl-event=\"saber-mas\" rel=\"nofollow noopener\" target=\"_blank\"><\/p>\n<p class=\"know-more__title\">Telecinco hace bajar de una nave espacial a Jes\u00fas V\u00e1zquez y Valeria Mazza para promocionar &#8216;Bailando con las estrellas&#8217;<\/p>\n<p>            <img decoding=\"async\" class=\"lazy\" loading=\"lazy\" data-src=\"https:\/\/static.eldiario.es\/clip\/74a69e7f-1a44-4d22-9bca-05a1d58559f3_16-9-aspect-ratio_default_0.jpg\" src=\"data:image\/svg+xml,%3Csvg xmlns=\" http:=\"\" viewbox=\"0 0 880 495\" alt=\"Telecinco hace bajar de una nave espacial a Jes\u00fas V\u00e1zquez y Valeria Mazza para promocionar 'Bailando con las estrellas'\"\/><\/p>\n<p>                        <\/a><\/p>\n<p class=\"article-text\">\n        <strong>Aless Gibaja, Mat\u00edas Roure, Sara Escudero, Jorge Gonz\u00e1lez, Manu Tenorio, Iago Garc\u00eda, Nerea Rodr\u00edguez, Nona Sobo, Tania Medina, Blanca Romero, Pepe Navarro, B\u00e1rbara Rey y Anabel Pantoja<\/strong> conforman el grupo de participantes que se animan a bailar esta temporada en Mediaset. Nombres que hab\u00edan ido sonando en distintos medios durante las \u00faltimas semanas, y que al fin han sido oficializados por Telecinco en una rueda de prensa en la que ha estado presente <a href=\"https:\/\/www.eldiario.es\/vertele\/\" target=\"_blank\" data-mrf-recirculation=\"links-noticia\" class=\"link\" rel=\"nofollow noopener\">verTele<\/a>.\n    <\/p>\n<p class=\"article-text\">\n        Todos ellos, salvo Pantoja, han participado en un evento con los medios al que tambi\u00e9n han asistido <strong>Pelayo D\u00edaz e Inmaculada Casal<\/strong>, las dos incorporaciones del jurado para esta temporada. <strong>Blanca Li, Julia G\u00f3mez y Gorka M\u00e1rquez<\/strong> se mantienen en el grupo que se ocupar\u00e1 de juzgar y valorar a las celebrities a partir del 13 de septiembre en prime time.\n    <\/p>\n<p class=\"article-text\">\n        \u201cBailando con las estrellas es <strong>nuestro buque insignia para este comienzo de temporada<\/strong>\u201d, ha afirmado <strong>Jaime Guerra<\/strong>, director de Producci\u00f3n de Contenidos de Mediaset Espa\u00f1a, al tiempo que ha desvelado que en esta nueva edici\u00f3n han tratado de mejorar el formato: \u201cLe hemos dado un punto m\u00e1s a la parte escenogr\u00e1fica y visual, y novedades de contenidos\u201d.\n    <\/p>\n<p class=\"article-text\">\n        De los detalles se ha encargado <strong>Alfredo Ere\u00f1o<\/strong>, CEO de la productora Bulldog TV. \u201cEste programa es como estar en Broadway con un espect\u00e1culo enorme. Es un formato de la BBC con gran \u00e9xito internacional y aunque sea nuestra segunda temporada <strong>esperamos que dure 20 a\u00f1os o m\u00e1s<\/strong>\u201d, ha expresado el productor, que ha confirmado que la mec\u00e1nica se mantendr\u00e1 similar a la de la primera edici\u00f3n.\n    <\/p>\n<p class=\"article-text\">\n        Ser\u00e1n 13 concursantes con 13 maestros bailarines, entre los que habr\u00e1<strong> hasta 8 novedades.<\/strong> Competir\u00e1n delante de un jurado estricto para que cada semana valoren sus actuaciones y el p\u00fablico en casa. En la final habr\u00e1 4 parejas, con una de ellas haci\u00e9ndose vencedora de la temporada.\n    <\/p>\n<p>    Inmaculada Casal y Pelayo, los fichajes: \u201cQue no se preocupen por hacerlo perfecto\u201d<\/p>\n<p class=\"article-text\">\n        Al frente de todo estar\u00e1 de nuevo <strong>Jes\u00fas V\u00e1zquez<\/strong>, que valora positivamente que Bailando por las estrellas apueste por el directo: \u201cA m\u00ed me encanta el directo, e<strong>sa adrenalina que se te pone el coraz\u00f3n a mil.<\/strong> Empieza el programa y es lo m\u00e1s maravilloso que te puede pasar.\u00a0Este es un formato con un desliegue incre\u00edble de medios\u201d, ha apuntado. Adem\u00e1s, como an\u00e9cdota, ha recordado que se reencuentra con Jorge Gonz\u00e1lez 20 a\u00f1os despu\u00e9s de coincidir en Operaci\u00f3n Triunfo.\n    <\/p>\n<p class=\"article-text\">\n        A su lado se encontrar\u00e1 <strong>Valeria Mazza<\/strong>, que ha apostillado que<strong> el programa estaba listo para arrancar \u201ca principios de a\u00f1o\u201d y se ha hecho esperar<\/strong>. Aun as\u00ed, ha valorado que \u201cmerecer\u00e1 la pena porque todos los cambios son fant\u00e1sticos y el casting es incre\u00edble\u201d.\n    <\/p>\n<p class=\"article-text\">\n        La copresentadora se ha pronunciado tambi\u00e9n sobre uno de los asuntos que m\u00e1s controversia gener\u00f3 hace un a\u00f1o: las valoraciones. \u201c<strong>El jurado no siempre dice lo que a uno le gustar\u00eda escuchar <\/strong>pero hay que aprender tambi\u00e9n de ellos. Es bonito tambi\u00e9n para los que est\u00e1n en casa de verlos en otras facetas y que conozcan esto de la disciplina y el talento\u201d, ha comentado.\n    <\/p>\n<p>            <img decoding=\"async\" class=\"lazy\" loading=\"lazy\" data-src=\"https:\/\/static.eldiario.es\/clip\/3835a5a5-f17c-433a-ace1-771e3ff8b0d5_16-9-discover-aspect-ratio_default_0.jpg\" src=\"data:image\/svg+xml,%3Csvg xmlns=\" http:=\"\" viewbox=\"0 0 1200 675\" alt=\"Jes\u00fas V\u00e1zquez y Valeria Mazza en la presentaci\u00f3n de 'Bailando con las estrellas' en el FesTVal 2025\"\/><\/p>\n<p class=\"article-text\">\n        Precisamente en esa faceta debuta<strong> Inmaculada Casal<\/strong>, que llega a Telecinco con este proyecto: \u201c<strong>Hay tres jueces profesionales que juzgar\u00e1n la parte m\u00e1s t\u00e9cnica y Pelayo y yo vamos a por la telegenia<\/strong>, lo que se puede transmitir. Los a\u00f1os de tele valen para algo y cuando dec\u00edan de &#8216;ni canta ni baila, pero no se la pierdan&#8217;, pues aqu\u00ed igual hay concursantes que tranmsiten m\u00e1s que otros sin tener tanta t\u00e9cnica al bailar\u201d.\n    <\/p>\n<p class=\"article-text\">\n        <strong>Pelayo D\u00edaz<\/strong>, la otra novedad en la mesa de jueces, ha apuntado que \u201clo m\u00e1s bonito va a ser ver c\u00f3mo van evolucionando. <strong>Que no se preocupen por hacerlo perfecto porque lo que queremos ver es la emoci\u00f3n y la entrega<\/strong>. Si nosotros nos divertimos, se van a divertir en casa\u201d. Adem\u00e1s, ha confesado que le daba \u201cmiedo\u201d entregarse despu\u00e9s de Supervivientes: \u201cMe di cuenta que lo mejor es entregarse, deshinibirse y, en este caso, echarse a bailar\u201d.\n    <\/p>\n<p>            <img decoding=\"async\" class=\"lazy\" loading=\"lazy\" data-src=\"https:\/\/static.eldiario.es\/clip\/5b82893e-5905-44bf-b0c6-f08e32adc85f_16-9-aspect-ratio_default_1124980.jpg\" src=\"data:image\/svg+xml,%3Csvg xmlns=\" http:=\"\" viewbox=\"0 0 1906 1072\" alt=\"Inmaculada Casal y Pelayo D\u00edaz en la presentaci\u00f3n de 'Bailando con las estrellas' en el FesTVal 2025\"\/><\/p>\n<p>    El casting de famosos, con un ganador y otros inexpertos<\/p>\n<p class=\"article-text\">\n        Aless Gibaja, Mat\u00edas Roure, Sara Escudero, Jorge Gonz\u00e1lez, Manu Tenorio, Iago Garc\u00eda, Nerea Rodr\u00edguez, Nona Sobo, Tania Medina, Blanca Romero, Pepe Navarro, B\u00e1rbara Rey y Anabel Pantoja conforman el casting de concursantes famosos.\n    <\/p>\n<p class=\"article-text\">\n        Entre ellos hay un ganador del formato como <strong>Iago Garc\u00eda<\/strong>, actor que triunf\u00f3 en la <a href=\"https:\/\/www.eldiario.es\/vertele\/videos\/actualidad\/flamante-vencedor-mqb-tv-italiana_1_7549898.html\" target=\"_blank\" data-mrf-recirculation=\"links-noticia\" class=\"link\" rel=\"nofollow noopener\">versi\u00f3n italiana en 2016<\/a>. \u201cPiensas que no sabes bailar, pero de pronto te sorprendes. Yo he conseguido pasar esa barrera, y la confianza con el maestro o la maestra es fundamental\u201d, ha dicho. Peor ven las cosas otros como <strong>Manu Tenorio <\/strong>o <strong>Aless Gibaja<\/strong>, que desvela que no baila nada, pero que lo dar\u00e1 todo \u201csin miedo\u201d.\n    <\/p>\n<p class=\"article-text\">\n        El foco, sin embargo, se ha posado sobre dos de los fichajes m\u00e1s medi\u00e1ticos: <strong>Pepe Navarro y B\u00e1rbara Rey<\/strong>. El primero ha admitido que a pesar de su experiencia televisiva, este reto es may\u00fasculo: \u201cCuando acab\u00f3 el primer ensayo me pregunt\u00e9<strong> &#8216;\u00bfc\u00f3mo salgo de esta?&#8217;<\/strong>\u201d, ha bromeado, al tiempo que promete \u201ctrabajo y m\u00e1s trabajo\u201d.\n    <\/p>\n<p class=\"article-text\">\n        B\u00e1rbara, por su parte, ha comentado que los ensayos los lleva \u201cmuy mal\u201d porque bailaba hace a\u00f1os, \u201cpero mientras los bailarines hac\u00edan coreograf\u00edas extraordinarias yo iba libremente\u201d. \u201c<strong>Es una maravilla volver a televisi\u00f3n haciendo un programa como este<\/strong>. Estoy feliz, hay mucha gente que espera que haga algo extraordinario, y voy a hacer lo que pueda\u201d, ha dicho tambi\u00e9n.\n    <\/p>\n<p>            <img decoding=\"async\" class=\"lazy\" loading=\"lazy\" data-src=\"https:\/\/static.eldiario.es\/clip\/9833a34b-ca59-4639-957f-094dd4b26445_16-9-discover-aspect-ratio_default_0.jpg\" src=\"data:image\/svg+xml,%3Csvg xmlns=\" http:=\"\" viewbox=\"0 0 1200 675\" alt=\"B\u00e1rbara Rey en la presentaci\u00f3n de 'Bailando con las estrellas' en el FesTVal 2025\"\/><\/p>\n<p class=\"article-text\">\n        \u201c<strong>Llevaba muchos a\u00f1os haciendo algunas cosas que no estaban mal, pero no era lo que quer\u00eda hacer <\/strong>como actriz o como presentadora. Estoy muy agradecida\u201d, ha concluido la ex vedette.\n    <\/p>\n<p>    <a href=\"https:\/\/www.eldiario.es\/vertele\/noticias\/exclusiva-cristina-saavedra-deja-lasexta-noticias-19-anos-referente-informativo_1_12572634.html\" data-mrf-recirculation=\"saber-mas-abajo\" data-dl-event=\"saber-mas-abajo\" rel=\"nofollow noopener\" target=\"_blank\"><\/p>\n<p class=\"know-more__title\">Cristina Saavedra deja &#8216;laSexta Noticias&#8217; tras 19 a\u00f1os como referente informativo\n<\/p>\n<p>            <img decoding=\"async\" class=\"lazy\" loading=\"lazy\" data-src=\"https:\/\/static.eldiario.es\/clip\/6185dcf5-4265-400f-9cae-cf637c98449f_16-9-aspect-ratio_default_0.jpg\" src=\"data:image\/svg+xml,%3Csvg xmlns=\" http:=\"\" viewbox=\"0 0 880 495\" alt=\"Cristina Saavedra deja 'laSexta Noticias' tras 19 a\u00f1os como referente informativo\"\/><\/p>\n<p>                        <\/a><\/p>\n<p class=\"article-text\">\n        Preguntada sobre c\u00f3mo va a tomarse las valoraciones del jurado, ha afirmado que las habladur\u00edas sobre su fuerte car\u00e1cter no son ciertas: \u201cSoy una persona muy d\u00f3cil, aunque<strong> si me tocan las narices me tengo que defender<\/strong>. Si hago un baile que no est\u00e1 bien y el jurado considera que no debo llevarme m\u00e1s puntos, tendr\u00e9 que acatarlo. A estas alturas no me merece la pena\u201d, ha asegurado.\n    <\/p>\n","protected":false},"excerpt":{"rendered":"Telecinco ha presentado en el FesTVal 2025 de Vitoria Bailando con las estrellas, una de sus principales apuestas&hellip;\n","protected":false},"author":2,"featured_media":89000,"comment_status":"","ping_status":"","sticky":false,"template":"","format":"standard","meta":{"footnotes":""},"categories":[171],"tags":[12313,11306,4187,15762,500,567,146,147,25,24,782,256,1151,10878,23,692,214],"class_list":{"0":"post-88999","1":"post","2":"type-post","3":"status-publish","4":"format-standard","5":"has-post-thumbnail","7":"category-tv","8":"tag-12313","9":"tag-anabel","10":"tag-anuncia","11":"tag-bailando","12":"tag-cierra","13":"tag-concursantes","14":"tag-entertainment","15":"tag-entretenimiento","16":"tag-es","17":"tag-espana","18":"tag-estrellas","19":"tag-famosos","20":"tag-fecha","21":"tag-pantoja","22":"tag-spain","23":"tag-telecinco","24":"tag-tv"},"share_on_mastodon":{"url":"","error":""},"_links":{"self":[{"href":"https:\/\/www.europesays.com\/es\/wp-json\/wp\/v2\/posts\/88999","targetHints":{"allow":["GET"]}}],"collection":[{"href":"https:\/\/www.europesays.com\/es\/wp-json\/wp\/v2\/posts"}],"about":[{"href":"https:\/\/www.europesays.com\/es\/wp-json\/wp\/v2\/types\/post"}],"author":[{"embeddable":true,"href":"https:\/\/www.europesays.com\/es\/wp-json\/wp\/v2\/users\/2"}],"replies":[{"embeddable":true,"href":"https:\/\/www.europesays.com\/es\/wp-json\/wp\/v2\/comments?post=88999"}],"version-history":[{"count":0,"href":"https:\/\/www.europesays.com\/es\/wp-json\/wp\/v2\/posts\/88999\/revisions"}],"wp:featuredmedia":[{"embeddable":true,"href":"https:\/\/www.europesays.com\/es\/wp-json\/wp\/v2\/media\/89000"}],"wp:attachment":[{"href":"https:\/\/www.europesays.com\/es\/wp-json\/wp\/v2\/media?parent=88999"}],"wp:term":[{"taxonomy":"category","embeddable":true,"href":"https:\/\/www.europesays.com\/es\/wp-json\/wp\/v2\/categories?post=88999"},{"taxonomy":"post_tag","embeddable":true,"href":"https:\/\/www.europesays.com\/es\/wp-json\/wp\/v2\/tags?post=88999"}],"curies":[{"name":"wp","href":"https:\/\/api.w.org\/{rel}","templated":true}]}}