{"id":89020,"date":"2025-09-02T20:15:08","date_gmt":"2025-09-02T20:15:08","guid":{"rendered":"https:\/\/www.europesays.com\/es\/89020\/"},"modified":"2025-09-02T20:15:08","modified_gmt":"2025-09-02T20:15:08","slug":"roca-rey-reaparece-y-triunfa-a-lo-grande-con-talavante-y-rufo-en-la-ultima-de-palencia","status":"publish","type":"post","link":"https:\/\/www.europesays.com\/es\/89020\/","title":{"rendered":"Roca Rey reaparece y triunfa a lo grande con Talavante y Rufo en la \u00faltima de Palencia"},"content":{"rendered":"<p>Actualizado  Martes,<br \/>\n2<br \/>\nseptiembre<br \/>\n2025<br \/>\n&#8211;<br \/>\n22:05<\/p>\n<p class=\"ue-c-article__paragraph\">El peruano Roca Rey, que reaparec\u00eda tras su percance en Bilbao, ha cortado <strong>cuatro orejas<\/strong> y ha salido a hombros junto a Alejandro <strong>Talavante y Tom\u00e1s Rufo,<\/strong> que han sumado dos trofeos cada uno, en la corrida Goyesca en homenaje a los 50 a\u00f1os de la Pe\u00f1a Taurina Palentina que ha echado el cierre a la feria de Palencia.<\/p>\n<p class=\"ue-c-article__paragraph\">El esperado regreso del diestro de Lima era muy esperada desde hace d\u00edas por el p\u00fablico palentino, que se not\u00f3 en la taquilla, con los tendidos pr\u00e1cticamente llenos.<\/p>\n<p class=\"ue-c-article__paragraph\">Ya en los delantales de recibo al segundo se vio a las claras que la gente lo esperaba meti\u00e9ndose de lleno en la tarde, tambi\u00e9n en el vistoso quite por caleserinas abrochado por una brionesa.<\/p>\n<p class=\"ue-c-article__paragraph\">Roca Rey vio enseguida la buena condici\u00f3n del de Juan Manuel Criado, que tuvo movilidad, fondo y recorrido. Faena de dos partes, <strong>con una primera bien estructurada <\/strong>en los medios en la que hubo toreo templado y ligado, en tandas bien hilvanadas sobre la diestra, y otra en las postrimeras en la que dio paso al toreo de cercan\u00edas, con circulares invertidos que llegaron mucho al p\u00fablico.<\/p>\n<p><img decoding=\"async\" width=\"921\" height=\"614\" class=\"ue-c-article__image lazyload\" alt=\"\" loading=\"lazy\" src=\"https:\/\/www.europesays.com\/es\/wp-content\/uploads\/2025\/09\/17568407583293.jpg\"\/><\/p>\n<p class=\"ue-c-article__paragraph\">Con el quinto, m\u00e1s serio en su expresi\u00f3n y algo montado arriba, inici\u00f3 la faena con cambiados en los medios Roca Rey. El lime\u00f1o, con la muleta siempre por delante, se impuso a base de t\u00e9cnica y mando al astado en una faena m\u00e1s de fondo que de forma ante un toro exigente y con genio. Estocada de r\u00e1pido efecto, resultando excesivo el segundo trofeo.<\/p>\n<p class=\"ue-c-article__paragraph\">Rufo, <strong>muy espoleado por el anterior turno de Roca Rey,<\/strong> sali\u00f3 a por todas en el tercero, un toro casta\u00f1o, hondo, con cuajo y remate pero de buenas hechuras que se arranc\u00f3 galopando al caballo.<\/p>\n<p class=\"ue-c-article__paragraph\">Con extraordinaria fijeza y prontitud, &#8216;Alcahuete&#8217; embisti\u00f3 con profundidad y mucho recorrido por ambos pitones. Rufo inici\u00f3 la <strong>faena toreando en redondo de rodillas <\/strong>y firm\u00f3 buenos pasajes sobre ambas manos, sin embargo falt\u00f3 un punto de rotundidad a la buena faena, que finaliz\u00f3 peg\u00e1ndose un arrimon.<\/p>\n<p class=\"ue-c-article__paragraph\">Con el que cerraba plaza Rufo entendi\u00f3 a la perfecci\u00f3n las alturas para no obligar a un toro noble que termin\u00f3 desfondado, consiguiendo arrancar una oreja para acompa\u00f1ar a hombros a sus compa\u00f1eros.<\/p>\n<p class=\"ue-c-article__paragraph\">Talavante tir\u00f3 de t\u00e9cnica en un trasteo pulcro con el noble primero, <strong>al que no pudo apretar pero al que fue buscando las vueltas,<\/strong> realizando un circular largu\u00edsimo en el tramo final, antes de cerrar faena con unas manoletinas y un remate muy torero con el pase de desprecio.<\/p>\n<p class=\"ue-c-article__paragraph\">Se lesion\u00f3 de los cuartos traseros el cuarto tras un golpe contra el burladero, Talavante le cogi\u00f3 bien el aire al sobrero de La Cercada que result\u00f3 manejable y tuvo buen son en su embestida. Se relaj\u00f3 al natural toreando con despaciosidad, tambi\u00e9n brill\u00f3 sobre la diestra. Estocada fulminante.<\/p>\n<p class=\"ue-c-article__paragraph\"><strong>FICHA DEL FESTEJO<\/strong><\/p>\n<p class=\"ue-c-article__paragraph\">Se han lidiado cinco toros de Juan Manuel Criado y un sobrero (4\u00ba) de La Cercada, bien presentados, con volumen y remate, de buen juego, especialmente el tercero, muy bravo, con recorrido y profundidad.<\/p>\n<p class=\"ue-c-article__paragraph\"><strong>Alejandro Talavante (de blanco y azabache): <\/strong>dos pinchazos y estocada desprendida (silencio); estocada desprendida (dos orejas).<\/p>\n<p class=\"ue-c-article__paragraph\"><strong>Roca Rey (de lila y azabache):<\/strong> estocada muy tendida perdiendo la muleta (dos orejas); estocada baja (dos orejas).<\/p>\n<p class=\"ue-c-article__paragraph\"><strong>Tom\u00e1s Rufo (de corinto y azabache):<\/strong> pinchazo hondo y estocada (oreja); y menos de media estocada (oreja).<\/p>\n<p class=\"ue-c-article__paragraph\">La plaza pr\u00e1cticamente se llen\u00f3 en tarde de agradable temperatura.<\/p>\n","protected":false},"excerpt":{"rendered":"Actualizado Martes, 2 septiembre 2025 &#8211; 22:05 El peruano Roca Rey, que reaparec\u00eda tras su percance en Bilbao,&hellip;\n","protected":false},"author":2,"featured_media":89021,"comment_status":"","ping_status":"","sticky":false,"template":"","format":"standard","meta":{"footnotes":""},"categories":[277],"tags":[4036,373,819,168,25,24,23,167,374,444],"class_list":{"0":"post-89020","1":"post","2":"type-post","3":"status-publish","4":"format-standard","5":"has-post-thumbnail","7":"category-toreo","8":"tag-andres-roca-rey","9":"tag-bullfighting","10":"tag-cultura-toros","11":"tag-deportes","12":"tag-es","13":"tag-espana","14":"tag-spain","15":"tag-sports","16":"tag-toreo","17":"tag-toros"},"share_on_mastodon":{"url":"","error":""},"_links":{"self":[{"href":"https:\/\/www.europesays.com\/es\/wp-json\/wp\/v2\/posts\/89020","targetHints":{"allow":["GET"]}}],"collection":[{"href":"https:\/\/www.europesays.com\/es\/wp-json\/wp\/v2\/posts"}],"about":[{"href":"https:\/\/www.europesays.com\/es\/wp-json\/wp\/v2\/types\/post"}],"author":[{"embeddable":true,"href":"https:\/\/www.europesays.com\/es\/wp-json\/wp\/v2\/users\/2"}],"replies":[{"embeddable":true,"href":"https:\/\/www.europesays.com\/es\/wp-json\/wp\/v2\/comments?post=89020"}],"version-history":[{"count":0,"href":"https:\/\/www.europesays.com\/es\/wp-json\/wp\/v2\/posts\/89020\/revisions"}],"wp:featuredmedia":[{"embeddable":true,"href":"https:\/\/www.europesays.com\/es\/wp-json\/wp\/v2\/media\/89021"}],"wp:attachment":[{"href":"https:\/\/www.europesays.com\/es\/wp-json\/wp\/v2\/media?parent=89020"}],"wp:term":[{"taxonomy":"category","embeddable":true,"href":"https:\/\/www.europesays.com\/es\/wp-json\/wp\/v2\/categories?post=89020"},{"taxonomy":"post_tag","embeddable":true,"href":"https:\/\/www.europesays.com\/es\/wp-json\/wp\/v2\/tags?post=89020"}],"curies":[{"name":"wp","href":"https:\/\/api.w.org\/{rel}","templated":true}]}}