{"id":89051,"date":"2025-09-02T20:35:09","date_gmt":"2025-09-02T20:35:09","guid":{"rendered":"https:\/\/www.europesays.com\/es\/89051\/"},"modified":"2025-09-02T20:35:09","modified_gmt":"2025-09-02T20:35:09","slug":"el-gobierno-argentino-intenta-silenciar-el-escandalo-de-los-audios-de-los-hermanos-milei-entre-acusaciones-de-censura","status":"publish","type":"post","link":"https:\/\/www.europesays.com\/es\/89051\/","title":{"rendered":"El Gobierno argentino intenta silenciar el esc\u00e1ndalo de los audios de los hermanos Milei entre acusaciones de censura"},"content":{"rendered":"<p class=\"article-text\">\n        El Gobierno ultraderechista de Argentina ha recurrido a la Justicia para <a href=\"https:\/\/www.eldiario.es\/politica\/pedido-gobierno-argentino-justicia-frena-difusion-grabaciones-karina-milei_1_12570800.html\" data-mrf-recirculation=\"links-noticia\" class=\"link\" rel=\"nofollow noopener\" target=\"_blank\">prohibir la difusi\u00f3n de audios filtrados<\/a> de Karina Milei y, por otro lado, para pedir el registro del canal de streaming que revel\u00f3 las primeras grabaciones que salpican a los hermanos Milei. Las dos denuncias, lejos de contener el esc\u00e1ndalo, han reforzado las sospechas que rodean a la secretaria de la Presidencia en un <a href=\"https:\/\/www.eldiario.es\/internacional\/javier-milei-karina-milei-corrupcion-argentina_1_12565411.html\" data-mrf-recirculation=\"links-noticia\" class=\"link\" rel=\"nofollow noopener\" target=\"_blank\">esquema de sobornos<\/a> en la c\u00fapula del poder y han sido repudiadas por asociaciones de periodistas, abogados y pol\u00edticos.\n    <\/p>\n<p>    <a href=\"https:\/\/www.eldiario.es\/internacional\/javier-milei-karina-milei-corrupcion-argentina_1_12565411.html\" data-mrf-recirculation=\"saber-mas\" data-dl-event=\"saber-mas\" rel=\"nofollow noopener\" target=\"_blank\"><\/p>\n<p class=\"know-more__title\">La imagen de Milei se desploma por el esc\u00e1ndalo de sobornos del Gobierno con los fondos para discapacitados<\/p>\n<p>            <img decoding=\"async\" class=\"lazy\" loading=\"lazy\" data-src=\"https:\/\/static.eldiario.es\/clip\/7b75a662-318b-4446-933a-6a7f2fd884c5_16-9-aspect-ratio_default_0.jpg\" src=\"data:image\/svg+xml,%3Csvg xmlns=\" http:=\"\" viewbox=\"0 0 880 495\" alt=\"La imagen de Milei se desploma por el esc\u00e1ndalo de sobornos del Gobierno con los fondos para discapacitados\"\/><\/p>\n<p>                        <\/a><\/p>\n<p class=\"article-text\">\n        Un pol\u00e9mico juez civil y comercial <a href=\"https:\/\/www.eldiario.es\/politica\/pedido-gobierno-argentino-justicia-frena-difusion-grabaciones-karina-milei_1_12570800.html\" data-mrf-recirculation=\"links-noticia\" class=\"link\" rel=\"nofollow noopener\" target=\"_blank\">orden\u00f3 este lunes cesar la difusi\u00f3n de audios atribuidos a Karina Milei en Casa Rosada<\/a> y publicados por la prensa, en lo que el Gobierno llam\u00f3 una \u201coperaci\u00f3n de inteligencia ilegal\u201d, seg\u00fan el portavoz presidencial Manuel Adorni. Se trata del juez Alejandro Maraniello, quien tiene ocho denuncias en su contra, cinco de ellas por acoso y abuso sexual.\n    <\/p>\n<p class=\"article-text\">\n        La medida cautelar responde a una solicitud del Ejecutivo contra material filtrado por los medios el vienes 29 de agosto, en el que Karina Milei dice: \u201cNo podemos entrar en la pelea entre nosotros. Nosotros tenemos que estar unidos\u201d, en referencia a las disputas dentro de partido gobernante La Libertad Avanza (LLA). El resto del contenido de la grabaci\u00f3n, supuestamente de 50 minutos, se desconoce p\u00fablicamente.\n    <\/p>\n<p>    Nuevo audio desde Uruguay<\/p>\n<p class=\"article-text\">\n        Este martes, el canal de streaming uruguayo Dopamina difundi\u00f3 un nuevo audio con frases y balbuceos atribuidos a la secretaria de la Presidencia. \u201cHay que estar abajo de Mart\u00edn. Hay que&#8230; por qu\u00e9 ya te digo, Mart\u00edn es el que tiene la informaci\u00f3n, qu\u00e9 hay que hacer de&#8230; de c\u00f3mo es&#8230; llevarlo a cabo. Entonces&#8230; y yo, desde mi punto de vista, desde mi punto que me toca a m\u00ed, yo respeto a Mart\u00edn como cabeza&#8230;\u201d, dice. Se cree que Karina Milei hace alusi\u00f3n al presidente de la C\u00e1mara de Diputados, Mart\u00edn Menem, primo de Eduardo \u201cLule\u201d Menem, quien tambi\u00e9n es mencionado en los audios de los presuntos sobornos en el \u00e1rea de discapacidad.\n    <\/p>\n<blockquote class=\"twitter-tweet\" data-lang=\"es\"><p><a href=\"https:\/\/twitter.com\/X\/status\/1962871105665855885?ref_src=twsrc%5Etfw\" rel=\"nofollow noopener\" target=\"_blank\"><\/p><\/blockquote>\n<p class=\"article-text\">\n        El propio Mart\u00edn Menem ha publicado que, de ser cierta esta grabaci\u00f3n, se habr\u00eda filtrado del Congreso. \u201cQuiero aclarar que ese audio, en el hipot\u00e9tico caso de que fuera real, pareciera haber sido grabado de manera ilegal en la Presidencia de la C\u00e1mara de Diputados. Estos encuentros se realizan peri\u00f3dicamente para coordinar la labor parlamentaria y consolidar el trabajo legislativo de La Libertad Avanza\u201d.\n    <\/p>\n<blockquote class=\"twitter-tweet\" data-lang=\"es\"><p><a href=\"https:\/\/twitter.com\/X\/status\/1962894679831114188?ref_src=twsrc%5Etfw\" rel=\"nofollow noopener\" target=\"_blank\"><\/p><\/blockquote>\n<p class=\"article-text\">\n        En los primeros audios develados hace 15 d\u00edas, Diego Spagnuolo, extitular de la Agencia de Discapacidad (ANDIS), confes\u00f3 a otra persona que los Menem y Karina \u201cse la est\u00e1n llevando toda, toda\u201d. El 19 de agosto el canal de streaming Carnaval difundi\u00f3 audios en los que Spagnuolo asegura que la hermana del mandatario recib\u00eda un 3% de las compras de medicamentos para personas con discapacidad. El ahora exfuncionario afirma en estas grabaciones haber avisado a Javier Milei de la supuesta trama de corrupci\u00f3n. La Casa Rosada, en lo que varios analistas interpretan como una validaci\u00f3n t\u00e1cita del contenido de la filtraci\u00f3n, ech\u00f3 a Spagnuolo de su puesto titular de la ANDIS.\n    <\/p>\n<p class=\"article-text\">\n        La medida judicial publicada por el portavoz Adorni que ordena \u201cel cese de la difusi\u00f3n \u00fanicamente de los audios grabados en la Casa de Gobierno\u201d y atribuidos a Karina Milei \u201ca trav\u00e9s de cualquier medio\u201d ha generado inmediatas reacciones. La Asociaci\u00f3n de Entidades Period\u00edsticas Argentinas (ADEPA) la ha rechazado de plano. \u201cLa reciente sentencia de la justicia en lo Civil y Comercial Federal por la cual se proh\u00edbe a todos los medios de comunicaci\u00f3n la difusi\u00f3n de audios presuntamente grabados en la Casa de Gobierno de la Naci\u00f3n atribuidos a la Secretaria General de la presidencia, es un nuevo ejemplo de \u00f3rdenes estatales que limitan de modo ileg\u00edtimo las libertades de expresi\u00f3n y de prensa\u201d, expresa.\n    <\/p>\n<p class=\"article-text\">\n        \u201cLa Corte Interamericana de Derechos Humanos tiene resuelto que, con la sola excepci\u00f3n de la protecci\u00f3n de la infancia y la adolescencia, cualquier medida preventiva que limite la circulaci\u00f3n de informaci\u00f3n constituye un menoscabo de la libertad de pensamiento y de expresi\u00f3n\u201d, dice la ADEPA.\n    <\/p>\n<p class=\"article-text\">\n        El abogado constitucionalista Andr\u00e9s Gil Dom\u00ednguez explica a elDiario.es que la medida constituye censura previa. \u201cLa cautelar dictada por el juez Maraniello carece de plazo y de un sujeto pasivo directo, lo que la convierte en una medida inapelable y de eficacia procesal dudosa. Mucho m\u00e1s a\u00fan cuando lo que se protege est\u00e1 relacionado con asuntos de inter\u00e9s y funcionarios p\u00fablicos. Una cautelar sin plazo y sin sujeto pasivo afecta el pleno ejercicio de la libertad de expresi\u00f3n\u201d\n    <\/p>\n<p class=\"article-text\">\n        El Ministerio de Seguridad pidi\u00f3 adem\u00e1s el allanamiento del canal \u201cCarnaval Stream\u201d, as\u00ed como el registro de periodistas y empresarios involucrados con este medio, que difundi\u00f3 por primera vez tanto los audios de Karina Milei como los de Spagnuolo. La justicia a\u00fan no ha resuelto sobre esta solicitud ni ha ordenado detenciones.\n    <\/p>\n<p>    El Gobierno habla de complot y \u201cmaniobra golpista\u201d<\/p>\n<p class=\"article-text\">\n        El Gobierno ultra argumenta que se trata de un complot urdido por el kirchnerismo con influencia rusa, venezolana, boliviana y hasta de la Asociaci\u00f3n del F\u00fatbol Argentino (AFA), ya que el due\u00f1o del canal Carnaval, Pablo Toviggino, es tesorero de la AFA. La denuncia sostiene que en junio se descubri\u00f3 un grupo de residentes rusos, encabezado por un individuo identificado como Lev Konstantinovich Andriashvilli, hacen campa\u00f1a para desinformar a la poblaci\u00f3n.\n    <\/p>\n<p class=\"article-text\">\n        El texto del Ministerio de Seguridad, al mando de Patricia Bullrich, involucra a Franco Bindi como abogado de la petrolera venezolana PDVSA y que habr\u00eda albergado a Evo Morales cuando estuvo exiliado en Argentina. Bindi es pareja de la diputada Marcela Pagano, hoy alejada de LLA. \u201cOtro engranaje de esta maniobra golpista ser\u00eda Franco Bindi, abogado ligado a agentes inorg\u00e1nicos de inteligencia y pareja de la diputada Marcela Pagano, quien desde hace meses conspira para boicotear el espacio pol\u00edtico que le permiti\u00f3 acceder a su banca\u201d.\n    <\/p>\n<p class=\"article-text\">\n        El candidato a diputado nacional por el partido minoritario Proyecto Sur, Ricardo Alfons\u00edn, ha sido cr\u00edtico con la solicitud de registro a periodistas. \u201cEl Gobierno, en un acto violatorio de la libertad de expresi\u00f3n y el derecho a la informaci\u00f3n, pidi\u00f3 a la Justicia que se allane el dominicilio de los periodistas Mauro Federico y Jorge Rial. Espero que la Justicia ponga las cosas en su lugar y que todas las instituciones manifiesten su repudio\u201d, ha dicho.\n    <\/p>\n<p class=\"article-text\">\n        Asimismo, integrantes de la Comisi\u00f3n de Sistemas, Medios de Comunicaci\u00f3n y Libertad de Expresi\u00f3n del Senado, procedentes de distintos bloques, han celebrado este martes una rueda de prensa para rechazar las denuncias y cuestionar la estrategia del Gobierno. \u201cComo senadoras y senadores debemos tutelar la Constituci\u00f3n Nacional. Por lo tanto expresamos que lo que ha hecho el Poder Ejecutivo, en este caso bajo la firma del Presidente y la ministra de Seguridad, es anticonstitucional\u201d, ha dicho la presidenta de la comisi\u00f3n, la senadora de opositora Uni\u00f3n por la Patria Carolina Moises.\n    <\/p>\n<p class=\"article-text\">\n        La ministra Bullrich ha sido denunciada por lo penal por el delito de \u201cabuso de autoridad\u201d a ra\u00edz de que su cartera pidiera allanar el canal de streaming y la vivienda particular de los dos periodistas que revelaron los audios. El encargado de presentar la denuncia ha sido Gregorio Dalb\u00f3n, abogado de la expresidenta Cristina Fern\u00e1ndez de Kirchner. Dalb\u00f3n sostiene que la decisi\u00f3n de Bullrich \u201ces una forma de censura indirecta y masiva\u201d porque \u201cno solo se dirige contra periodistas concretos, sino que pretende restringir a la totalidad de los medios de comunicaci\u00f3n y plataformas digitales\u201d.\n    <\/p>\n<p class=\"article-text\">\n        La denuncia sostiene que la solicitud de la funcionaria es \u201cuna violaci\u00f3n flagrante\u201d de la libertad de expresi\u00f3n\u201c porque va a contra los art\u00edculos 14, 32 y 43 de la Constituci\u00f3n Nacional y los tratados internacionales, que garantizan la protecci\u00f3n de las fuentes period\u00edsticas y la libertad de prensa y de expresi\u00f3n.\n    <\/p>\n<p>    <a href=\"https:\/\/www.eldiario.es\/politica\/pedido-gobierno-argentino-justicia-frena-difusion-grabaciones-karina-milei_1_12570800.html\" data-mrf-recirculation=\"saber-mas-abajo\" data-dl-event=\"saber-mas-abajo\" rel=\"nofollow noopener\" target=\"_blank\"><\/p>\n<p class=\"know-more__title\">La Justicia argentina frena la difusi\u00f3n de grabaciones de Karina Milei por petici\u00f3n del Gobierno\n<\/p>\n<p>            <img decoding=\"async\" class=\"lazy\" loading=\"lazy\" data-src=\"https:\/\/static.eldiario.es\/clip\/ab4454ff-71fa-4dcf-ad64-58c65373d28b_16-9-aspect-ratio_default_0.jpg\" src=\"data:image\/svg+xml,%3Csvg xmlns=\" http:=\"\" viewbox=\"0 0 880 495\" alt=\"La Justicia argentina frena la difusi\u00f3n de grabaciones de Karina Milei por petici\u00f3n del Gobierno\"\/><\/p>\n<p>                        <\/a><\/p>\n<p class=\"article-text\">\n        En un comunicado conjunto, organismos de Derechos Humanos, entre ellos Madres de Plaza de Mayo L\u00ednea Fundadora, afirman que repudian las acciones del Gobierno de Milei. \u201cLejos de un comportamiento democr\u00e1tico, la ministra de Seguridad, Patricia Bullrich, sale a realizar un acto de censura previa, propio de un r\u00e9gimen autoritario, con el ins\u00f3lito argumento de que los audios que han sido difundidos con diferentes acusaciones son el resultado de un complot de espionaje donde involucra a otros pa\u00edses, junto a organizaciones pol\u00edticas y sociales\u201d.\n    <\/p>\n<p>                                    <script async src=\"https:\/\/platform.twitter.com\/widgets.js\" charset=\"utf-8\"><\/script><\/p>\n","protected":false},"excerpt":{"rendered":"El Gobierno ultraderechista de Argentina ha recurrido a la Justicia para prohibir la difusi\u00f3n de audios filtrados de&hellip;\n","protected":false},"author":2,"featured_media":89052,"comment_status":"","ping_status":"","sticky":false,"template":"","format":"standard","meta":{"footnotes":""},"categories":[42],"tags":[283,17,18,767,13,14,11,61,62,63,64,4245,29021,19,20,16481,9,10,15,16,12,21,22,65,66,67],"class_list":{"0":"post-89051","1":"post","2":"type-post","3":"status-publish","4":"format-standard","5":"has-post-thumbnail","7":"category-internacional","8":"tag-argentina","9":"tag-breaking-news","10":"tag-breakingnews","11":"tag-corrupcion","12":"tag-featured-news","13":"tag-featurednews","14":"tag-headlines","15":"tag-internacional","16":"tag-international","17":"tag-international-news","18":"tag-internationalnews","19":"tag-javier-milei","20":"tag-karina-milei","21":"tag-latest-news","22":"tag-latestnews","23":"tag-libertad-de-expresion","24":"tag-news","25":"tag-noticias","26":"tag-noticias-destacadas","27":"tag-noticiasdestacadas","28":"tag-titulares","29":"tag-ultimas-noticias","30":"tag-ultimasnoticias","31":"tag-world","32":"tag-world-news","33":"tag-worldnews"},"share_on_mastodon":{"url":"","error":""},"_links":{"self":[{"href":"https:\/\/www.europesays.com\/es\/wp-json\/wp\/v2\/posts\/89051","targetHints":{"allow":["GET"]}}],"collection":[{"href":"https:\/\/www.europesays.com\/es\/wp-json\/wp\/v2\/posts"}],"about":[{"href":"https:\/\/www.europesays.com\/es\/wp-json\/wp\/v2\/types\/post"}],"author":[{"embeddable":true,"href":"https:\/\/www.europesays.com\/es\/wp-json\/wp\/v2\/users\/2"}],"replies":[{"embeddable":true,"href":"https:\/\/www.europesays.com\/es\/wp-json\/wp\/v2\/comments?post=89051"}],"version-history":[{"count":0,"href":"https:\/\/www.europesays.com\/es\/wp-json\/wp\/v2\/posts\/89051\/revisions"}],"wp:featuredmedia":[{"embeddable":true,"href":"https:\/\/www.europesays.com\/es\/wp-json\/wp\/v2\/media\/89052"}],"wp:attachment":[{"href":"https:\/\/www.europesays.com\/es\/wp-json\/wp\/v2\/media?parent=89051"}],"wp:term":[{"taxonomy":"category","embeddable":true,"href":"https:\/\/www.europesays.com\/es\/wp-json\/wp\/v2\/categories?post=89051"},{"taxonomy":"post_tag","embeddable":true,"href":"https:\/\/www.europesays.com\/es\/wp-json\/wp\/v2\/tags?post=89051"}],"curies":[{"name":"wp","href":"https:\/\/api.w.org\/{rel}","templated":true}]}}