{"id":89740,"date":"2025-09-03T04:22:08","date_gmt":"2025-09-03T04:22:08","guid":{"rendered":"https:\/\/www.europesays.com\/es\/89740\/"},"modified":"2025-09-03T04:22:08","modified_gmt":"2025-09-03T04:22:08","slug":"sergio-garcia-admite-su-decepcion-por-no-jugar-la-ryder-cup","status":"publish","type":"post","link":"https:\/\/www.europesays.com\/es\/89740\/","title":{"rendered":"Sergio Garc\u00eda admite su decepci\u00f3n por no jugar la Ryder Cup"},"content":{"rendered":"<p data-gtm-element-container=\"modulo-texto-link\" class=\"paragraph\">Sergio Garc\u00eda se ha dado de baja del Abierto de Irlanda de este fin de semana, decepcionado tras no haber sido seleccionado como capit\u00e1n para el equipo europeo de la Ryder Cup. El capit\u00e1n Luke Donald desvel\u00f3 el lunes sus seis jugadores elegidos, entre los que no figura Garc\u00eda, diez veces seleccionado para la Ryder Cup.<\/p>\n<p data-gtm-element-container=\"modulo-texto-link\" class=\"paragraph\">\u00abTen\u00eda muchas ganas de formar parte de ese equipo, as\u00ed que mentalmente fue un poco duro\u00bb, dijo Garc\u00eda en una entrevista con el GolfMagic del Reino Unido.<\/p>\n<p data-gtm-element-container=\"modulo-texto-link\" class=\"paragraph\">\u00abNo quer\u00eda ir all\u00ed y no estar totalmente involucrado en el torneo y esas cosas, as\u00ed que decid\u00ed tomarme un poco de tiempo libre y pasarlo con la familia y hacer un par de cosas, algunas cosas fuera del golf y simplemente reiniciar un poco, recargar las pilas\u00bb.<\/p>\n<p>        Lee tambi\u00e9n<\/p>\n<p>    Joan Justrib\u00f3<\/p>\n<p>             <img loading=\"lazy\" decoding=\"async\" data-full-src=\"https:\/\/www.mundodeportivo.com\/uploads\/2025\/09\/01\/68b5a4d27ce90.jpeg\" alt=\"Jon Rahm disputar\u00e1 su tercera Ryder Cup\" width=\"334\" height=\"164\" src=\"https:\/\/www.europesays.com\/es\/wp-content\/uploads\/2025\/09\/68b5a4d27ce90.jpeg\" class=\"lazy\"\/><\/p>\n<p data-gtm-element-container=\"modulo-texto-link\" class=\"paragraph\">El Open de Irlanda comienza el jueves en The K Club, en County Kildare, Irlanda.<\/p>\n<p data-gtm-element-container=\"modulo-texto-link\" class=\"paragraph\">Garc\u00eda, de 45 a\u00f1os, juega en la LIV Golf League, lo que dificulta su capacidad para ganar puntos en el ranking de cara a una clasificaci\u00f3n autom\u00e1tica. El espa\u00f1ol es el m\u00e1ximo anotador de puntos en la historia de la Ryder Cup.<\/p>\n<p data-gtm-element-container=\"modulo-texto-link\" class=\"paragraph\">Tiene 28,5 puntos y un r\u00e9cord de 25-13-7. El l\u00edder estadounidense es el fallecido Billy Casper, con 23,5 puntos y un r\u00e9cord de 20-10-7.<\/p>\n<p data-gtm-element-container=\"modulo-texto-link\" class=\"paragraph\">Garc\u00eda jug\u00f3 por \u00faltima vez para el Equipo Europa en 2021, una derrota en Whistling Straits en Wisconsin.<\/p>\n<p data-gtm-element-container=\"modulo-texto-link\" class=\"paragraph\">En su lugar, Donald seleccion\u00f3 a Ludvig Aberg, Matt Fitzpatrick, Viktor Hovland, Shane Lowry, Jon Rahm y Sepp Straka, todos los cuales formaron parte del equipo europeo ganador en el Marco Simone Golf and Country Club, cerca de Roma, en 2023.<\/p>\n<p data-gtm-element-container=\"modulo-texto-link\" class=\"paragraph\">La 45\u00aa Ryder Cup se jugar\u00e1 del 26 al 28 de septiembre en Bethpage Black en Farmingdale, N.Y.<\/p>\n<p data-gtm-element-container=\"modulo-texto-link\" class=\"paragraph\">\u00abLa llamada con Luke estuvo bien pero no fue la llamada que yo quer\u00eda, obviamente, pero la conversaci\u00f3n estuvo bien\u00bb, dijo Garc\u00eda.\u00a0\u00abAhora, lo \u00fanico que puedo hacer es apoyar al equipo desde casa. Es tan sencillo como eso. Estar\u00e9 viendo y animando\u00a0 al equipo europeo\u00bb.<\/p>\n","protected":false},"excerpt":{"rendered":"Sergio Garc\u00eda se ha dado de baja del Abierto de Irlanda de este fin de semana, decepcionado tras&hellip;\n","protected":false},"author":2,"featured_media":89741,"comment_status":"","ping_status":"","sticky":false,"template":"","format":"standard","meta":{"footnotes":""},"categories":[275],"tags":[168,25,24,329,23,167],"class_list":{"0":"post-89740","1":"post","2":"type-post","3":"status-publish","4":"format-standard","5":"has-post-thumbnail","7":"category-golf","8":"tag-deportes","9":"tag-es","10":"tag-espana","11":"tag-golf","12":"tag-spain","13":"tag-sports"},"share_on_mastodon":{"url":"","error":""},"_links":{"self":[{"href":"https:\/\/www.europesays.com\/es\/wp-json\/wp\/v2\/posts\/89740","targetHints":{"allow":["GET"]}}],"collection":[{"href":"https:\/\/www.europesays.com\/es\/wp-json\/wp\/v2\/posts"}],"about":[{"href":"https:\/\/www.europesays.com\/es\/wp-json\/wp\/v2\/types\/post"}],"author":[{"embeddable":true,"href":"https:\/\/www.europesays.com\/es\/wp-json\/wp\/v2\/users\/2"}],"replies":[{"embeddable":true,"href":"https:\/\/www.europesays.com\/es\/wp-json\/wp\/v2\/comments?post=89740"}],"version-history":[{"count":0,"href":"https:\/\/www.europesays.com\/es\/wp-json\/wp\/v2\/posts\/89740\/revisions"}],"wp:featuredmedia":[{"embeddable":true,"href":"https:\/\/www.europesays.com\/es\/wp-json\/wp\/v2\/media\/89741"}],"wp:attachment":[{"href":"https:\/\/www.europesays.com\/es\/wp-json\/wp\/v2\/media?parent=89740"}],"wp:term":[{"taxonomy":"category","embeddable":true,"href":"https:\/\/www.europesays.com\/es\/wp-json\/wp\/v2\/categories?post=89740"},{"taxonomy":"post_tag","embeddable":true,"href":"https:\/\/www.europesays.com\/es\/wp-json\/wp\/v2\/tags?post=89740"}],"curies":[{"name":"wp","href":"https:\/\/api.w.org\/{rel}","templated":true}]}}