{"id":89759,"date":"2025-09-03T04:33:20","date_gmt":"2025-09-03T04:33:20","guid":{"rendered":"https:\/\/www.europesays.com\/es\/89759\/"},"modified":"2025-09-03T04:33:20","modified_gmt":"2025-09-03T04:33:20","slug":"la-pelicula-rodada-en-la-comunitat-que-se-estrena-en-cines-y-que-recomienda-perez-reverte-esplendida","status":"publish","type":"post","link":"https:\/\/www.europesays.com\/es\/89759\/","title":{"rendered":"La pel\u00edcula rodada en la Comunitat que se estrena en cines y que recomienda P\u00e9rez-Reverte: \u00abEspl\u00e9ndida\u00bb"},"content":{"rendered":"<p class=\"v-mdl-ath__p v-mdl-ath__p--6\">\nMartes, 2 de septiembre 2025, 00:25<\/p>\n<p class=\"v-p\">Arturo P\u00e9rez-Reverte es todo un referente como escritor en Espa\u00f1a y tambi\u00e9n en redes sociales, donde sumar 2,5 millones de seguidores en &#8216;X&#8217;. El acad\u00e9mico acostumbra a opinar sobre todo tipo de temas a trav\u00e9s de su perfil, tambi\u00e9n <a href=\"https:\/\/www.lasprovincias.es\/culturas\/libros\/ultimo-libro-recomienda-arturo-perezreverte-ahogo-risa-20250825004709-nt.html\" title=\"www.lasprovincias.es\" data-voc-vtm-id=\"in-text-traffic\" data-mrf-link=\"www.lasprovincias.es\" rel=\"nofollow noopener\" target=\"_blank\">aportando recomendaciones<\/a> literarias o de pel\u00edculas y series que le han gustado.<\/p>\n<p class=\"v-p\">Este lunes, P\u00e9rez-Reverte se ha pronunciado sobre una de las pel\u00edculas que se van a estrenar en los pr\u00f3ximos d\u00edas en cines. Se trata de &#8216;<a href=\"https:\/\/www.lasprovincias.es\/culturas\/cine\/cautivo-nueva-pelicula-amenabar-rodo-comunitat-estrena-20250611220043-nt.html\" title=\"www.lasprovincias.es\" data-voc-vtm-id=\"in-text-traffic\" data-mrf-link=\"www.lasprovincias.es\" rel=\"nofollow noopener\" target=\"_blank\">El cautivo<\/a>&#8216;, que estar\u00e1 disponible en la gran pantalla el pr\u00f3ximo 12 de septiembre y est\u00e1 dirigida por Alejandro Amen\u00e1bar.<\/p>\n<p class=\"v-p\">\u00abHe visto \u00bbEl cautivo\u00ab y me parece una pel\u00edcula espl\u00e9ndida, amena, bien hecha. Hay dos minutos pol\u00e9micos que dar\u00e1n mucho que hablar y no gustar\u00e1n a todos; pero es una visi\u00f3n libre y sincera (y muy valiente) de Alejandro Amen\u00e1bar. La recomiendo de verdad\u00bb, ha escrito.<\/p>\n<p class=\"v-p\">Est\u00e1 protagonizada por Julio Pe\u00f1a y Alessandro Borghi, que junto a Miguel Rell\u00e1n, Fernando Tejero, Luis Callejo, Jos\u00e9 Manuel Poga, Roberto \u00c1lamo, Albert Salazar, Juanma Muniagurria, C\u00e9sar Sarachu, Jorge As\u00edn, Mohamed Said, Walid Charaf y la debutante Luna Berroa, entre otros, completan el reparto.<\/p>\n<p><a href=\"http:\/\/www.lasprovincias.es\/culturas\/cine\/pelicula-encantado-perez-reverte-tres-horas-disfrutandola-20250819002051-nt.html#vtm_modulosEngag=mod-rel:culturas:noticia:1:cmp:1-not\" class=\"v-a-link\" aria-label=\"Imagen\" rel=\"nofollow noopener\" target=\"_blank\"><\/p>\n<p><img decoding=\"async\" loading=\"lazy\" src=\"https:\/\/www.europesays.com\/es\/wp-content\/uploads\/2025\/09\/reverte-kmyB--366x256@Las Provincias.jpg\" class=\"v-a-img\" width=\"258\" height=\"180\" alt=\"\" data-voc-vtm-id=\"in-text-traffic\"\/><\/p>\n<p><\/a><\/p>\n<p class=\"v-p\">El Cautivo es una coproducci\u00f3n hispano-italiana a cargo de Mod Producciones, Himen\u00f3ptero, Misent Producciones, Mod Pictures y Propaganda Italia y cuenta con la participaci\u00f3n de Netflix, RTVE y RAI Cinema y con la financiaci\u00f3n de ICAA &#8211; Ministerio de Cultura &#8211; Gobierno de Espa\u00f1a y Ministerio de Cultura Italiano, con la colaboraci\u00f3n de la Generalitat Valenciana, con el apoyo de Eurimages y Regione Lazio, con la financiaci\u00f3n de Arcano y con la participaci\u00f3n de CREA SGR.<\/p>\n<p class=\"v-p\">La producci\u00f3n rod\u00f3 varias de sus tomas en el municipio alicantino de Anna, Santa Pola o los estudios Ciudad de la Luz de Alicante, as\u00ed como las localidades valencianas de Bocairent y Bu\u00f1ol.<\/p>\n<p>De qu\u00e9 va<\/p>\n<p class=\"v-p\">A\u00f1o 1575. El joven soldado Miguel de Cervantes es capturado en alta mar por corsarios \u00e1rabes y llevado a Argel como reh\u00e9n.<\/p>\n<p class=\"v-p\">Consciente de que all\u00ed le espera una cruel muerte si su familia no paga pronto su rescate, Miguel encontrar\u00e1 refugio en su pasi\u00f3n por contar historias. Sus fascinantes relatos devuelven la esperanza a sus compa\u00f1eros de prisi\u00f3n y acaban por llamar la atenci\u00f3n de Has\u00e1n, el misterioso y temido Baj\u00e1 de Argel, con el que comienza a desarrollar una extra\u00f1a afinidad.<\/p>\n<p class=\"v-p\">Mientras los conflictos crecen entre sus compa\u00f1eros, Miguel, llevado por su inquebrantable optimismo, comenzar\u00e1 a idear un arriesgado plan de fuga.<\/p>\n<p>Comenta<\/p>\n<p>Reporta un error<\/p>\n","protected":false},"excerpt":{"rendered":"Martes, 2 de septiembre 2025, 00:25 Arturo P\u00e9rez-Reverte es todo un referente como escritor en Espa\u00f1a y tambi\u00e9n&hellip;\n","protected":false},"author":2,"featured_media":89760,"comment_status":"","ping_status":"","sticky":false,"template":"","format":"standard","meta":{"footnotes":""},"categories":[169],"tags":[177,9806,23242,146,147,25,24,32896,1719,176,175,1257,19222,4591,7417,23],"class_list":{"0":"post-89759","1":"post","2":"type-post","3":"status-publish","4":"format-standard","5":"has-post-thumbnail","7":"category-cine","8":"tag-cine","9":"tag-cines","10":"tag-comunitat","11":"tag-entertainment","12":"tag-entretenimiento","13":"tag-es","14":"tag-espana","15":"tag-esplendida","16":"tag-estrena","17":"tag-film","18":"tag-movies","19":"tag-pelicula","20":"tag-perezreverte","21":"tag-recomienda","22":"tag-rodada","23":"tag-spain"},"share_on_mastodon":{"url":"","error":""},"_links":{"self":[{"href":"https:\/\/www.europesays.com\/es\/wp-json\/wp\/v2\/posts\/89759","targetHints":{"allow":["GET"]}}],"collection":[{"href":"https:\/\/www.europesays.com\/es\/wp-json\/wp\/v2\/posts"}],"about":[{"href":"https:\/\/www.europesays.com\/es\/wp-json\/wp\/v2\/types\/post"}],"author":[{"embeddable":true,"href":"https:\/\/www.europesays.com\/es\/wp-json\/wp\/v2\/users\/2"}],"replies":[{"embeddable":true,"href":"https:\/\/www.europesays.com\/es\/wp-json\/wp\/v2\/comments?post=89759"}],"version-history":[{"count":0,"href":"https:\/\/www.europesays.com\/es\/wp-json\/wp\/v2\/posts\/89759\/revisions"}],"wp:featuredmedia":[{"embeddable":true,"href":"https:\/\/www.europesays.com\/es\/wp-json\/wp\/v2\/media\/89760"}],"wp:attachment":[{"href":"https:\/\/www.europesays.com\/es\/wp-json\/wp\/v2\/media?parent=89759"}],"wp:term":[{"taxonomy":"category","embeddable":true,"href":"https:\/\/www.europesays.com\/es\/wp-json\/wp\/v2\/categories?post=89759"},{"taxonomy":"post_tag","embeddable":true,"href":"https:\/\/www.europesays.com\/es\/wp-json\/wp\/v2\/tags?post=89759"}],"curies":[{"name":"wp","href":"https:\/\/api.w.org\/{rel}","templated":true}]}}