{"id":89789,"date":"2025-09-03T04:53:04","date_gmt":"2025-09-03T04:53:04","guid":{"rendered":"https:\/\/www.europesays.com\/es\/89789\/"},"modified":"2025-09-03T04:53:04","modified_gmt":"2025-09-03T04:53:04","slug":"carmen-blanco-sanjurjo-libro-carmen-blanco-sanjurjo-incidire-en-las-protagonistas-femeninas-de-la-revuelta-irmandina","status":"publish","type":"post","link":"https:\/\/www.europesays.com\/es\/89789\/","title":{"rendered":"CARMEN BLANCO SANJURJO LIBRO | Carmen Blanco Sanjurjo: \u00abIncidir\u00e9 en las protagonistas femeninas de la revuelta irmandi\u00f1a\u00bb"},"content":{"rendered":"<p class=\"ft-text\"><strong>Carmen Blanco Sanjurjo (Ferrol, 1963) es parte del grupo de ponentes de las jornadas<\/strong><strong> Compostela Hist\u00f3rica<\/strong><strong> (26 y 27 de septiembre en el IES Rosal\u00eda de Castro). <\/strong>Licenciada en Derecho por la Universidad de<a class=\"ft-link ft-link--decoration\" href=\"https:\/\/www.elcorreogallego.es\/santiago\/\" rel=\"nofollow noopener\" target=\"_blank\"> Santiago<\/a> en los 80 (\u00abTodav\u00eda conservo amigos de esa \u00e9poca, amigos para siempre y que forman parte de los mejores momentos de mi vida\u00bb, aclara a EL CORREO GALLEGO), despu\u00e9s de ejercer como abogada en Compostela, Madrid y Sevilla, volvi\u00f3 a Galicia.<\/p>\n<p>Doble cita en el Rosal\u00eda<\/p>\n<p class=\"ft-text\">Formada como actriz y dramaturga en la Escuela de Teatro de Nar\u00f3n, <strong>Carmen Blanco Sanjurjo <\/strong>ha escrito, interpretado y dirigido varias obras de teatro antes de hilar Gorriones y Halcones, una novela hist\u00f3rica publicada por Ediciones del Viento. Blanco Sanjurjo interviene el d\u00eda 27 (a las 18 h.) en el citado foro de divulgaci\u00f3n y narrativa,<strong> jornadas impulsadas por la Xunta de Galicia y dirigidas por el compostelano Rodrigo Costoya, novelista y profesor de Educaci\u00f3n F\u00edsica en el citado instituto Rosal\u00eda.<\/strong><\/p>\n<p>Personajes fascinantes femeninos<\/p>\n<p class=\"ft-text\"><strong>\u00bfC\u00f3mo valora un proyecto naciente como estas jornadas tituladas <\/strong><strong>Compostela Hist\u00f3rica<\/strong><strong>?<\/strong><\/p>\n<p class=\"ft-text\">Me parecen una iniciativa interesante y necesaria porque muchas veces conocemos m\u00e1s la historia de otros pa\u00edses que la nuestra y la nuestra est\u00e1 a la altura de cualquier otra, tanto en \u00e9pica como en cuanto a personajes fascinantes femeninos y masculinos. Los hechos reales que sucedieron en Galicia superan de lejos a la ficci\u00f3n m\u00e1s descabellada.<\/p>\n<blockquote class=\"ft-mol-quote\" data-aida-quote=\"\"><p>La revuelta irmandi\u00f1a fue la revuelta social m\u00e1s importante de su \u00e9poca<\/p>\n<p class=\"ft-mol-quote__author--name\">Carmen Blanco Sanjurjo <\/p>\n<p class=\"ft-mol-quote__author--status\">\u2014 Autora del libro \u2018Gorriones y halcones\u2019<\/p>\n<\/blockquote>\n<p class=\"ft-text\"><strong>El libro viaja a la Galicia de 1467, \u00bfen qu\u00e9 incidir\u00e1 su charla? <\/strong><\/p>\n<p class=\"ft-text\">En primer lugar, voy a resaltar que la revuelta irmandi\u00f1a fue la revuelta social m\u00e1s importante de su \u00e9poca y sus dos a\u00f1os de gobierno fueron el primer gobierno democr\u00e1tico de Europa despu\u00e9s del griego y de la Junta de Le\u00f3n de 1118. Y en segundo lugar, incidir\u00e9 en las protagonistas femeninas de la revuelta, mujeres con poder como do\u00f1a Juana de Castro, una de las principales promotoras de la hermandad de Santiago; o Maria de Montaos, la mujer de Alonso de Lanz\u00f3s, que defendi\u00f3 el castillo de Mes\u00eda ante las tropas del conde de Andrade y de Pardo de Cela, y, seg\u00fan cuentan las cr\u00f3nicas, se comieron hasta los cueros de las alfombras, pero lograron resistir m\u00e1s de dos meses. Incidir\u00e9 en ellas y en otras mujeres como son Urraca de Moscoso o Teresa de Z\u00fa\u00f1iga que tuvieron un papel muy relevante y activo.<\/p>\n<p>Sobre Bieito Romero, otro ponente<\/p>\n<p class=\"ft-text\"><strong>El book trailer del libro lleva la m\u00fasica y voces de Xurxo Roman\u00ed y Ana Cerezo, \u00bftiene querencia por el folk? Lo digo porque otro ponente de las jornadas llamadas<\/strong><a class=\"ft-link ft-link--decoration\" href=\"https:\/\/www.compostelahistorica.org\/\" target=\"_blank\" rel=\"nofollow noopener\"><strong> &#8216;Compostela Hist\u00f3rica<\/strong><\/a><strong>&#8216; es Bieito Romero, l\u00edder de Luar na Lubre&#8230; <\/strong><\/p>\n<p class=\"ft-text\">Conoc\u00ed a Xurxo por una actuaci\u00f3n que realiz\u00f3 en la Taberna del monasterio de Caaveiro, de ah\u00ed surgi\u00f3 una amistad y cuando le habl\u00e9 del proyecto quiso colaborar. El sonido de la zanfona y de la gaita tocan algo profundo que todos llevamos dentro, y la canci\u00f3n O mencer de un pobo, compuesta especialmente para el book trailer por Xurxo y Ana, es una de las claves de la repercusi\u00f3n que ha tenido en redes. El folk me apasiona desde adolescente y Bieito Romero es un grande y, para m\u00ed, entra en la categor\u00eda de leyendas vivas.<\/p>\n<p class=\"ft-text\"><strong>\u00bfCu\u00e1ndo habr\u00e1 un nuevo libro?, \u00bfle gustar\u00eda seguir por la veta de la novela hist\u00f3rica? <\/strong><\/p>\n<p class=\"ft-text\">Este libro forma parte de una trilog\u00eda y ya estoy inmersa en la escritura de segunda parte, que transcurre durante los dos a\u00f1os de gobierno irmandi\u00f1o. Una de las cosas que m\u00e1s me emociona es que la gente que termina el libro, que tiene 736 p\u00e1ginas, me pregunta que cu\u00e1ndo sale el segundo..<strong>. Si todo sale tal y c\u00f3mo est\u00e1 previsto, espero publicarlo a finales de 2026 tambi\u00e9n con Ediciones del Viento, que lanzar\u00e1 la edici\u00f3n en gallego en octubre de este a\u00f1o<\/strong>. Ser\u00e1 el primer libro de est\u00e1 editorial en gallego y eso me hace muy feliz.<\/p>\n","protected":false},"excerpt":{"rendered":"Carmen Blanco Sanjurjo (Ferrol, 1963) es parte del grupo de ponentes de las jornadas Compostela Hist\u00f3rica (26 y&hellip;\n","protected":false},"author":2,"featured_media":89790,"comment_status":"","ping_status":"","sticky":false,"template":"","format":"standard","meta":{"footnotes":""},"categories":[172],"tags":[8135,224,14750,209,146,147,25,24,448,32908,225,6874,32907,2450,23],"class_list":{"0":"post-89789","1":"post","2":"type-post","3":"status-publish","4":"format-standard","5":"has-post-thumbnail","7":"category-libros","8":"tag-blanco","9":"tag-books","10":"tag-carmen","11":"tag-cultura","12":"tag-entertainment","13":"tag-entretenimiento","14":"tag-es","15":"tag-espana","16":"tag-historia","17":"tag-incidire","18":"tag-libros","19":"tag-protagonistas","20":"tag-sanjurjo","21":"tag-santiago","22":"tag-spain"},"share_on_mastodon":{"url":"","error":""},"_links":{"self":[{"href":"https:\/\/www.europesays.com\/es\/wp-json\/wp\/v2\/posts\/89789","targetHints":{"allow":["GET"]}}],"collection":[{"href":"https:\/\/www.europesays.com\/es\/wp-json\/wp\/v2\/posts"}],"about":[{"href":"https:\/\/www.europesays.com\/es\/wp-json\/wp\/v2\/types\/post"}],"author":[{"embeddable":true,"href":"https:\/\/www.europesays.com\/es\/wp-json\/wp\/v2\/users\/2"}],"replies":[{"embeddable":true,"href":"https:\/\/www.europesays.com\/es\/wp-json\/wp\/v2\/comments?post=89789"}],"version-history":[{"count":0,"href":"https:\/\/www.europesays.com\/es\/wp-json\/wp\/v2\/posts\/89789\/revisions"}],"wp:featuredmedia":[{"embeddable":true,"href":"https:\/\/www.europesays.com\/es\/wp-json\/wp\/v2\/media\/89790"}],"wp:attachment":[{"href":"https:\/\/www.europesays.com\/es\/wp-json\/wp\/v2\/media?parent=89789"}],"wp:term":[{"taxonomy":"category","embeddable":true,"href":"https:\/\/www.europesays.com\/es\/wp-json\/wp\/v2\/categories?post=89789"},{"taxonomy":"post_tag","embeddable":true,"href":"https:\/\/www.europesays.com\/es\/wp-json\/wp\/v2\/tags?post=89789"}],"curies":[{"name":"wp","href":"https:\/\/api.w.org\/{rel}","templated":true}]}}