{"id":90005,"date":"2025-09-03T06:53:04","date_gmt":"2025-09-03T06:53:04","guid":{"rendered":"https:\/\/www.europesays.com\/es\/90005\/"},"modified":"2025-09-03T06:53:04","modified_gmt":"2025-09-03T06:53:04","slug":"el-tabaquismo-pasivo-en-la-infancia-perjudica-la-salud-pulmonar-de-futuros-hijos","status":"publish","type":"post","link":"https:\/\/www.europesays.com\/es\/90005\/","title":{"rendered":"El tabaquismo pasivo en la infancia perjudica la salud pulmonar de futuros hijos"},"content":{"rendered":"<p>De acuerdo con los resultados del art\u00edculo que ha publicado la revista Thorax, los hijos de hombres que estuvieron expuestos al humo ambiental del tabaco durante la infancia y la adolescencia tendr\u00edan un mayor riesgo de padecer enfermedades respiratorias a lo largo de su vida. Se trata de un trabajo indudablemente robusto, en el que se evalu\u00f3 la funci\u00f3n respiratoria de una numerosa cohorte de personas nacidas en 1961 a lo largo de varias d\u00e9cadas, a pesar de tratarse de un estudio observacional y de que los datos relativos a la exposici\u00f3n al humo ambiental y otras importantes variables se obtuvieron de forma retrospectiva a partir de autoinformes.\u00a0<\/p>\n<p>Aunque se necesitar\u00e1n m\u00e1s investigaciones para confirmar si los efectos perjudiciales de la exposici\u00f3n involuntaria al tabaco durante la infancia se transmiten a la siguiente generaci\u00f3n, los resultados de este estudio apoyan la necesidad de mejorar la protecci\u00f3n de la infancia y la adolescencia frente al humo del tabaco. En Espa\u00f1a se ha iniciado un proceso de actualizaci\u00f3n de la normativa largamente reclamado por organizaciones como el <a href=\"https:\/\/cnpt.es\/comunicado-del-cnpt-sobre-el-borrador-de-la-futura-normativa-de-tabaco\/\" rel=\"nofollow noopener\" target=\"_blank\">Comit\u00e9 Nacional para la Prevenci\u00f3n del Tabaquismo<\/a> que va en esa direcci\u00f3n, puesto que contempla extender la prohibici\u00f3n de fumar a entornos frecuentados por menores, como los equipamientos deportivos, los accesos a las escuelas o los autom\u00f3viles.<\/p>\n","protected":false},"excerpt":{"rendered":"De acuerdo con los resultados del art\u00edculo que ha publicado la revista Thorax, los hijos de hombres que&hellip;\n","protected":false},"author":2,"featured_media":90006,"comment_status":"","ping_status":"","sticky":false,"template":"","format":"standard","meta":{"footnotes":""},"categories":[92],"tags":[4030,25,24,165,166,23,21422],"class_list":{"0":"post-90005","1":"post","2":"type-post","3":"status-publish","4":"format-standard","5":"has-post-thumbnail","7":"category-salud","8":"tag-adicciones","9":"tag-es","10":"tag-espana","11":"tag-health","12":"tag-salud","13":"tag-spain","14":"tag-tabaquismo"},"share_on_mastodon":{"url":"","error":""},"_links":{"self":[{"href":"https:\/\/www.europesays.com\/es\/wp-json\/wp\/v2\/posts\/90005","targetHints":{"allow":["GET"]}}],"collection":[{"href":"https:\/\/www.europesays.com\/es\/wp-json\/wp\/v2\/posts"}],"about":[{"href":"https:\/\/www.europesays.com\/es\/wp-json\/wp\/v2\/types\/post"}],"author":[{"embeddable":true,"href":"https:\/\/www.europesays.com\/es\/wp-json\/wp\/v2\/users\/2"}],"replies":[{"embeddable":true,"href":"https:\/\/www.europesays.com\/es\/wp-json\/wp\/v2\/comments?post=90005"}],"version-history":[{"count":0,"href":"https:\/\/www.europesays.com\/es\/wp-json\/wp\/v2\/posts\/90005\/revisions"}],"wp:featuredmedia":[{"embeddable":true,"href":"https:\/\/www.europesays.com\/es\/wp-json\/wp\/v2\/media\/90006"}],"wp:attachment":[{"href":"https:\/\/www.europesays.com\/es\/wp-json\/wp\/v2\/media?parent=90005"}],"wp:term":[{"taxonomy":"category","embeddable":true,"href":"https:\/\/www.europesays.com\/es\/wp-json\/wp\/v2\/categories?post=90005"},{"taxonomy":"post_tag","embeddable":true,"href":"https:\/\/www.europesays.com\/es\/wp-json\/wp\/v2\/tags?post=90005"}],"curies":[{"name":"wp","href":"https:\/\/api.w.org\/{rel}","templated":true}]}}