{"id":90007,"date":"2025-09-03T06:54:10","date_gmt":"2025-09-03T06:54:10","guid":{"rendered":"https:\/\/www.europesays.com\/es\/90007\/"},"modified":"2025-09-03T06:54:10","modified_gmt":"2025-09-03T06:54:10","slug":"quien-es-jesse-williams-la-estrella-de-hollywood-mas-sexy-del-mundo-y-nueva-ilusion-de-alejandra-onieva","status":"publish","type":"post","link":"https:\/\/www.europesays.com\/es\/90007\/","title":{"rendered":"Qui\u00e9n es Jesse Williams, la estrella de Hollywood &#8216;m\u00e1s sexy&#8217; del mundo y nueva ilusi\u00f3n de Alejandra Onieva"},"content":{"rendered":"<p id=\"eBoutUX52y\" data-wc=\"96\"><strong>Alejandra Onieva\u00a0<\/strong>vuelve a estar ilusionada. Tres a\u00f1os despu\u00e9s de su ruptura con el nominado al Oscar Sebastian Stan, el coraz\u00f3n de la actriz vuelve a tener due\u00f1o. <a class=\"hm-link\" href=\"https:\/\/www.hola.com\/fashion\/tendencias\/2024022676944\/alejandra-onieva-look-lujo-silencioso-milan-fashion-week\/\" data-mrf-recirculation=\"article-body-link\" rel=\"nofollow noopener\" target=\"_blank\">La cu\u00f1ada de Tamara Falc\u00f3 se ha dejado ver<\/a> por la milla de oro de Madrid compartiendo sonrisas, abrazos y mucha, pero mucha complicidad con <strong>Jesse Williams, coronado como el \u00abhombre m\u00e1s sexy del mundo\u00bb<\/strong> seg\u00fan la revista People\u00a0en 2016; t\u00edtulo que defendi\u00f3 durante todo su paso por <a class=\"hm-link\" href=\"https:\/\/www.hola.com\/actualidad\/20210908195677\/abigail-spencer-anatomia-grey-regreso-kate-walsh-al\/\" data-mrf-recirculation=\"article-body-link\" rel=\"nofollow noopener\" target=\"_blank\">Anatom\u00eda de Grey, donde nos conquist\u00f3 con su intensa mirada verde<\/a> y su sensibilidad a la hora de actuar.<\/p>\n<p> <img src=\"https:\/\/www.europesays.com\/es\/wp-content\/uploads\/2025\/09\/716eee6d0742-gettyimages-1183303057.jpg\"   width=\"2500\" height=\"3381\" loading=\"lazy\" decoding=\"async\" alt=\"Media Image\" fetchpriority=\"auto\" class=\"image ho-image\"\/>\u00a9 Getty Images<\/p>\n<p id=\"eo1DB3bOI_\" data-wc=\"71\">Jesse y Alejandra se conocieron durante los primeros meses de 2024<strong>\u00a0mientras rodaban en Positano Hotel Costiera,<\/strong> el pr\u00f3ximo \u00e9xito de\u00a0Amazon Prime Video y uno de los estrenos m\u00e1s esperados por los seguidores de ambos, que ver\u00e1 la luz el 24 de este mes de septiembre. A pesar de haberse conocido hace m\u00e1s de un a\u00f1o, ha sido ahora cuando <strong>\u00a1HOLA!<\/strong><strong>\u00a0ha publicado en exclusiva el romance <\/strong>entre ambos int\u00e9rpretes.<\/p>\n<p>Divorciado y padre de dos hijos<\/p>\n<p id=\"eqSRo8Mg_x\" data-wc=\"48\">El actor, que cumpli\u00f3 hace un mes los<strong> 44 a\u00f1os<\/strong>, naci\u00f3 en Chicago y el cine siempre ha sido su pasi\u00f3n, la cual comparte con sus dos hermanos. Se gradu\u00f3 en un doble grado en <strong>Estudios Afroamericanos y Cine y Artes Medi\u00e1ticas <\/strong>en la Universidad de Temple (Pensilvania).<\/p>\n<p> <img src=\"https:\/\/www.europesays.com\/es\/wp-content\/uploads\/2025\/09\/e994031051b6-gettyimages-159961908.jpg\"   width=\"1080\" height=\"1080\" loading=\"lazy\" decoding=\"async\" alt=\"Media Image\" fetchpriority=\"auto\" class=\"image ho-image\"\/>\u00a9 Getty Images<\/p>\n<p id=\"egkBW0Lv1l\" data-wc=\"61\">En lo personal, Jesse <strong>comparte dos hijos \u2014Sadie, de once a\u00f1os, y Maceo, de diez\u2014 con la agente inmobiliaria Aryn Drake-Lee,<\/strong> de quien se<strong> divorci\u00f3 en 2017 <\/strong>despu\u00e9s de cinco a\u00f1os de matrimonio. Desde entonces, se le ha relacionado con<strong> Ciarra Pardo,<\/strong> directora de cine, y <strong>Taylor Rooks,<\/strong> aunque con ninguna se ha dejado ver igual de enamorado que con Alejandra.\u00a0<\/p>\n<p>Dos d\u00e9cadas en Hollywood<\/p>\n<p id=\"eCPYUamhpi\" data-wc=\"36\">Aunque su <strong>debut en el cine fue en 2005<\/strong> con The Sisterhood of the Traveling Pants, su <strong>primer papel protagonista <\/strong>llegar\u00eda siete a\u00f1os despu\u00e9s,<strong> en 2012<\/strong>, con el filme de terror The Cabin in the Woods.\u00a0<\/p>\n<p> <img src=\"https:\/\/www.europesays.com\/es\/wp-content\/uploads\/2025\/09\/8112e889ea02-gettyimages-632495988.jpg\"   width=\"2500\" height=\"1666\" loading=\"lazy\" decoding=\"async\" alt=\"Media Image\" fetchpriority=\"auto\" class=\"image ho-image\"\/>\u00a9 Getty Images<\/p>\n<p id=\"e_h490atdEv\" data-wc=\"62\">Sin embargo, fue durante <strong>Anatom\u00eda de Grey<\/strong><strong>\u00a0cuando marc\u00f3 a toda una generaci\u00f3n con Jackson Avery, <\/strong>el apuesto cirujano pl\u00e1stico que apareci\u00f3 por primera vez en pantalla durante la sexta temporada del <a class=\"hm-link\" href=\"https:\/\/www.hola.com\/actualidad\/20250425827420\/ellen-pompeo-motivo-no-piensa-abandonar-nunca-anatomia-de-grey\/\" data-mrf-recirculation=\"article-body-link\" rel=\"nofollow noopener\" target=\"_blank\">drama protagonizado por Ellen Pompeo<\/a>, en 2009. Conquist\u00f3 la peque\u00f1a pantalla con la famosa producci\u00f3n durante <strong>doce temporadas, hasta 2021<\/strong>, cuando se emiti\u00f3 el \u00faltimo cap\u00edtulo de la temporada 17.\u00a0<\/p>\n<p>Faceta como activista<\/p>\n<p id=\"ev49lgbwxS\" data-wc=\"52\">En 2016 fue nombrado el \u00ab<a class=\"hm-link\" href=\"https:\/\/www.hola.com\/actualidad\/20241113729789\/john-krasinski-hombre-mas-sexy-people\/\" data-mrf-recirculation=\"article-body-link\" rel=\"nofollow noopener\" target=\"_blank\">hombre m\u00e1s sexy del mundo\u00bb por la revista People<\/a>\u00a0y, aprovechando su tir\u00f3n medi\u00e1tico, a menudo publica sobre <strong>causas sociales que le preocupan y con las que est\u00e1 comprometido<\/strong>; demostrando que, a pesar de su faceta como actor, su papel m\u00e1s importante es su aspecto como activista.\u00a0<\/p>\n<p> <img src=\"https:\/\/www.europesays.com\/es\/wp-content\/uploads\/2025\/09\/b3e01d86bc0e-gettyimages-1829714077.jpg\"   width=\"2500\" height=\"3256\" loading=\"lazy\" decoding=\"async\" alt=\"Media Image\" fetchpriority=\"auto\" class=\"image ho-image\"\/>\u00a9 Getty Images<\/p>\n<p id=\"eIS5lbwPib\" data-wc=\"65\">M\u00e1s all\u00e1 de ser una de las estrellas de Hollywood m\u00e1s aclamadas, Jesse es <strong>miembro de la junta directiva de\u00a0<\/strong><strong>Advancement Project,<\/strong> una organizaci\u00f3n de derechos civiles y ha <strong>producido numerosos proyectos que se centran en la b\u00fasqueda de la justicia social<\/strong>, como Question Bridge, el documental que sali\u00f3 a la luz en 2012 que narraba el d\u00eda a d\u00eda de los hombres negros estadounidenses.\u00a0<\/p>\n","protected":false},"excerpt":{"rendered":"Alejandra Onieva\u00a0vuelve a estar ilusionada. Tres a\u00f1os despu\u00e9s de su ruptura con el nominado al Oscar Sebastian Stan,&hellip;\n","protected":false},"author":2,"featured_media":90008,"comment_status":"","ping_status":"","sticky":false,"template":"","format":"standard","meta":{"footnotes":""},"categories":[91],"tags":[517,33004,146,147,25,24,23],"class_list":{"0":"post-90007","1":"post","2":"type-post","3":"status-publish","4":"format-standard","5":"has-post-thumbnail","7":"category-entretenimiento","8":"tag-actualidad","9":"tag-alejandra-onieva","10":"tag-entertainment","11":"tag-entretenimiento","12":"tag-es","13":"tag-espana","14":"tag-spain"},"share_on_mastodon":{"url":"","error":""},"_links":{"self":[{"href":"https:\/\/www.europesays.com\/es\/wp-json\/wp\/v2\/posts\/90007","targetHints":{"allow":["GET"]}}],"collection":[{"href":"https:\/\/www.europesays.com\/es\/wp-json\/wp\/v2\/posts"}],"about":[{"href":"https:\/\/www.europesays.com\/es\/wp-json\/wp\/v2\/types\/post"}],"author":[{"embeddable":true,"href":"https:\/\/www.europesays.com\/es\/wp-json\/wp\/v2\/users\/2"}],"replies":[{"embeddable":true,"href":"https:\/\/www.europesays.com\/es\/wp-json\/wp\/v2\/comments?post=90007"}],"version-history":[{"count":0,"href":"https:\/\/www.europesays.com\/es\/wp-json\/wp\/v2\/posts\/90007\/revisions"}],"wp:featuredmedia":[{"embeddable":true,"href":"https:\/\/www.europesays.com\/es\/wp-json\/wp\/v2\/media\/90008"}],"wp:attachment":[{"href":"https:\/\/www.europesays.com\/es\/wp-json\/wp\/v2\/media?parent=90007"}],"wp:term":[{"taxonomy":"category","embeddable":true,"href":"https:\/\/www.europesays.com\/es\/wp-json\/wp\/v2\/categories?post=90007"},{"taxonomy":"post_tag","embeddable":true,"href":"https:\/\/www.europesays.com\/es\/wp-json\/wp\/v2\/tags?post=90007"}],"curies":[{"name":"wp","href":"https:\/\/api.w.org\/{rel}","templated":true}]}}