{"id":90011,"date":"2025-09-03T06:56:11","date_gmt":"2025-09-03T06:56:11","guid":{"rendered":"https:\/\/www.europesays.com\/es\/90011\/"},"modified":"2025-09-03T06:56:11","modified_gmt":"2025-09-03T06:56:11","slug":"ibex-35-hoy-la-bolsa-en-directo-el-ibex-intenta-frenar-su-caida","status":"publish","type":"post","link":"https:\/\/www.europesays.com\/es\/90011\/","title":{"rendered":"Ibex 35 hoy, La Bolsa en Directo | El Ibex intenta frenar su ca\u00edda"},"content":{"rendered":"<p class=\"ue-c-article__paragraph\">\n                                        Los inversores hacen frente esta vez a la tentaci\u00f3n de recoger beneficios. Los mercados frenan las ca\u00eddas con las que ha comenzado septiembre, sin perder de vista los \u00faltimos sobresaltos en la deuda. El Ibex, tras perder casi un 2,5% en tres sesiones, se esfuerza en poner freno a su correcci\u00f3n.\n                                    <\/p>\n<p class=\"ue-c-article__paragraph\">La expectaci\u00f3n que generan los pr\u00f3ximos datos de empleo de Estados Unidos por sus implicaciones macro y monetarias ha ido acompa\u00f1ada en las \u00faltimas jornadas de un claro predominio de las ventas. Las desinversiones han alcanzado a la Bolsa, pero tambi\u00e9n de manera muy especial, a la deuda, hasta el punto de elevar la tensi\u00f3n sobre el conjunto de los mercados. <\/p>\n<p class=\"ue-c-article__paragraph\">Los <strong>recelos hacia la deuda<\/strong> ponen en guardia a los inversores. Despu\u00e9s de los sobresaltos vividos recientemente con los bonos de Estados Unidos, jornadas como la de ayer plasmaron los temores pol\u00edticos y fiscales que suscitan pa\u00edses como Jap\u00f3n, Francia y Reino Unido. <\/p>\n","protected":false},"excerpt":{"rendered":"Los inversores hacen frente esta vez a la tentaci\u00f3n de recoger beneficios. Los mercados frenan las ca\u00eddas con&hellip;\n","protected":false},"author":2,"featured_media":90012,"comment_status":"","ping_status":"","sticky":false,"template":"","format":"standard","meta":{"footnotes":""},"categories":[80],"tags":[2300,12239,82,95,94,25,24,114,23],"class_list":{"0":"post-90011","1":"post","2":"type-post","3":"status-publish","4":"format-standard","5":"has-post-thumbnail","7":"category-economia","8":"tag-bolsa","9":"tag-bolsa-de-wall-street","10":"tag-business","11":"tag-economia","12":"tag-economy","13":"tag-es","14":"tag-espana","15":"tag-mercados","16":"tag-spain"},"share_on_mastodon":{"url":"","error":""},"_links":{"self":[{"href":"https:\/\/www.europesays.com\/es\/wp-json\/wp\/v2\/posts\/90011","targetHints":{"allow":["GET"]}}],"collection":[{"href":"https:\/\/www.europesays.com\/es\/wp-json\/wp\/v2\/posts"}],"about":[{"href":"https:\/\/www.europesays.com\/es\/wp-json\/wp\/v2\/types\/post"}],"author":[{"embeddable":true,"href":"https:\/\/www.europesays.com\/es\/wp-json\/wp\/v2\/users\/2"}],"replies":[{"embeddable":true,"href":"https:\/\/www.europesays.com\/es\/wp-json\/wp\/v2\/comments?post=90011"}],"version-history":[{"count":0,"href":"https:\/\/www.europesays.com\/es\/wp-json\/wp\/v2\/posts\/90011\/revisions"}],"wp:featuredmedia":[{"embeddable":true,"href":"https:\/\/www.europesays.com\/es\/wp-json\/wp\/v2\/media\/90012"}],"wp:attachment":[{"href":"https:\/\/www.europesays.com\/es\/wp-json\/wp\/v2\/media?parent=90011"}],"wp:term":[{"taxonomy":"category","embeddable":true,"href":"https:\/\/www.europesays.com\/es\/wp-json\/wp\/v2\/categories?post=90011"},{"taxonomy":"post_tag","embeddable":true,"href":"https:\/\/www.europesays.com\/es\/wp-json\/wp\/v2\/tags?post=90011"}],"curies":[{"name":"wp","href":"https:\/\/api.w.org\/{rel}","templated":true}]}}