{"id":90031,"date":"2025-09-03T07:08:04","date_gmt":"2025-09-03T07:08:04","guid":{"rendered":"https:\/\/www.europesays.com\/es\/90031\/"},"modified":"2025-09-03T07:08:04","modified_gmt":"2025-09-03T07:08:04","slug":"miguel-linares-director-deportivo-del-real-aviles-a-josin-no-queriamos-dejarlo-tirado-y-le-hemos-dado-tres-opciones","status":"publish","type":"post","link":"https:\/\/www.europesays.com\/es\/90031\/","title":{"rendered":"Miguel Linares, director deportivo del Real Avil\u00e9s: \u00abA Jos\u00edn no quer\u00edamos dejarlo tirado y le hemos dado tres opciones\u00bb"},"content":{"rendered":"<p>Miguel Linares (Ja\u00e9n, 1991) ha logrado volver a ser director deportivo de Primera RFEF tras conseguir el ascenso con el <a href=\"https:\/\/www.elcomercio.es\/real-aviles\/\" title=\"www.elcomercio.es\" data-voc-vtm-id=\"in-text-traffic\" data-mrf-link=\"www.elcomercio.es\" rel=\"nofollow noopener\" target=\"_blank\">Real Avil\u00e9s Industrial<\/a>. En  &#8230; lo que ser\u00e1 su tercer curso en la categor\u00eda, disputando el &#8216;play off&#8217; de ascenso a Segunda Divisi\u00f3n en ambas temporadas al frente de la direcci\u00f3n deportiva del Linares, ha protagonizado un verano intenso, que le ha dejado exhausto pero tambi\u00e9n con la sensaci\u00f3n del deber cumplido. Ahora, a esperar por las notas, \u00abque, como siempre, ser\u00e1n en mayo\u00bb, sonr\u00ede.<\/p>\n<p class=\"v-p\"><strong>\u2013Acaba de finalizar su tercera ventana de fichajes como director deportivo del Real Avil\u00e9s. \u00bfHa sido la m\u00e1s dif\u00edcil de todas?<\/strong><\/p>\n<p class=\"v-p\">\u2013No, no. La m\u00e1s dif\u00edcil fue sin duda la primera. Me cost\u00f3 mucho convencer a los jugadores del proyecto que est\u00e1bamos construyendo. Esta temporada, tras el ascenso a Primera RFEF, aunque con sus matices, ha sido m\u00e1s sencillo atraer futbolistas.<\/p>\n<p class=\"v-p\"><strong>\u2013Si se mira la procedencia de los fichajes, al final todos han llegado de la zona media-baja de Primera RFEF o de la zona alta de Segunda RFEF. \u00bfEse ha sido el mercado del Real Avil\u00e9s este verano?<\/strong><\/p>\n<p class=\"v-p\">\u2013En primer lugar, quiero dejar claro que nosotros no fichamos seg\u00fan la procedencia, sino que firmamos perfiles. Es cierto que tenemos jugadores como Yasser, que vienen de estar en la mitad de la tabla de Primera RFEF, otros como Adri G\u00f3mez que descendi\u00f3 con el Sestao y hay casos como el de Quicala, que vienen de Segunda RFEF. O Ra\u00fal Rubio. Pero al final ese es nuestro mercado, claro. Intentamos acercarnos a alg\u00fan jugador que hab\u00eda disputado &#8216;play off&#8217; o de la zona alta de la tabla y se nos iba totalmente del presupuesto. Son palabras mayores todav\u00eda para nosotros.<\/p>\n<p class=\"v-p\"><strong>\u2013\u00bfLe qued\u00f3 alguna espina clavada, alg\u00fan jugador que quisiese traerlo s\u00ed o s\u00ed al equipo y no fuese capaz de conseguirlo?<\/strong><\/p>\n<p class=\"v-p\">\u2013La verdad es que no. Tanto Antonio \u2013Cruz, secretario t\u00e9cnico\u2013 como yo estamos bastante contentos con la plantilla que hemos conformado, con la ayuda de Diego \u2013Baeza, presidente\u2013 y Dani \u2013Vidal, entrenador\u2013 desde su llegada. Al final son trece incorporaciones, diez jugadores que contin\u00faan del a\u00f1o pasado y tenemos perfiles diferentes para jugar a cosas distintas tanto de inicio como a lo largo de un partido. Todas las posiciones est\u00e1n dobladas y adem\u00e1s tenemos una figura como la de Pablo \u00c1lvarez que nos faltaba la temporada pasada. Un quinto mediocentro, un &#8216;8&#8217; polivalente con caracter\u00edsticas diferentes a lo que ten\u00edamos, que es capaz de conservar el bal\u00f3n y mantener la posesi\u00f3n.<\/p>\n<p class=\"v-p\"><strong>\u2013Quer\u00eda una plantilla larga. \u00bfInfluye el h\u00e1ndicap de no tener un filial en categor\u00eda nacional?<\/strong><\/p>\n<p class=\"v-p\">\u2013En ese sentido estamos por detr\u00e1s de otros rivales, aunque me consta que el club est\u00e1 trabajando para que la cantera siga dando pasos hacia adelante. Est\u00e1 claro que con un filial con sub 23 interesantes podr\u00edamos tener una plantilla de 20-21 jugadores, pero ahora mismo creemos que lo mejor son 23. Lo hemos estudiado y, a\u00f1o tras a\u00f1o en la categor\u00eda, los equipos que cumplen objetivos son los que tienen las plantillas m\u00e1s amplias. La temporada pasada comprobamos el da\u00f1o que puede hacer una acumulaci\u00f3n de lesiones, sanciones o diferentes circunstancias y queremos curarnos en salud en ese sentido. Adem\u00e1s, en Primera RFEF pueden ir todos convocados, se puede repartir mejor los minutos y tambi\u00e9n est\u00e1 la Copa del Rey.<\/p>\n<p><a href=\"http:\/\/www.elcomercio.es\/real-aviles\/borja-granero-guzman-presentados-real-aviles-equipo-20250902185756-nt.html#vtm_modulosEngag=mod-rel:real-aviles:noticia:1:cmp:2-not\" class=\"v-a-link\" title=\"Borja Granero y Guzm\u00e1n, presentados con el Real Avil\u00e9s: \u00abSeremos un equipo competitivo\u00bb\" rel=\"nofollow noopener\" target=\"_blank\"><br \/>\n<img decoding=\"async\" loading=\"lazy\" class=\"v-a-img\" src=\"https:\/\/www.europesays.com\/es\/wp-content\/uploads\/2025\/09\/granero-guzman-kH5F--366x256@El Comercio.jpg\" alt=\"Borja Granero y Guzm\u00e1n, presentados con el Real Avil\u00e9s: \u00abSeremos un equipo competitivo\u00bb\"\/><br \/>\n<\/a><\/p>\n<p><a href=\"http:\/\/www.elcomercio.es\/real-aviles\/real-aviles-recibira-osasuna-promesas-domingo-septiembre-20250902201305-nt.html#vtm_modulosEngag=mod-rel:real-aviles:noticia:2:cmp:2-not\" class=\"v-a-link\" title=\"El Real Avil\u00e9s recibir\u00e1 a Osasuna Promesas el domingo 14 de septiembre a las 12 horas\" rel=\"nofollow noopener\" target=\"_blank\"><br \/>\n<img decoding=\"async\" loading=\"lazy\" class=\"v-a-img\" src=\"https:\/\/www.europesays.com\/es\/wp-content\/uploads\/2025\/09\/osasuna promesas-k6j--366x256@El Comercio.jpg\" alt=\"El Real Avil\u00e9s recibir\u00e1 a Osasuna Promesas el domingo 14 de septiembre a las 12 horas\"\/><br \/>\n<\/a><\/p>\n<p class=\"v-p\"><strong>\u2013\u00bfC\u00f3mo vivi\u00f3 el debut ante la Ponferradina?<\/strong><\/p>\n<p class=\"v-p\">\u2013Con sensaciones encontradas. Por un lado contento por c\u00f3mo jug\u00f3 el equipo, en algunas partes del partido siendo superior a un rival del nivel de la Ponferradina, pero tambi\u00e9n fastidiado por el resultado y por los goles encajados. Pero bueno, creo que tenemos una buena plantilla y que vamos a ser un equipo competitivo esta temporada.<\/p>\n<p class=\"v-p\"><strong>\u2013Uno de los principales nombres del mercado es precisamente uno de los \u00faltimos fichajes. O en este caso regreso: el de Osky.<\/strong><\/p>\n<p class=\"v-p\">\u2013Era consciente de que se pod\u00eda generar ruido con este movimiento y as\u00ed ha sido. Lo que pasa es que, no s\u00e9 dentro de veinte a\u00f1os, pero ahora mismo ten\u00eda claro que deb\u00edamos hacer la operaci\u00f3n. Por orgullo hubiese sido m\u00e1s f\u00e1cil irse a otro perfil que ten\u00edamos de juveniles del Barcelona, el C\u00e1diz&#8230; pero creo que deb\u00edamos buscar lo mejor para el club, ser razonables y apostar de nuevo por un futbolista cuyo nivel era muy parecido al resto de opciones que ten\u00edamos encima de la mesa en esta \u00faltima semana. Somos conscientes de que la temporada pasada no estuvo a su nivel, \u00e9l est\u00e1 de acuerdo con nosotros, y en sumano est\u00e1 recuperar su mejor versi\u00f3n esta temporada. Confiamos en sus condiciones y a Dani Vidal le encajaba. Ya lo hab\u00eda ojeado para el N\u00e1stic en su d\u00eda.<\/p>\n<p class=\"v-p\"><strong>\u2013\u00bfC\u00f3mo fueron las negociaciones?<\/strong><\/p>\n<p class=\"v-p\">\u2013Cuando se incluy\u00f3 su nombre en la lista grande de bajas del club, que respond\u00eda a los jugadores que acababan contrato, habl\u00e9 con \u00e9l y le coment\u00e9 la posibilidad de que acabase siendo una opci\u00f3n si no encontr\u00e1bamos nada que nos llenase en el mercado, ya de cara a la \u00faltima semana previa al inicio de Liga. \u00c9l tuvo ofertas durante el verano, las rechaz\u00f3 esperando por nuestra opci\u00f3n y al final le sali\u00f3 bien. A nosotros se nos cayeron algunas opciones por diferentes motivos y, de lo que ten\u00edamos encima de la mesa esta \u00faltima semana, el perfil de Osky era el que m\u00e1s nos convenc\u00eda. Tanto a nosotros como a Dani, y adem\u00e1s tiene el plus de ser asturiano, conoce la casa y se va a adaptar m\u00e1s r\u00e1pido.<\/p>\n<p>\nCambio de entrenador\n<\/p>\n<p>\u00abMe adapt\u00e9 a las circunstancias y busqu\u00e9 una soluci\u00f3n, que era Dani Vidal\u00bb<\/p>\n<p class=\"v-p\"><strong>\u2013\u00bfConsider\u00f3 la opci\u00f3n de dejarlo entrenar con el equipo para que mantuviese el ritmo?<\/strong><\/p>\n<p class=\"v-p\">\u2013No le ve\u00eda sentido. Hubiese sido algo muy ambiguo e innecesario, porque lo conocemos perfectamente. \u00c9l ha estado entrenando por su cuenta y estoy seguro de que se pondr\u00e1 pronto al mismo ritmo que sus compa\u00f1eros.<\/p>\n<p class=\"v-p\"><strong>\u2013Aunque sigue siendo joven para el cargo, ya son varias temporadas a sus espaldas. Sin embargo, este verano le toc\u00f3 hacer otro peque\u00f1o m\u00e1ster con el cambio de entrenador sobre la marcha, de un d\u00eda para otro. \u00bfC\u00f3mo lo vivi\u00f3?<\/strong><\/p>\n<p class=\"v-p\">\u2013Mi filosof\u00eda es la de adaptarme a las situaciones que llegan y buscar soluciones a los problemas. Una vez que se tom\u00f3 esa decisi\u00f3n, en la que, como dije en su d\u00eda, no voy a volver a entrar, mi cometido era buscar un nuevo entrenador y pronto pudimos empezar a trabajar en el perfil de Dani Vidal, que era el que quer\u00edamos. A partir de ah\u00ed, acabamos de perfilar el final de mercado con \u00e9l, pero con la plantilla ya muy avanzada y con perfiles a los que \u00e9l se pod\u00eda adaptar muy bien.<\/p>\n<p class=\"v-p\"><strong>\u2013Fue a contrarreloj, pero era la primera vez que eleg\u00eda entrenador en el Real Avil\u00e9s, pues Javi Rozada hab\u00eda llegado antes que usted. \u00bfLe gustan los entrenadores o los equipos de un determinado perfil? \u00bfM\u00e1s de jugar asociativo? \u00bfConservador? \u00bfA la contra?<\/strong><\/p>\n<p class=\"v-p\">\u2013Ya no creo en esas etiquetas. Creo que por c\u00f3mo va evolucionando el f\u00fatbol, con todo muy monitorizado y mucha informaci\u00f3n encima de la mesa, los entrenadores se adaptan cada vez m\u00e1s a las diferentes situaciones del juego. A veces un partido se plantea de una manera, otras de otra e incluso durante el mismo partido puede ir cambiando la manera de jugar, el esquema o el perfil de los jugadores. Al final los equipos se conocen mucho entre s\u00ed y hay que ir buscando la manera de atacar y defender. A m\u00ed me gusta hacer plantillas completas que puedan jugar a muchas cosas y el perfil de Dani nos gustaba mucho por eso, porque es un t\u00e9cnico que le gusta apretar arriba, presionar y que el equipo sea intenso, pero es capaz de adaptarse a diferentes sistemas y contextos de partido.<\/p>\n<p>\nEstilo\n<\/p>\n<p>\u00abMe gustan los entrenadores y las plantillas que pueden jugar a diferentes cosas\u00bb<\/p>\n<p class=\"v-p\"><strong>\u2013Menuda pelea con los sub 23&#8230; en vilo casi hasta \u00faltima hora.<\/strong><\/p>\n<p class=\"v-p\">\u2013Lo pod\u00edamos esperar. Es un mercado muy dif\u00edcil para nosotros. Por un lado est\u00e1n los filiales, que los hay muy buenos en esta categor\u00eda, y al final van a por los mejores sub 23. Y despu\u00e9s, los que no est\u00e1n ah\u00ed pues se van para equipos de la zona alta o que vienen de jugar &#8216;play off&#8217; o descender. Al final, si un jugador elige al Racing de Ferrol antes que a ti pues lo tienes que entender. La idea es que el club se vaya asentando en la categor\u00eda y cada vez tengamos un estatus y un presupuesto mayor. Con Guzm\u00e1n, por ejemplo, tuvimos que esperar hasta el \u00faltimo d\u00eda, pero por fortuna nos sali\u00f3 bien.<\/p>\n<p class=\"v-p\"><strong>\u2013\u00bfSe nota mucho el ser un reci\u00e9n ascendido?<\/strong><\/p>\n<p class=\"v-p\">\u2013Creo que la gente valora mucho nuestro proyecto y el crecimiento que ha tenido el club, pero est\u00e1 claro que en Primera RFEF partimos, por as\u00ed decirlo, de cero. Es la primera experiencia del Real Avil\u00e9s en la categor\u00eda y es fundamental conseguir la permanencia para ir asent\u00e1ndonos y que el proyecto vaya ganando en consistencia y visibilidad. Que los jugadores vengan al Su\u00e1rez Puerta, vean el ambiente, comprueben que somos un club serio&#8230;<\/p>\n<p class=\"v-p\"><strong>\u2013Usted ya lleva un tiempo aqu\u00ed y sabe que meter 3.355 espectadores en un primer partido de Liga en el Su\u00e1rez Puerta no es lo habitual. Se ha notado el salto de categor\u00eda. \u00bfQu\u00e9 importancia le da?<\/strong><\/p>\n<p class=\"v-p\">\u2013Mucha. Fue una pasada el ambiente que se vivi\u00f3. Ser m\u00e1s de 3.000 personas, el \u00e1nimo que recibi\u00f3 el equipo, jugar de noche, con las c\u00e1maras de Movistar+&#8230; Creo que la gente se va dando cuenta del nivel de la categor\u00eda y ahora entre todos debemos intentar conseguir el objetivo para seguir creciendo.<\/p>\n<p>\nAsturianos\n<\/p>\n<p>\u00abHay siete, que es una buena cifra, pero seg\u00fan vaya creciendo el club ir\u00e1 descendiendo\u00bb<\/p>\n<p class=\"v-p\"><strong>\u2013Con Julio y Babin inamovibles, el centro de la defensa fue la posici\u00f3n en la que menos margen de maniobra tuvo. Lleg\u00f3 Eze y ahora Borja Granero. \u00bfFue el valenciano su primera opci\u00f3n? \u00bfBuscaba un jugador de esas caracter\u00edsticas o hubiese preferido otro m\u00e1s r\u00e1pido, del estilo de Eze?<\/strong><\/p>\n<p class=\"v-p\">\u2013Estamos muy contentos con la llegada de Borja. Busc\u00e1bamos un jugador zurdo, que no ten\u00edamos ninguno, y tambi\u00e9n altura, porque tenemos que defender mejor los centros laterales y defender mejor el \u00e1rea. La rapidez es importante y l\u00f3gicamente no tiene la de Eze, pero tiene un perfil distinto a los otros tres centrales y creo que nos puede aportar mucho tambi\u00e9n en el vestuario y con su carisma en el campo.<\/p>\n<p class=\"v-p\"><strong>\u2013\u00bfQu\u00e9 tal est\u00e1 Eze? Empez\u00f3 su periplo como blanquiazul con un partidazo ante el Sporting y despu\u00e9s cometi\u00f3 varios errores que parecen haber minado su confianza.<\/strong><\/p>\n<p class=\"v-p\">\u2013Eze es un central sub 23, con todo lo que ello conlleva. No podemos pedirle que sea el l\u00edder de la defensa. Todo tiene su proceso. A nivel condicional est\u00e1 muy bien, le falta mejorar conceptos t\u00e1cticos y en ello est\u00e1. Tendr\u00e1 oportunidades seguro.<\/p>\n<p class=\"v-p\"><strong>\u2013La \u00faltima. Siete jugadores asturianos, solo uno menos que la temporada pasada, en una categor\u00eda superior. \u00bfQu\u00e9 le parece?<\/strong><\/p>\n<p class=\"v-p\">\u2013Creo que es una muy buena cifra, pero lo l\u00f3gico es que seg\u00fan se suban categor\u00edas el n\u00famero baje. Ocurre en todos los equipos.<\/p>\n<p>Las salidas de Jose Mart\u00ednez y Mecerreyes<\/p>\n<p class=\"v-p\">\n<strong><br \/>\n\u2013Acab\u00f3 el mercado de fichajes, pero sigue faltando un movimiento: la baja oficial de Jose Mart\u00ednez.<br \/>\n<\/strong>\n<\/p>\n<p class=\"v-p\">\n\u2013S\u00ed. Es cierto que es extra\u00f1o que no hayamos anunciado nada todav\u00eda, pero en este caso no es un tema nuestro. A Jos\u00edn no quer\u00edamos dejarlo tirado y le hemos dado tres opciones para solventar la situaci\u00f3n, pero todav\u00eda se lo est\u00e1 pensando, sabiendo que el mercado ya est\u00e1 finalizado. Pronto haremos el comunicado pertinente.\n<\/p>\n<p class=\"v-p\">\n\u2013\u00bfSon estas situaciones las m\u00e1s dif\u00edciles para usted como director deportivo?\n<\/p>\n<p class=\"v-p\">\n\u2013Siempre lo digo. Al final es lo m\u00e1s ingrato de tu trabajo y a nadie le gusta tener que sentarse con otra persona a decirle que no cuentas con ella. A m\u00ed tambi\u00e9n me han dado la baja como jugador y tambi\u00e9n como director deportivo y s\u00e9 lo que se siente, pero hay que tomar decisiones siendo honesto contigo mismo y no dejarte llevar por las emociones, porque entonces no estar\u00edamos haciendo bien nuestro trabajo. As\u00ed es el f\u00fatbol.\n<\/p>\n<p class=\"v-p\">\n\u2013Se habla de Jos\u00edn, tambi\u00e9n estuvo el caso de Davo&#8230; \u00bfPero fue la no renovaci\u00f3n de Mecerreyes la decisi\u00f3n m\u00e1s dura del verano?\n<\/p>\n<p class=\"v-p\">\n\u2013Posiblemente. Un chico diez como Javi, con lo que hab\u00eda pasado, siendo de aqu\u00ed&#8230; Pero, como digo. Uno tiene que ser honesto con sus pensamientos y decidir en consecuencia. Estaban Gete y Kevin, vino Yasser y despu\u00e9s Adri G\u00f3mez, que es un perfil muy diferente, un &#8216;6&#8217; que puede jugar de central. Al final, el tiempo dar\u00e1 y quitar\u00e1 razones, como siempre.\n<\/p>\n<p class=\"v-p\">\n\u2013Despu\u00e9s de un mercado tan intenso, \u00bfpor fin a descansar?\n<\/p>\n<p class=\"v-p\">      \u2013Eso espero, poder descansar unos d\u00edas (risas). A ver si puedo tomarme unas vacaciones, aunque al final con la Liga empezada hay que estar atento.<\/p>\n","protected":false},"excerpt":{"rendered":"Miguel Linares (Ja\u00e9n, 1991) ha logrado volver a ser director deportivo de Primera RFEF tras conseguir el ascenso&hellip;\n","protected":false},"author":2,"featured_media":90032,"comment_status":"","ping_status":"","sticky":false,"template":"","format":"standard","meta":{"footnotes":""},"categories":[268],"tags":[13849,21339,33009,168,412,411,25,24,280,282,33008,783,4098,1173,31235,798,281,23,167,9918,603],"class_list":{"0":"post-90031","1":"post","2":"type-post","3":"status-publish","4":"format-standard","5":"has-post-thumbnail","7":"category-futbol","8":"tag-aviles","9":"tag-dado","10":"tag-dejarlo","11":"tag-deportes","12":"tag-deportivo","13":"tag-director","14":"tag-es","15":"tag-espana","16":"tag-football","17":"tag-futbol","18":"tag-josin","19":"tag-linares","20":"tag-miguel","21":"tag-opciones","22":"tag-queriamos","23":"tag-real","24":"tag-soccer","25":"tag-spain","26":"tag-sports","27":"tag-tirado","28":"tag-tres"},"share_on_mastodon":{"url":"","error":""},"_links":{"self":[{"href":"https:\/\/www.europesays.com\/es\/wp-json\/wp\/v2\/posts\/90031","targetHints":{"allow":["GET"]}}],"collection":[{"href":"https:\/\/www.europesays.com\/es\/wp-json\/wp\/v2\/posts"}],"about":[{"href":"https:\/\/www.europesays.com\/es\/wp-json\/wp\/v2\/types\/post"}],"author":[{"embeddable":true,"href":"https:\/\/www.europesays.com\/es\/wp-json\/wp\/v2\/users\/2"}],"replies":[{"embeddable":true,"href":"https:\/\/www.europesays.com\/es\/wp-json\/wp\/v2\/comments?post=90031"}],"version-history":[{"count":0,"href":"https:\/\/www.europesays.com\/es\/wp-json\/wp\/v2\/posts\/90031\/revisions"}],"wp:featuredmedia":[{"embeddable":true,"href":"https:\/\/www.europesays.com\/es\/wp-json\/wp\/v2\/media\/90032"}],"wp:attachment":[{"href":"https:\/\/www.europesays.com\/es\/wp-json\/wp\/v2\/media?parent=90031"}],"wp:term":[{"taxonomy":"category","embeddable":true,"href":"https:\/\/www.europesays.com\/es\/wp-json\/wp\/v2\/categories?post=90031"},{"taxonomy":"post_tag","embeddable":true,"href":"https:\/\/www.europesays.com\/es\/wp-json\/wp\/v2\/tags?post=90031"}],"curies":[{"name":"wp","href":"https:\/\/api.w.org\/{rel}","templated":true}]}}