{"id":90184,"date":"2025-09-03T08:36:08","date_gmt":"2025-09-03T08:36:08","guid":{"rendered":"https:\/\/www.europesays.com\/es\/90184\/"},"modified":"2025-09-03T08:36:08","modified_gmt":"2025-09-03T08:36:08","slug":"le-arrebato-una-gorra-a-un-nino-en-el-us-open-y-ahora-se-disculpa-dice-que-cometio-un-gran-error","status":"publish","type":"post","link":"https:\/\/www.europesays.com\/es\/90184\/","title":{"rendered":"Le arrebat\u00f3 una gorra a un ni\u00f1o en el US Open y ahora se disculpa: dice que cometi\u00f3 un \u00abgran error\u00bb"},"content":{"rendered":"<p>      CNN<br \/>\n        \u00a0\u2014\u00a0<\/p>\n<p class=\"paragraph inline-placeholder vossi-paragraph\" data-uri=\"es.cms.cnn.com\/_components\/paragraph\/instances\/cmf2tjuh9000r27nne2wp5kc4@published\" data-editable=\"text\" data-component-name=\"paragraph\" data-article-gutter=\"true\">\n            El hombre que fue <a href=\"https:\/\/www.cnn.com\/2025\/08\/31\/sport\/tennis-us-open-kamil-majchrzak-young-fan-intl\" rel=\"nofollow noopener\" target=\"_blank\">criticado<\/a> tras hacerse viral un video donde le arrebata la gorra a un ni\u00f1o en el US Open se disculp\u00f3, afirmando haber cometido un \u201cgrave error\u201d.\n    <\/p>\n<p class=\"paragraph inline-placeholder vossi-paragraph\" data-uri=\"es.cms.cnn.com\/_components\/paragraph\/instances\/cmf2tsuet00083j6ophqqui03@published\" data-editable=\"text\" data-component-name=\"paragraph\" data-article-gutter=\"true\">\n            Piotr Szczerek, identificado como un director ejecutivo polaco, fue visto quit\u00e1ndole la gorra al tambi\u00e9n polaco Kamil Majchrzak cuando este intentaba d\u00e1rsela a un joven aficionado tras su victoria en la segunda ronda contra Karen Khachanov el jueves.\n    <\/p>\n<p class=\"paragraph inline-placeholder vossi-paragraph\" data-uri=\"es.cms.cnn.com\/_components\/paragraph\/instances\/cmf2tsuet00093j6ovvyz6j9e@published\" data-editable=\"text\" data-component-name=\"paragraph\" data-article-gutter=\"true\">\n            Majchrzak se quit\u00f3 la gorra y pareci\u00f3 pas\u00e1rsela al ni\u00f1o, que agarraba una pelota de tenis gigante con ambas manos. Cuando el ni\u00f1o extendi\u00f3 la mano para coger la gorra, Szczerek, que estaba a su lado, se la arrebat\u00f3 y se la dio a una mujer, quien la guard\u00f3 en su bolso a pesar de las visibles protestas del ni\u00f1o. Al parecer, el ni\u00f1o y Szczerek no se conoc\u00edan.\n    <\/p>\n<p>       <img decoding=\"async\" src=\"https:\/\/www.europesays.com\/es\/wp-content\/uploads\/2025\/09\/tenista-gorra-us-open.jpg\" alt=\"Piotr Szczerek (no aparece en la foto) fue visto arrebatando una gorra que Kamil Majchrzak (en la foto) le dio a un fan despu\u00e9s de su victoria en la segunda ronda sobre Karen Khachanov en el US Open.\" class=\"image__dam-img image__dam-img--loading\" onload=\"this.classList.remove('image__dam-img--loading')\" onerror=\"imageLoadError(this)\" height=\"1575\" width=\"2800\" loading=\"lazy\"\/><\/p>\n<p class=\"paragraph inline-placeholder vossi-paragraph\" data-uri=\"es.cms.cnn.com\/_components\/paragraph\/instances\/cmf2tsuet000a3j6ont02nv9p@published\" data-editable=\"text\" data-component-name=\"paragraph\" data-article-gutter=\"true\">\n            El video se viraliz\u00f3 posteriormente en redes sociales, y muchos criticaron el comportamiento de Szczerek.\n    <\/p>\n<p class=\"paragraph inline-placeholder vossi-paragraph\" data-uri=\"es.cms.cnn.com\/_components\/paragraph\/instances\/cmf2tjy7200003j6ouhor8oxr@published\" data-editable=\"text\" data-component-name=\"paragraph\" data-article-gutter=\"true\">\n            El lunes, Szczerek se disculp\u00f3 por sus acciones en una <a href=\"https:\/\/www.facebook.com\/piotr.szczerek.545\/posts\/pfbid0BDDSuFFobo8jZjt8ZdBiZZ8MtixwFGWG6QPDM2Wwdso9cBYmWBpEk23FLjo9y5zbl\" target=\"_blank\" rel=\"nofollow noopener\">publicaci\u00f3n de Facebook<\/a>, afirmando que cre\u00eda que \u201cel tenista me estaba entregando su gorra\u201d, m\u00e1s espec\u00edficamente a sus hijos, quienes \u201cantes le hab\u00edan pedido aut\u00f3grafos\u201d.\n    <\/p>\n<p class=\"paragraph inline-placeholder vossi-paragraph\" data-uri=\"es.cms.cnn.com\/_components\/paragraph\/instances\/cmf2twc3r000j3j6ovod6zqfm@published\" data-editable=\"text\" data-component-name=\"paragraph\" data-article-gutter=\"true\">\n            \u201cEsa creencia err\u00f3nea me hizo acercarme instintivamente. Hoy s\u00e9 que hice algo que parec\u00eda un robo deliberado del recuerdo de un ni\u00f1o\u201d, escribi\u00f3. \u201cNo era mi intenci\u00f3n, pero eso no cambia el hecho de que lastim\u00e9 al ni\u00f1o y decepcion\u00e9 a los aficionados\u201d.\n    <\/p>\n<p class=\"paragraph inline-placeholder vossi-paragraph\" data-uri=\"es.cms.cnn.com\/_components\/paragraph\/instances\/cmf2twc3r000k3j6onuzigah3@published\" data-editable=\"text\" data-component-name=\"paragraph\" data-article-gutter=\"true\">\n            \u201cLe entregaron la gorra al ni\u00f1o y me disculp\u00e9 con la familia. Espero que esto haya reparado al menos parcialmente el da\u00f1o causado\u201d, dijo en Facebook.\n    <\/p>\n<p class=\"paragraph inline-placeholder vossi-paragraph\" data-uri=\"es.cms.cnn.com\/_components\/paragraph\/instances\/cmf2twc3r000l3j6oe35pa95u@published\" data-editable=\"text\" data-component-name=\"paragraph\" data-article-gutter=\"true\">\n            Szczerek a\u00f1adi\u00f3: \u201cDurante a\u00f1os, mi esposa y yo hemos estado involucrados en ayudar a ni\u00f1os y j\u00f3venes atletas, pero esta situaci\u00f3n me demostr\u00f3 que un momento de desatenci\u00f3n puede echar por tierra a\u00f1os de trabajo y apoyo\u201d.\n    <\/p>\n<p class=\"paragraph inline-placeholder vossi-paragraph\" data-uri=\"es.cms.cnn.com\/_components\/paragraph\/instances\/cmf2twc3r000m3j6ovoj3uu0f@published\" data-editable=\"text\" data-component-name=\"paragraph\" data-article-gutter=\"true\">\n            \u201cEsta es una lecci\u00f3n de humildad dolorosa, pero necesaria para m\u00ed. Por lo tanto, participar\u00e9 a\u00fan m\u00e1s activamente en iniciativas de apoyo a la infancia y la juventud, as\u00ed como en la lucha contra la violencia y el odio. Creo que solo con acciones puedo reconstruir la confianza que he perdido\u201d, afirm\u00f3 Szczerek.\n    <\/p>\n<p class=\"paragraph inline-placeholder vossi-paragraph\" data-uri=\"es.cms.cnn.com\/_components\/paragraph\/instances\/cmf2twaiz000h3j6oz5o2c0j8@published\" data-editable=\"text\" data-component-name=\"paragraph\" data-article-gutter=\"true\">\n            Concluy\u00f3 su declaraci\u00f3n diciendo: \u201cPido disculpas a todos a quienes he decepcionado\u201d.\n    <\/p>\n<p class=\"paragraph inline-placeholder vossi-paragraph\" data-uri=\"es.cms.cnn.com\/_components\/paragraph\/instances\/cmf2tzb3z000r3j6or4x64jvr@published\" data-editable=\"text\" data-component-name=\"paragraph\" data-article-gutter=\"true\">\n            Seg\u00fan el <a href=\"https:\/\/tenismagazyn.pl\/anna-i-piotr-szczerek-malzenstwo-na-korcie-i-w-biznesie\/\" target=\"_blank\" rel=\"nofollow noopener\">peri\u00f3dico polaco Tenis Magazyn<\/a>, Szczerek y su esposa Anna fundaron la empresa de pavimentaci\u00f3n Drogbruk en 1999.\n    <\/p>\n<p class=\"paragraph inline-placeholder vossi-paragraph\" data-uri=\"es.cms.cnn.com\/_components\/paragraph\/instances\/cmf2tzb3z000s3j6o818vpva5@published\" data-editable=\"text\" data-component-name=\"paragraph\" data-article-gutter=\"true\">\n            En los d\u00edas posteriores al incidente, Majchrzak se encontr\u00f3 con el fan\u00e1tico al que le neg\u00f3 su gorra, le dio una bolsa de regalos con la marca del US Open, incluida otra gorra, y pos\u00f3 para fotos junto a \u00e9l.\n    <\/p>\n<p class=\"paragraph inline-placeholder vossi-paragraph\" data-uri=\"es.cms.cnn.com\/_components\/paragraph\/instances\/cmf2tz9os000p3j6ocxt3hrct@published\" data-editable=\"text\" data-component-name=\"paragraph\" data-article-gutter=\"true\">\n            \u201cHoy, despu\u00e9s del calentamiento, tuve una reuni\u00f3n agradable\u201d, escribi\u00f3 en su historia de Instagram. \u201c\u00bfReconocen a (emoji de gorra)?\u201d.\n    <\/p>\n<p class=\"paragraph inline-placeholder vossi-paragraph\" data-uri=\"es.cms.cnn.com\/_components\/paragraph\/instances\/cmf2u0th1000x3j6o88b15m7k@published\" data-editable=\"text\" data-component-name=\"paragraph\" data-article-gutter=\"true\">\n            \u201cHola mundo, junto con Brock, les deseamos un gran d\u00eda\u201d, escribi\u00f3 en otra historia.\n    <\/p>\n<p class=\"paragraph inline-placeholder vossi-paragraph\" data-uri=\"es.cms.cnn.com\/_components\/paragraph\/instances\/cmf2u0th1000y3j6o615fbiu6@published\" data-editable=\"text\" data-component-name=\"paragraph\" data-article-gutter=\"true\">\n            A su compatriota <a href=\"https:\/\/www.cnn.com\/2025\/08\/31\/sport\/tennis-us-open-tempers-intl\" rel=\"nofollow noopener\" target=\"_blank\">polaca<\/a> Iga \u015awi\u0105tek le preguntaron sobre los riesgos de regalar ropa a los aficionados despu\u00e9s de los partidos y explic\u00f3 que intenta ser considerada al hacerlo.\n    <\/p>\n<p class=\"paragraph inline-placeholder vossi-paragraph\" data-uri=\"es.cms.cnn.com\/_components\/paragraph\/instances\/cmf2u0th1000z3j6ocjav32rj@published\" data-editable=\"text\" data-component-name=\"paragraph\" data-article-gutter=\"true\">\n            \u201cObviamente, normalmente, siete personas intentan coger una cosa. Por ejemplo, si es una chica y los chicos tienen los brazos m\u00e1s largos, no la va a coger\u201d, dijo la ganadora de seis Grand Slam a la prensa tras su victoria en octavos de final en Flushing Meadows el lunes. \u201cPero normalmente se la tiro a la persona que se supone que debe cogerla\u201d.\n    <\/p>\n<p class=\"paragraph inline-placeholder vossi-paragraph\" data-uri=\"es.cms.cnn.com\/_components\/paragraph\/instances\/cmf2u0rvb000v3j6o0sfydmyb@published\" data-editable=\"text\" data-component-name=\"paragraph\" data-article-gutter=\"true\">\n            \u201cAs\u00ed que intento ser justa, pero elijo a una persona al azar o a quien grite m\u00e1s fuerte. S\u00e9 que no es justo, pero obviamente no todos estar\u00e1n contentos\u201d, cerr\u00f3 \u015awi\u0105tek.\n    <\/p>\n<p data-uri=\"es.cms.cnn.com\/_components\/editor-note\/instances\/cmf2u3t5900143j6oag3m7hgi@published\" data-editable=\"text\" data-component-name=\"editor-note\" class=\"editor-note vossi-editor-note inline-placeholder \" data-article-gutter=\"true\">\n    Con informaci\u00f3n de Issy Ronald, de CNN.<\/p>\n","protected":false},"excerpt":{"rendered":"CNN \u00a0\u2014\u00a0 El hombre que fue criticado tras hacerse viral un video donde le arrebata la gorra a&hellip;\n","protected":false},"author":2,"featured_media":90185,"comment_status":"","ping_status":"","sticky":false,"template":"","format":"standard","meta":{"footnotes":""},"categories":[274],"tags":[168,25,24,22538,150,33046,23,167,33045,327,326,541],"class_list":{"0":"post-90184","1":"post","2":"type-post","3":"status-publish","4":"format-standard","5":"has-post-thumbnail","7":"category-tenis","8":"tag-deportes","9":"tag-es","10":"tag-espana","11":"tag-gorra","12":"tag-instanoticias","13":"tag-majchrzak","14":"tag-spain","15":"tag-sports","16":"tag-szczerek","17":"tag-tenis","18":"tag-tennis","19":"tag-us-open"},"share_on_mastodon":{"url":"","error":""},"_links":{"self":[{"href":"https:\/\/www.europesays.com\/es\/wp-json\/wp\/v2\/posts\/90184","targetHints":{"allow":["GET"]}}],"collection":[{"href":"https:\/\/www.europesays.com\/es\/wp-json\/wp\/v2\/posts"}],"about":[{"href":"https:\/\/www.europesays.com\/es\/wp-json\/wp\/v2\/types\/post"}],"author":[{"embeddable":true,"href":"https:\/\/www.europesays.com\/es\/wp-json\/wp\/v2\/users\/2"}],"replies":[{"embeddable":true,"href":"https:\/\/www.europesays.com\/es\/wp-json\/wp\/v2\/comments?post=90184"}],"version-history":[{"count":0,"href":"https:\/\/www.europesays.com\/es\/wp-json\/wp\/v2\/posts\/90184\/revisions"}],"wp:featuredmedia":[{"embeddable":true,"href":"https:\/\/www.europesays.com\/es\/wp-json\/wp\/v2\/media\/90185"}],"wp:attachment":[{"href":"https:\/\/www.europesays.com\/es\/wp-json\/wp\/v2\/media?parent=90184"}],"wp:term":[{"taxonomy":"category","embeddable":true,"href":"https:\/\/www.europesays.com\/es\/wp-json\/wp\/v2\/categories?post=90184"},{"taxonomy":"post_tag","embeddable":true,"href":"https:\/\/www.europesays.com\/es\/wp-json\/wp\/v2\/tags?post=90184"}],"curies":[{"name":"wp","href":"https:\/\/api.w.org\/{rel}","templated":true}]}}