{"id":90423,"date":"2025-09-03T11:06:11","date_gmt":"2025-09-03T11:06:11","guid":{"rendered":"https:\/\/www.europesays.com\/es\/90423\/"},"modified":"2025-09-03T11:06:11","modified_gmt":"2025-09-03T11:06:11","slug":"un-analisis-fecal-podria-perfilar-el-riesgo-de-alzheimer","status":"publish","type":"post","link":"https:\/\/www.europesays.com\/es\/90423\/","title":{"rendered":"un an\u00e1lisis fecal podr\u00eda perfilar el riesgo de Alzheimer"},"content":{"rendered":"<p>\t\t\t\t\t<img loading=\"lazy\" width=\"880\" height=\"495\" src=\"https:\/\/www.europesays.com\/es\/wp-content\/uploads\/2025\/09\/Depositphotos_374944966_L-e1756893682706-880x495.jpg\" class=\"attachment-noticia size-noticia wp-post-image\" alt=\"\" decoding=\"async\"  \/>\t\t\t\t<\/p>\n<p>\t\t\t\t\t\t\t13:45<br \/>\n\t\t\t\t\t\t\tEntrevista a investigador en microbiota sobre el riesgo de Alzheimer | La microbiota da la pista de la salud del cerebro: un an\u00e1lisis fecal podr\u00eda perfilar el riesgo de Alzheimer\n\t\t\t\t\t\t<\/p>\n<p>\t\t\t\tSalud intestinal \/ Deposit Photos\t\t\t<\/p>\n<p><strong>La microbiota intestinal<\/strong> se ha consolidado como una aliada para la <strong>detecci\u00f3n precoz<\/strong> del Alzheimer. Un equipo de las universidades <strong>Francisco de Vitoria<\/strong>, <strong>Complutense de Madrid<\/strong> y <strong>Europea de Madrid<\/strong> ha publicado un estudio pionero que sugiere que el<strong> perfil microbi\u00f3tico<\/strong> podr\u00eda identificar, de forma no invasiva, a personas con mayor riesgo. Lo hemos abordado en <strong><a>EgunON Magazine<\/a><\/strong> con el investigador Carlos Bresa, del Instituto de Investigaciones Biosanitarias de la Universidad Francisco de Vitoria.<\/p>\n<p>Un v\u00ednculo entre APOE4 y la flora intestinal<\/p>\n<p>El trabajo ha puesto el foco en la variante gen\u00e9tica APOE4, uno de los principales factores de riesgo para desarrollar la enfermedad. Seg\u00fan Bresa, \u00abla persona que tiene esta variante del gen tiene una microbiota diferente\u00bb. El hallazgo abre una v\u00eda para explicar parte del puente entre gen\u00e9tica y neurodegeneraci\u00f3n: \u00abQuiz\u00e1s la microbiota sea la causa tambi\u00e9n, o parte de ella, de c\u00f3mo empieza una enfermedad\u00bb.<\/p>\n<p>De la gen\u00e9tica al screening no invasivo<\/p>\n<p>El grupo ha descrito una firma microbi\u00f3tica asociada a APOE4 que ha permitido distinguir a quienes portan la variante. \u00abNosotros hemos intentado ver esta marca y ahora falta una muestra m\u00e1s grande para comprobar si podemos predecir a trav\u00e9s de la microbiota si existe un mayor riesgo\u00bb, explica. La propuesta se apoya en una simple muestra fecal, lo que abre la puerta a cribados accesibles: \u00abLa microbiota podr\u00eda convertirse en una herramienta clave para detectar precozmente y de forma no invasiva el Alzheimer\u00bb.<\/p>\n<p>Prevenci\u00f3n y dianas de intervenci\u00f3n temprana<\/p>\n<p>Bresa remarca que, a falta de cura, prevenir es la estrategia m\u00e1s eficaz: \u00abSi ya sabemos que tenemos un riesgo m\u00e1s alto, en lugar de curar, mejor prevenir\u00bb. El equipo ya ha puesto en marcha un proyecto mayor para evaluar intervenciones diet\u00e9ticas capaces de ralentizar el avance de la enfermedad: \u00abSomos cient\u00edficos: hasta que no lo vemos y lo comprobamos, no lo sabemos decir\u00bb.<\/p>\n<p>Dieta y estilo de vida: qu\u00e9 sabemos hoy<\/p>\n<p>Las pautas que han emergido con m\u00e1s consistencia apuntan a reducir carne roja y grasas de mala calidad fuera de etapas de crecimiento, y a priorizar actividad f\u00edsica moderada y constante. \u00abLos atletas de \u00e9lite suelen tener una microbiota complicada, no del todo sana\u00bb, advierte, al tiempo que ha subrayado el valor de la dieta mediterr\u00e1nea rica en fruta y verdura fresca. Tambi\u00e9n ha alertado sobre el posible impacto de micropl\u00e1sticos en el equilibrio intestinal.<\/p>\n<p>\u00bfSirven los probi\u00f3ticos comerciales?<\/p>\n<p>Ante la avalancha de productos, Bresa pide prudencia: \u00abNo vale de forma universal\u00bb. Propone personalizar y acompa\u00f1ar los resultados con profesionales: \u00abEn algunos casos son buenos laboratorios, hacen buen trabajo y hace falta un buen nutricionista que sepa interpretar\u00bb. El investigador recuerda que existe oferta para analizar la microbiota, pero que no todo es de fiar.<\/p>\n<p>Un futuro de medicina personalizada<\/p>\n<p>Aunque el gen APOE se puede tipar con una prueba muy sencilla, la firma microbi\u00f3tica podr\u00eda a\u00f1adir contexto incluso en personas sin APOE4. La l\u00ednea de investigaci\u00f3n ha se\u00f1alado que un perfil intestinal concreto podr\u00eda relacionarse con mayor riesgo y, en consecuencia, con medidas preventivas m\u00e1s tempranas.<\/p>\n<p>La investigaci\u00f3n sigue en marcha<\/p>\n<p>El equipo ha iniciado ensayos con dieta en personas con Alzheimer para verificar mejor\u00edas o ralentizaci\u00f3n. En paralelo, laboratorios ofrecen an\u00e1lisis de microbiota con resultados dispares, lo que reafirma la necesidad de criterios cl\u00ednicos y nutricionales para interpretar cada caso.<\/p>\n<p>Si te gusta <strong>EgunOn Magazine<\/strong>, suscr\u00edbete en nuestros canales de podcast:<\/p>\n<p>Y sigue a <strong>Radio Popular<\/strong> en las redes sociales:<\/p>\n<ul class=\"suscribetearticulo\">\n<li onclick=\"ga('send', 'event', 'Botones sociales', 'Seguir en Facebook', 'Objeto podcast', 1);\">Sigue todas las noticias de Bilbao y Bizkaia en nuestro <a target=\"_blank\" title=\"Sigue a Radio Popular en Facebook\" href=\"https:\/\/www.facebook.com\/herriirratia\" rel=\"nofollow noopener\">  Facebook<\/a><\/li>\n<li onclick=\"ga('send', 'event', 'Botones sociales', 'Seguir en Instagram', 'Objeto podcast', 1);\">Conoce la radio desde dentro en nuestro <a target=\"_blank\" title=\"Sigue a Radio Popular en Instagram\" href=\"https:\/\/www.instagram.com\/herriirratia\/\" rel=\"nofollow noopener\"> Instagram<\/a><\/li>\n<li onclick=\"ga('send', 'event', 'Botones sociales', 'Seguir en Twitter', 'Objeto podcast', 1);\">Los titulares y los bacalaos del Athletic al minuto en <a target=\"_blank\" title=\"Sigue a Radio Popular en X\" href=\"https:\/\/twitter.com\/RadioPopular\" rel=\"nofollow noopener\"> X<\/a><\/li>\n<li onclick=\"ga('send', 'event', 'Botones sociales', 'Seguir en YouTube', 'Objeto podcast', 1);\">Revive los mejores bacalaos en <a target=\"_blank\" title=\"Sigue a Radio Popular en YouTube\" href=\"https:\/\/www.youtube.com\/c\/RadioPopularHerriIrratia\/\" rel=\"nofollow noopener\"> YouTube<\/a><\/li>\n<li onclick=\"ga('send', 'event', 'Botones sociales', 'Seguir en Telegram', 'Objeto podcast', 1);\">Recibe las actualizaciones de nuestra programaci\u00f3n y nuestras noticias en nuestro <a target=\"_blank\" title=\"Sigue a Radio Popular en Telegram\" href=\"https:\/\/t.me\/herriirratia\" rel=\"nofollow\"> canal de Telegram<\/a><\/li>\n<\/ul>\n<p>\t\t<script async src=\"https:\/\/platform.twitter.com\/widgets.js\" charset=\"utf-8\"><\/script><script async src=\"\/\/www.instagram.com\/embed.js\"><\/script><\/p>\n","protected":false},"excerpt":{"rendered":"13:45 Entrevista a investigador en microbiota sobre el riesgo de Alzheimer | La microbiota da la pista de&hellip;\n","protected":false},"author":2,"featured_media":90424,"comment_status":"","ping_status":"","sticky":false,"template":"","format":"standard","meta":{"footnotes":""},"categories":[92],"tags":[3350,119,25,24,165,1294,5545,166,23],"class_list":{"0":"post-90423","1":"post","2":"type-post","3":"status-publish","4":"format-standard","5":"has-post-thumbnail","7":"category-salud","8":"tag-alzheimer","9":"tag-ciencia","10":"tag-es","11":"tag-espana","12":"tag-health","13":"tag-investigacion","14":"tag-microbiota","15":"tag-salud","16":"tag-spain"},"share_on_mastodon":{"url":"","error":""},"_links":{"self":[{"href":"https:\/\/www.europesays.com\/es\/wp-json\/wp\/v2\/posts\/90423","targetHints":{"allow":["GET"]}}],"collection":[{"href":"https:\/\/www.europesays.com\/es\/wp-json\/wp\/v2\/posts"}],"about":[{"href":"https:\/\/www.europesays.com\/es\/wp-json\/wp\/v2\/types\/post"}],"author":[{"embeddable":true,"href":"https:\/\/www.europesays.com\/es\/wp-json\/wp\/v2\/users\/2"}],"replies":[{"embeddable":true,"href":"https:\/\/www.europesays.com\/es\/wp-json\/wp\/v2\/comments?post=90423"}],"version-history":[{"count":0,"href":"https:\/\/www.europesays.com\/es\/wp-json\/wp\/v2\/posts\/90423\/revisions"}],"wp:featuredmedia":[{"embeddable":true,"href":"https:\/\/www.europesays.com\/es\/wp-json\/wp\/v2\/media\/90424"}],"wp:attachment":[{"href":"https:\/\/www.europesays.com\/es\/wp-json\/wp\/v2\/media?parent=90423"}],"wp:term":[{"taxonomy":"category","embeddable":true,"href":"https:\/\/www.europesays.com\/es\/wp-json\/wp\/v2\/categories?post=90423"},{"taxonomy":"post_tag","embeddable":true,"href":"https:\/\/www.europesays.com\/es\/wp-json\/wp\/v2\/tags?post=90423"}],"curies":[{"name":"wp","href":"https:\/\/api.w.org\/{rel}","templated":true}]}}