{"id":90561,"date":"2025-09-03T12:24:19","date_gmt":"2025-09-03T12:24:19","guid":{"rendered":"https:\/\/www.europesays.com\/es\/90561\/"},"modified":"2025-09-03T12:24:19","modified_gmt":"2025-09-03T12:24:19","slug":"la-historia-detras-del-abrazo-entre-pablo-motos-e-ilia-topuria-tras-su-victoria-en-el-ufc","status":"publish","type":"post","link":"https:\/\/www.europesays.com\/es\/90561\/","title":{"rendered":"La historia detr\u00e1s del abrazo entre Pablo Motos e Ilia Topuria tras su victoria en el UFC"},"content":{"rendered":"<p class=\"paragraph\"><b>Ilia Topuria<\/b> ha conseguido hacer historia. Su victoria ante<b> Charles Oliveira<\/b> en el <b>UFC 317<\/b> convert\u00eda al hispano-georgiano en el primer doble campe\u00f3n invicto de la UFC. Un logro que no se hab\u00eda conseguido hasta el momento y que \u00e9l consigui\u00f3 en apenas tres minutos de combate.<\/p>\n<p class=\"paragraph\">Apodado <b>El Matador<\/b> por su evidente destreza dentro del ring, fue elogiado por otro grande como<b> Conor McGregor<\/b>. \u00abFelicidades por ganar mis antiguos t\u00edtulos, Ilia!\u00bb, comenzaba el irland\u00e9s en X. \u00ab\u00c9l tambi\u00e9n ha dicho que iba a poner sus pelotas sobre la frente de Paddy. Ese otro tambi\u00e9n es un buen resto de la divisi\u00f3n del peso ligero, en mi opini\u00f3n\u00bb. Pero no fue el \u00fanico que le mostr\u00f3 su apoyo dentro del cuadril\u00e1tero. Le acompa\u00f1aban amigos y familiares, adem\u00e1s de uno de sus fans incondicionales: <b>Pablo Motos. <\/b><\/p>\n<p class=\"paragraph\">El presentador de <b>El Hormiguero <\/b>viaj\u00f3 hasta Las Vegas para ver c\u00f3mo luchaba en el <b>T-Mobile Arena<\/b> su gran amigo. Es m\u00e1s, nada m\u00e1s bajarse del cuadril\u00e1tero, fue directo hacia el presentador para saludarle, abrazarle y compartir con \u00e9l el t\u00edtulo. Ese gesto resumi\u00f3 la complicidad entre ambos, una amistad que ha ido creciendo con los a\u00f1os y que hoy trasciende el \u00e1mbito profesional.<\/p>\n<p class=\"paragraph\">La relaci\u00f3n entre el campe\u00f3n hispano-georgiano y el popular presentador de <b>El Hormiguero<\/b> naci\u00f3 en televisi\u00f3n, como tantas otras, pero evolucion\u00f3 en una direcci\u00f3n muy distinta a la habitual. Desde las primeras visitas de Topuria al programa, se not\u00f3 una conexi\u00f3n especial. Motos mostr\u00f3 un respeto sincero por la <b>mentalidad del luchador<\/b>, su <b>historia personal <\/b>y su <b>forma de entender el sacrificio<\/b>. Por su parte, Ilia encontr\u00f3 en Pablo a alguien que no solo le brindaba una plataforma medi\u00e1tica, sino que realmente valoraba lo que hay detr\u00e1s del \u00e9xito deportivo.<\/p>\n<p class=\"paragraph\">Con el tiempo, lo que empez\u00f3 siendo una relaci\u00f3n de invitado y entrevistador se transform\u00f3 en algo m\u00e1s cercano. <b>Pablo Motos<\/b> no solo invit\u00f3 a <b>Topuria <\/b>a su plat\u00f3 en varias ocasiones, sino que tambi\u00e9n se sum\u00f3 a sus entrenamientos, se interes\u00f3 por su vida fuera del oct\u00e1gono y forj\u00f3 con \u00e9l una amistad basada en la admiraci\u00f3n mutua. En sus propias palabras, entrenar con Ilia fue<b> \u00abun privilegio\u00bb<\/b>, y escucharle hablar de su disciplina y enfoque fue<b> \u00abcomo aprender de un maestro\u00bb.<\/b><\/p>\n<p class=\"paragraph\">El momento m\u00e1s simb\u00f3lico de esta relaci\u00f3n lleg\u00f3 en <b>Las Vegas. <\/b>Motos viaj\u00f3 con la familia y el equipo del luchador, lo acompa\u00f1\u00f3 antes del combate y estuvo entre los primeros en abrazarlo cuando se consum\u00f3 la victoria por KO. Su presencia no fue una an\u00e9cdota, fue la prueba de un v\u00ednculo aut\u00e9ntico. En redes sociales, Pablo comparti\u00f3 una imagen con Topuria junto al mensaje: \u00abNo se puede ser mejor en nada. Te quiero, amigo m\u00edo\u00bb. La frase, breve pero poderosa, expres\u00f3 con claridad la emoci\u00f3n de ese instante.<\/p>\n<p class=\"paragraph\">Topuria, por su parte, no ha dudado en declarar en p\u00fablico su aprecio por Motos. En una de sus \u00faltimas apariciones en televisi\u00f3n, dijo que \u00abhar\u00eda falta juntar varios estadios para formar una mente como la suya\u00bb, en un gesto de respeto que no suele verse con tanta naturalidad entre figuras p\u00fablicas. La admiraci\u00f3n no est\u00e1 basada en apariencias, sino en lo que ambos representan: esfuerzo, disciplina, trabajo silencioso y fidelidad a los propios valores.<\/p>\n","protected":false},"excerpt":{"rendered":"Ilia Topuria ha conseguido hacer historia. Su victoria ante Charles Oliveira en el UFC 317 convert\u00eda al hispano-georgiano&hellip;\n","protected":false},"author":2,"featured_media":90562,"comment_status":"","ping_status":"","sticky":false,"template":"","format":"standard","meta":{"footnotes":""},"categories":[276],"tags":[168,25,24,23,167,343],"class_list":{"0":"post-90561","1":"post","2":"type-post","3":"status-publish","4":"format-standard","5":"has-post-thumbnail","7":"category-ufc","8":"tag-deportes","9":"tag-es","10":"tag-espana","11":"tag-spain","12":"tag-sports","13":"tag-ufc"},"share_on_mastodon":{"url":"","error":""},"_links":{"self":[{"href":"https:\/\/www.europesays.com\/es\/wp-json\/wp\/v2\/posts\/90561","targetHints":{"allow":["GET"]}}],"collection":[{"href":"https:\/\/www.europesays.com\/es\/wp-json\/wp\/v2\/posts"}],"about":[{"href":"https:\/\/www.europesays.com\/es\/wp-json\/wp\/v2\/types\/post"}],"author":[{"embeddable":true,"href":"https:\/\/www.europesays.com\/es\/wp-json\/wp\/v2\/users\/2"}],"replies":[{"embeddable":true,"href":"https:\/\/www.europesays.com\/es\/wp-json\/wp\/v2\/comments?post=90561"}],"version-history":[{"count":0,"href":"https:\/\/www.europesays.com\/es\/wp-json\/wp\/v2\/posts\/90561\/revisions"}],"wp:featuredmedia":[{"embeddable":true,"href":"https:\/\/www.europesays.com\/es\/wp-json\/wp\/v2\/media\/90562"}],"wp:attachment":[{"href":"https:\/\/www.europesays.com\/es\/wp-json\/wp\/v2\/media?parent=90561"}],"wp:term":[{"taxonomy":"category","embeddable":true,"href":"https:\/\/www.europesays.com\/es\/wp-json\/wp\/v2\/categories?post=90561"},{"taxonomy":"post_tag","embeddable":true,"href":"https:\/\/www.europesays.com\/es\/wp-json\/wp\/v2\/tags?post=90561"}],"curies":[{"name":"wp","href":"https:\/\/api.w.org\/{rel}","templated":true}]}}