{"id":90581,"date":"2025-09-03T12:35:07","date_gmt":"2025-09-03T12:35:07","guid":{"rendered":"https:\/\/www.europesays.com\/es\/90581\/"},"modified":"2025-09-03T12:35:07","modified_gmt":"2025-09-03T12:35:07","slug":"vuelve-radiohead-en-concierto-a-espana-todo-lo-que-se-sabe-sobre-sus-proximas-actuaciones","status":"publish","type":"post","link":"https:\/\/www.europesays.com\/es\/90581\/","title":{"rendered":"\u00bfVuelve Radiohead en concierto a Espa\u00f1a? Todo lo que se sabe sobre sus pr\u00f3ximas actuaciones"},"content":{"rendered":"<p class=\"L6-news-detail__text\">Si con muchas bandas todo es una explosi\u00f3n de informaci\u00f3n, otras funcionan a base de rumores. Alguien ha o\u00eddo o ha visto en alg\u00fan lugar algo que puede apuntar a que <b>un grupo desintegrado vuelva a unirse<\/b>, a que una banda que lleva a\u00f1os en activo vaya a decir adi\u00f3s o que otra, que parec\u00eda en stand by, vuelva al ruedo. Es lo que ha ocurrido con el grupo <b>Radiohead<\/b>, que desde sus \u00faltimos conciertos, en 2018, ha estado m\u00e1s rodeado de proyectos paralelos y trabajos en solitario de sus integrantes.<\/p>\n<p class=\"L6-news-detail__text\">Ahora, en septiembre de 2025, <b>resuena su regreso a los escenarios<\/b>. Seg\u00fan explican desde la revista brit\u00e1nica New Music Express (NME), fans de Radiohead de varios puntos de Europa aseguran haber visto o tenido en sus manos flyers de la banda con <b>fechas de conciertos en lo que queda de 2025. <\/b>Las im\u00e1genes han sido compartidas en Reddit, con lo que podr\u00edan ser las fechas de actuaciones de Radiohead en varios pa\u00edses europeos, entre ellos, Espa\u00f1a.<\/p>\n<p>Fechas de los conciertos de Radiohead, seg\u00fan los &#8216;flyers&#8217; vistos por los fans<\/p>\n<ul class=\"L6-news-detail__list\">\n<li class=\"L6-news-detail__text\"><b>Londres (Reino Unido)<\/b>: 21, 22, 24 y 25 de noviembre de 2025<\/li>\n<li class=\"L6-news-detail__text\"><b>Copenhague (Dinamarca)<\/b>: 1, 2, 4 y 5 de diciembre de 2025<\/li>\n<li class=\"L6-news-detail__text\"><b>Berl\u00edn (Alemania)<\/b>: 8, 9, 11 y 12 de diciembre de 2025<\/li>\n<\/ul>\n<p>\u00bfRadiohead, en Madrid?<\/p>\n<p class=\"L6-news-detail__text\">Los diferentes flyers vistos por los fans de Radiohead tambi\u00e9n apuntan a un paso de la banda brit\u00e1nica por la capital espa\u00f1ola: seg\u00fan se ha podido ver en las im\u00e1genes, <b>Radiohead estar\u00eda en Madrid los d\u00edas 4, 5, 7 y 8 de noviembre de 2025<\/b>. En este caso, m\u00e1s que los fans ha sido Daniel Arranz, el que ha sido la \u00faltima d\u00e9cada responsable de contenido digital de la promotora musical Last Tour (y tambi\u00e9n promotor de DJs), quien ha publicado la imagen de lo que podr\u00eda ser el anuncio de las fechas de los conciertos de Radiohead en Espa\u00f1a.<\/p>\n<p class=\"L6-news-detail__text\">Por ahora, todav\u00eda no hay informaci\u00f3n oficial confirmada, pero seg\u00fan explican desde la revista NME no ser\u00eda ninguna sorpresa que arrancara hacia final de a\u00f1o esta <b>gira de Radiohead<\/b>, si se tiene en cuenta que la banda brit\u00e1nica form\u00f3 una nueva entidad legal el pasado mes de marzo, lo que \u00absugiere que planean una actividad importante\u00bb este a\u00f1o. En concreto, <b>Radiohead cre\u00f3 una SRL<\/b> (sociedad de responsabilidad limitada), RHEUK25, un movimiento similar al que ya han hecho en el pasado, <b>poco antes de anunciar nuevo \u00e1lbum, nueva gira<\/b> o la <b><a title=\"reedici\u00f3n de alg\u00fan disco\" href=\"https:\/\/www.lasexta.com\/noticias\/cultura\/radiohead-reedita-anos-computer-disco-que-oscurecio-rock-paso-electronica_20170623594cc2cf0cf26ad761d61a90.html\" target=\"_blank\" rel=\"nofollow noopener\">reedici\u00f3n de alg\u00fan disco<\/a><\/b>.<\/p>\n<p class=\"L6-support-news-video__title\">Reportaje sobre el libro &#8216;Fiascos S.A.&#8217;, de Miguel \u00c1ngel Noceda<\/p>\n<p>            <a href=\"https:\/\/www.lasexta.com\/ahoraqueleo\/virales\/pelotazos-ruinas-banquillos-radiografia-espana-que-siempre-tropieza-misma-estafa_2025090268b6cf381b455b7567f669af.html\" class=\"L6-news__link\" rel=\"nofollow noopener\" target=\"_blank\"><br \/>\n                Pelotazos, ruinas y banquillos: radiograf\u00eda de una Espa\u00f1a que siempre tropieza con la misma estafa<\/p>\n<p class=\"recirculation-video-desc\">De Rumasa a Terra, pasando por Banca Catalana y GOWEX: empresas que parec\u00edan de oro y acabaron en humo. En Fiascos S.A., Miguel \u00c1ngel Noceda repasa las corruptelas empresariales que han marcado la econom\u00eda espa\u00f1ola.<\/p>\n<p>            <\/a><\/p>\n","protected":false},"excerpt":{"rendered":"Si con muchas bandas todo es una explosi\u00f3n de informaci\u00f3n, otras funcionan a base de rumores. Alguien ha&hellip;\n","protected":false},"author":2,"featured_media":90582,"comment_status":"","ping_status":"","sticky":false,"template":"","format":"standard","meta":{"footnotes":""},"categories":[170],"tags":[146,147,25,24,184,185,23],"class_list":{"0":"post-90581","1":"post","2":"type-post","3":"status-publish","4":"format-standard","5":"has-post-thumbnail","7":"category-musica","8":"tag-entertainment","9":"tag-entretenimiento","10":"tag-es","11":"tag-espana","12":"tag-music","13":"tag-musica","14":"tag-spain"},"share_on_mastodon":{"url":"","error":""},"_links":{"self":[{"href":"https:\/\/www.europesays.com\/es\/wp-json\/wp\/v2\/posts\/90581","targetHints":{"allow":["GET"]}}],"collection":[{"href":"https:\/\/www.europesays.com\/es\/wp-json\/wp\/v2\/posts"}],"about":[{"href":"https:\/\/www.europesays.com\/es\/wp-json\/wp\/v2\/types\/post"}],"author":[{"embeddable":true,"href":"https:\/\/www.europesays.com\/es\/wp-json\/wp\/v2\/users\/2"}],"replies":[{"embeddable":true,"href":"https:\/\/www.europesays.com\/es\/wp-json\/wp\/v2\/comments?post=90581"}],"version-history":[{"count":0,"href":"https:\/\/www.europesays.com\/es\/wp-json\/wp\/v2\/posts\/90581\/revisions"}],"wp:featuredmedia":[{"embeddable":true,"href":"https:\/\/www.europesays.com\/es\/wp-json\/wp\/v2\/media\/90582"}],"wp:attachment":[{"href":"https:\/\/www.europesays.com\/es\/wp-json\/wp\/v2\/media?parent=90581"}],"wp:term":[{"taxonomy":"category","embeddable":true,"href":"https:\/\/www.europesays.com\/es\/wp-json\/wp\/v2\/categories?post=90581"},{"taxonomy":"post_tag","embeddable":true,"href":"https:\/\/www.europesays.com\/es\/wp-json\/wp\/v2\/tags?post=90581"}],"curies":[{"name":"wp","href":"https:\/\/api.w.org\/{rel}","templated":true}]}}