{"id":90611,"date":"2025-09-03T12:51:13","date_gmt":"2025-09-03T12:51:13","guid":{"rendered":"https:\/\/www.europesays.com\/es\/90611\/"},"modified":"2025-09-03T12:51:13","modified_gmt":"2025-09-03T12:51:13","slug":"sebastian-montoya-piensa-que-es-mas-rapido-que-andrea-kimi-antonelli-y-gabriel-bortoleto-les-ganaba","status":"publish","type":"post","link":"https:\/\/www.europesays.com\/es\/90611\/","title":{"rendered":"Sebastian Montoya piensa que es m\u00e1s r\u00e1pido que Andrea Kimi Antonelli y Gabriel Bortoleto: \u201cLes ganaba\u201d"},"content":{"rendered":"<p data-journey-content=\"true\" data-node-id=\"2\" class=\"css-i9p093 emevuu60\">Las promesas sue\u00f1an con llegar a la F\u00f3rmula 1. En ese sentido, tener un <strong data-node-id=\"2.1\">padre <\/strong>que ya haya llegado a la categor\u00eda reina puede convertirse en un <strong data-node-id=\"2.3\">arma de doble filo<\/strong>. Por un lado, encontrar<strong data-node-id=\"2.5\"> sponsors y tener visibilidad<\/strong> puede ser mucho m\u00e1s sencillo, pero la <strong data-node-id=\"2.7\">presi\u00f3n y las comparaciones<\/strong> tambi\u00e9n crecen notablemente. En una entrevista para &#8216;As Colombia&#8217;, <strong data-node-id=\"2.9\">Sebastian Montoya<\/strong>, hijo de Juan Pablo Montoya, apunta que ha rendido mejor que los rookies actuales: \u201c<strong data-node-id=\"2.11\">Bortoleto<\/strong> era mi compa\u00f1ero de equipo, y<strong data-node-id=\"2.13\"> yo era m\u00e1s r\u00e1pido que \u00e9l<\/strong>. <strong data-node-id=\"2.15\">Antonelli<\/strong> era mi compa\u00f1ero de equipo, y yo era mucho m\u00e1s r\u00e1pido que \u00e9l\u201d.<\/p>\n<p>Oliver Bearman tambi\u00e9n entra en la ecuaci\u00f3n<\/p>\n<p data-journey-content=\"true\" data-node-id=\"4\" class=\"css-i9p093 emevuu60\">2025 se ha convertido en un a\u00f1o de debuts.<strong data-node-id=\"4.1\"> Seis pilotos<\/strong> han tenido su <a href=\"https:\/\/www.caranddriver.com\/es\/formula-1\/a63769261\/oliver-bearman-ve-una-oportunidad-con-los-rookies-de-2025-es-una-sensacion-agradable\/\" target=\"_blank\" data-vars-ga-outbound-link=\"https:\/\/www.caranddriver.com\/es\/formula-1\/a63769261\/oliver-bearman-ve-una-oportunidad-con-los-rookies-de-2025-es-una-sensacion-agradable\/\" data-vars-ga-ux-element=\"Hyperlink\" data-vars-ga-call-to-action=\"primera oportunidad\" data-node-id=\"4.3\" class=\"body-link css-168zq96 emevuu60\" rel=\"nofollow noopener\">primera oportunidad<\/a> titular esta temporada. El colombiano destaca que ha podido superar a tres \u2018rookies\u2019 actuales: \u201c<strong data-node-id=\"4.5\">Tambi\u00e9n gan\u00e9 a Bearman<\/strong> cuando ten\u00edamos m\u00e1s o menos el mismo motor.<strong data-node-id=\"4.7\"> Si no hac\u00eda trampas, le ganaba<\/strong>. Si lo hac\u00eda, nos pele\u00e1bamos. Si ellos pueden hacerlo, \u00bfpor qu\u00e9 yo no?\u201d. Actualmente ocupa la novena plaza en la clasificaci\u00f3n de F2.<\/p>\n<p data-journey-content=\"true\" data-node-id=\"5\" class=\"css-i9p093 emevuu60\">Montoya se ha mostrado verdaderamente confiado sobre sus opciones de llegar al Gran Circo: \u201cLas \u00faltimas semanas me han demostrado que <strong data-node-id=\"5.1\">es posible. Especialmente cuando miro a los novatos de este a\u00f1o\u201d<\/strong>. Sin embargo, sus afirmaciones <strong data-node-id=\"5.3\">no terminan de respaldarse con los resultados<\/strong>, ya que no ha estado por encima de los pilotos que ha nombrado, al menos en cuanto a resultados.<\/p>\n<p><img draggable=\"true\" alt=\"formula 2 championship round 4 imola previews\" title=\"Formula 2 Championship - Round 4 Imola - Previews\" loading=\"lazy\" width=\"5643\" height=\"3762\" decoding=\"async\" data-nimg=\"1\" style=\"color:transparent;width:100%;height:auto;\"   src=\"https:\/\/www.europesays.com\/es\/wp-content\/uploads\/2025\/09\/josep-maria-marti-of-spain-and-campos-racing-andrea-kimi-news-photo-1756888678.pjpeg\" class=\"css-0 e1g79fud0\"\/><a target=\"_blank\" rel=\"noopener nofollow\" data-theme-key=\"base-link\" href=\"https:\/\/pinterest.com\/pin\/create\/button\/?url=https:\/\/www.caranddriver.com\/es\/formula-1\/a65965992\/sebastian-montoya-piensa-es-mas-rapido-andrea-kimi-antonelli-gabriel-bortoleto-les-ganaba\/&amp;description=&amp;media=https:\/\/hips.hearstapps.com\/hmg-prod\/images\/josep-maria-marti-of-spain-and-campos-racing-andrea-kimi-news-photo-1756888678.pjpeg?resize=1600:*\" class=\"pinterest css-on9hn5 e1c1bym14\"><img decoding=\"async\" data-dynamic-svg=\"true\" src=\"https:\/\/www.caranddriver.com\/_assets\/design-tokens\/fre\/static\/icons\/social\/pinterest.e8cf655.svg?primary=%2523ffffff\" loading=\"lazy\" data-testid=\"dynamic-svg-base\" height=\"auto\" width=\"auto\" alt=\"pinterest\" class=\"css-4lml0h e1mlxuuw1\"\/><\/a><\/p>\n<p>Bryn Lennon &#8211; Formula 1\/\/Getty Images<\/p>\n<p data-journey-content=\"true\" data-node-id=\"8\" class=\"css-i9p093 emevuu60\">Las comparaciones con Gabriel Bortoleto no dejan especialmente bien al colombiano. En su primera prueba frente al brasile\u00f1o fue en 2020, en F4 italiana, donde <strong data-node-id=\"8.1\">el brasile\u00f1o termin\u00f3 quinto, mientras que Montoya no pas\u00f3 del 11<\/strong>\u00ba puesto. En F3, el actual piloto de Sauber consigui\u00f3 llevarse el <strong data-node-id=\"8.3\">t\u00edtulo, muy por encima de su 16\u00ba puesto<\/strong>. Adem\u00e1s, Oliver Bearman tambi\u00e9n ha estado por encima en enfrentamientos directos, dominando la F4 italiana con 11 victorias. El colombiano logr\u00f3 vencer a Andrea Kimi Antonelli en algunas carreras de 2021, aunque el italiano en ese momento ten\u00eda<strong data-node-id=\"8.5\"> 15 a\u00f1os<\/strong> y pronto empez\u00f3 a sumar podios.<\/p>\n<p>2026 tiene sus asientos reservados<\/p>\n<p data-journey-content=\"true\" data-node-id=\"10\" class=\"css-i9p093 emevuu60\">Encontrar una oportunidad en la m\u00e1xima categor\u00eda puede depender de m\u00faltiples factores. En ocasiones, algunos pilotos se posicionan como una opci\u00f3n viable en un momento donde las opciones escasean. No obstante, las escuder\u00edas quieren tenerlo todo atado para la pr\u00f3xima temporada, ya que quieren <strong data-node-id=\"10.1\">aprovechar los cambios de reglamento<\/strong>. Por el momento, todo apunta a que Montoya <strong data-node-id=\"10.3\">tendr\u00e1 que esperar <\/strong>para poder ascender a la F\u00f3rmula 1.<\/p>\n<p>Contenidos relacionados<img src=\"https:\/\/www.europesays.com\/es\/wp-content\/uploads\/2025\/09\/1756903873_481_d3baca1e-d34f-44ac-842c-f2c50fb6b579_1737539442.file\" alt=\"Headshot of Alejandro Fern\u00e1ndez Montealegre\" title=\"Headshot of Alejandro Fern\u00e1ndez Montealegre\" width=\"100%\" height=\"100%\" decoding=\"async\" loading=\"lazy\" class=\"css-o0wq4v ev8dhu53\"\/><\/p>\n<p>Amante del mundo del motor en todas sus versiones, desde salir tranquilamente de ruta hasta escuchar a Lobato dej\u00e1ndose las cuerdas vocales en una vuelta importante de F1. Que mi abuelo fuera mec\u00e1nico seguramente influyera en que me llamara la atenci\u00f3n todo este mundo. \u00a0<\/p>\n","protected":false},"excerpt":{"rendered":"Las promesas sue\u00f1an con llegar a la F\u00f3rmula 1. En ese sentido, tener un padre que ya haya&hellip;\n","protected":false},"author":2,"featured_media":90612,"comment_status":"","ping_status":"","sticky":false,"template":"","format":"standard","meta":{"footnotes":""},"categories":[270],"tags":[168,253,25,24,306,271,272,23,167],"class_list":{"0":"post-90611","1":"post","2":"type-post","3":"status-publish","4":"format-standard","5":"has-post-thumbnail","7":"category-formula-1","8":"tag-deportes","9":"tag-discover","10":"tag-es","11":"tag-espana","12":"tag-f1","13":"tag-formula-1","14":"tag-formula1","15":"tag-spain","16":"tag-sports"},"share_on_mastodon":{"url":"","error":""},"_links":{"self":[{"href":"https:\/\/www.europesays.com\/es\/wp-json\/wp\/v2\/posts\/90611","targetHints":{"allow":["GET"]}}],"collection":[{"href":"https:\/\/www.europesays.com\/es\/wp-json\/wp\/v2\/posts"}],"about":[{"href":"https:\/\/www.europesays.com\/es\/wp-json\/wp\/v2\/types\/post"}],"author":[{"embeddable":true,"href":"https:\/\/www.europesays.com\/es\/wp-json\/wp\/v2\/users\/2"}],"replies":[{"embeddable":true,"href":"https:\/\/www.europesays.com\/es\/wp-json\/wp\/v2\/comments?post=90611"}],"version-history":[{"count":0,"href":"https:\/\/www.europesays.com\/es\/wp-json\/wp\/v2\/posts\/90611\/revisions"}],"wp:featuredmedia":[{"embeddable":true,"href":"https:\/\/www.europesays.com\/es\/wp-json\/wp\/v2\/media\/90612"}],"wp:attachment":[{"href":"https:\/\/www.europesays.com\/es\/wp-json\/wp\/v2\/media?parent=90611"}],"wp:term":[{"taxonomy":"category","embeddable":true,"href":"https:\/\/www.europesays.com\/es\/wp-json\/wp\/v2\/categories?post=90611"},{"taxonomy":"post_tag","embeddable":true,"href":"https:\/\/www.europesays.com\/es\/wp-json\/wp\/v2\/tags?post=90611"}],"curies":[{"name":"wp","href":"https:\/\/api.w.org\/{rel}","templated":true}]}}