{"id":90711,"date":"2025-09-03T13:47:08","date_gmt":"2025-09-03T13:47:08","guid":{"rendered":"https:\/\/www.europesays.com\/es\/90711\/"},"modified":"2025-09-03T13:47:08","modified_gmt":"2025-09-03T13:47:08","slug":"a-partir-de-septiembre-las-mujeres-embarazadas-deben-ponerse-esta-vacuna","status":"publish","type":"post","link":"https:\/\/www.europesays.com\/es\/90711\/","title":{"rendered":"a partir de septiembre, las mujeres embarazadas deben ponerse esta vacuna"},"content":{"rendered":"<p>El ginec\u00f3logo de Policl\u00ednica Gipuzkoa<b> Santiago Novoa<\/b> ha resaltado que la vacuna contra el virus respiratorio sincital (<b>VRS<\/b>) en el embarazo<b> reduce hasta en un 70 por ciento el riesgo de bronquiolitis grave en los primeros meses de vida<\/b>.<\/p>\n<p>En profundidad<\/p>\n<p>Seg\u00fan el experto, aunque la mayor\u00eda de las mujeres han estado expuestas al VRS en la infancia, los anticuerpos adquiridos de forma natural no garantizan suficiente protecci\u00f3n al beb\u00e9. \u00ab<b>Administrar la vacuna a la madre durante el embarazo aumenta temporalmente sus niveles de anticuerpos y estos se transmiten al feto<\/b>. As\u00ed conseguimos que el reci\u00e9n nacido est\u00e9 protegido desde el primer d\u00eda de vida, reduciendo hasta en un 70 por ciento el riesgo de bronquiolitis grave durante sus primeros seis meses\u00bb, subraya Novoa.<\/p>\n<p>El VRS es la causa m\u00e1s frecuente de infecciones respiratorias agudas en la infancia. Se estima que hasta el 90 por ciento de los ni\u00f1os se infectan durante los dos primeros a\u00f1os de vida.<b> En la mayor\u00eda de los casos la enfermedad es leve, pero en beb\u00e9s puede derivar en cuadros graves que requieran hospitalizaci\u00f3n, cuidados intensivos e incluso llegar a ser letal<\/b>.<\/p>\n<p>Ante esta realidad, Novoa recuerda que ya existen herramientas eficaces para proteger a los reci\u00e9n nacidos: \u00abDisponemos de dos estrategias preventivas: por un lado, la vacunaci\u00f3n de las embarazadas entre las semanas 24 y 36 con la vacuna &#8216;Abrysvo&#8217;, que permite transferir anticuerpos al beb\u00e9 a trav\u00e9s de la placenta, y por otro, la inmunizaci\u00f3n directa de los reci\u00e9n nacidos con el anticuerpo monoclonal frente al VRS (nirsevimab)\u00bb, explica el especialista.<\/p>\n<p>Con la llegada de septiembre arranca la recomendaci\u00f3n de vacunaci\u00f3n frente al VRS durante el embarazo. Entre septiembre y enero, se aconseja administrar &#8216;<b>Abrysvo<\/b>&#8216; a las embarazadas entre las semanas 24 y 36 de gestaci\u00f3n, <b>mientras que entre octubre y marzo se recomienda proteger directamente a los reci\u00e9n nacidos con nirsevimab<\/b>.<\/p>\n<p>M\u00e1s detalles<\/p>\n<p>El ginec\u00f3logo recuerda que, pese a la vacunaci\u00f3n materna, en algunos casos tambi\u00e9n se recomienda administrar nirsevimab. \u00ab<b>Esto ocurre, por ejemplo, cuando el parto se produce antes de 14 d\u00edas tras recibir la vacuna, ya que no ha habido tiempo para la transferencia de anticuerpos<\/b>\u00ab, explica. Adem\u00e1s, a\u00f1ade que tambi\u00e9n se considera en beb\u00e9s de mayor riesgo, como los grandes prematuros, aquellos con cardiopat\u00edas graves o con sistemas inmunes debilitados.<\/p>\n<p>La vacuna contra el VRS ya est\u00e1 aprobada en Espa\u00f1a, pero a\u00fan no se ha incorporado al calendario oficial de vacunaci\u00f3n de las embarazadas. \u00ab<b>Vacunarse es prevenir, y prevenir siempre es la mejor decisi\u00f3n cuando hablamos de la salud de un reci\u00e9n nacido<\/b>\u00ab, concluye Novoa.<\/p>\n<p>WhatsApp<a href=\"https:\/\/api.whatsapp.com\/send?text=https:\/\/www.eleconomista.es\/salud-bienestar\/ultimas-noticias\/noticias\/13527633\/09\/25\/el-aviso-de-un-ginecologo-a-toda-espana-a-partir-de-septiembre-las-mujeres-embarazadas-deben-ponerse-esta-vacuna.html?utm_source%3Dwhatsapp%26utm_medium%3Dshare_button&amp;id=1648118629957_whatsapp\" target=\"_blank\" data-action=\"share\/whatsapp\/share\" aria-label=\"Compartir en Whatsapp\" rel=\"nofollow noopener\"><\/a>Facebook<a id=\"fb-share\" href=\"#\" target=\"_blank\" rel=\"noopener noreferrer\" aria-label=\"Compartir en Facebook\"><\/a>Twitter<a href=\"https:\/\/twitter.com\/share?text=El+aviso+de+un+ginec%C3%B3logo+a+toda+Espa%C3%B1a%3A+a+partir+de+septiembre%2C+las+mujeres+embarazadas+deben+ponerse+esta+vacuna&amp;url=https:\/\/www.eleconomista.es\/salud-bienestar\/ultimas-noticias\/noticias\/13527633\/09\/25\/el-aviso-de-un-ginecologo-a-toda-espana-a-partir-de-septiembre-las-mujeres-embarazadas-deben-ponerse-esta-vacuna.html&amp;via=elEconomistaes&amp;id=1648118839245_twitter\" target=\"_blank\" aria-label=\"Compartir en Twitter\" rel=\"nofollow noopener\"><\/a>Linkedin<a href=\"https:\/\/linkedin.com\/share?text=https:\/\/www.eleconomista.es\/salud-bienestar\/ultimas-noticias\/noticias\/13527633\/09\/25\/el-aviso-de-un-ginecologo-a-toda-espana-a-partir-de-septiembre-las-mujeres-embarazadas-deben-ponerse-esta-vacuna.html&amp;via=elEconomistaes\" target=\"_blank\" aria-label=\"Compartir en linkedin\" rel=\"nofollow noopener\"><\/a>Beloud<a href=\"https:\/\/beloud.com\/share?text=El+aviso+de+un+ginec%C3%B3logo+a+toda+Espa%C3%B1a%3A+a+partir+de+septiembre%2C+las+mujeres+embarazadas+deben+ponerse+esta+vacuna&amp;url=https:\/\/www.eleconomista.es\/salud-bienestar\/ultimas-noticias\/noticias\/13527633\/09\/25\/el-aviso-de-un-ginecologo-a-toda-espana-a-partir-de-septiembre-las-mujeres-embarazadas-deben-ponerse-esta-vacuna.html&amp;via=elEconomistaes&amp;id=1648118839245_beloud\" target=\"_blank\" aria-label=\"Compartir en beloud\" rel=\"nofollow noopener\"><\/a>Bluesky<a href=\"https:\/\/bsky.app\/intent\/compose?text=https:\/\/bsky.app\/intent\/compose?text=https:\/\/www.eleconomista.es\/salud-bienestar\/ultimas-noticias\/noticias\/13527633\/09\/25\/el-aviso-de-un-ginecologo-a-toda-espana-a-partir-de-septiembre-las-mujeres-embarazadas-deben-ponerse-esta-vacuna.html&amp;url=https:\/\/www.eleconomista.es\/salud-bienestar\/ultimas-noticias\/noticias\/13527633\/09\/25\/el-aviso-de-un-ginecologo-a-toda-espana-a-partir-de-septiembre-las-mujeres-embarazadas-deben-ponerse-esta-vacuna.html&amp;via=elEconomistaes&amp;id=1648118839245_bluesky\" target=\"_blank\" aria-label=\"Compartir en bluesky\" rel=\"nofollow noopener\"><\/a><\/p>\n<p><script async src=\"https:\/\/platform.twitter.com\/widgets.js\" charset=\"utf-8\"><\/script><\/p>\n","protected":false},"excerpt":{"rendered":"El ginec\u00f3logo de Policl\u00ednica Gipuzkoa Santiago Novoa ha resaltado que la vacuna contra el virus respiratorio sincital (VRS)&hellip;\n","protected":false},"author":2,"featured_media":90712,"comment_status":"","ping_status":"","sticky":false,"template":"","format":"standard","meta":{"footnotes":""},"categories":[92],"tags":[25,24,165,166,4134,23],"class_list":{"0":"post-90711","1":"post","2":"type-post","3":"status-publish","4":"format-standard","5":"has-post-thumbnail","7":"category-salud","8":"tag-es","9":"tag-espana","10":"tag-health","11":"tag-salud","12":"tag-salud-bienestar","13":"tag-spain"},"share_on_mastodon":{"url":"","error":""},"_links":{"self":[{"href":"https:\/\/www.europesays.com\/es\/wp-json\/wp\/v2\/posts\/90711","targetHints":{"allow":["GET"]}}],"collection":[{"href":"https:\/\/www.europesays.com\/es\/wp-json\/wp\/v2\/posts"}],"about":[{"href":"https:\/\/www.europesays.com\/es\/wp-json\/wp\/v2\/types\/post"}],"author":[{"embeddable":true,"href":"https:\/\/www.europesays.com\/es\/wp-json\/wp\/v2\/users\/2"}],"replies":[{"embeddable":true,"href":"https:\/\/www.europesays.com\/es\/wp-json\/wp\/v2\/comments?post=90711"}],"version-history":[{"count":0,"href":"https:\/\/www.europesays.com\/es\/wp-json\/wp\/v2\/posts\/90711\/revisions"}],"wp:featuredmedia":[{"embeddable":true,"href":"https:\/\/www.europesays.com\/es\/wp-json\/wp\/v2\/media\/90712"}],"wp:attachment":[{"href":"https:\/\/www.europesays.com\/es\/wp-json\/wp\/v2\/media?parent=90711"}],"wp:term":[{"taxonomy":"category","embeddable":true,"href":"https:\/\/www.europesays.com\/es\/wp-json\/wp\/v2\/categories?post=90711"},{"taxonomy":"post_tag","embeddable":true,"href":"https:\/\/www.europesays.com\/es\/wp-json\/wp\/v2\/tags?post=90711"}],"curies":[{"name":"wp","href":"https:\/\/api.w.org\/{rel}","templated":true}]}}