{"id":90745,"date":"2025-09-03T14:07:09","date_gmt":"2025-09-03T14:07:09","guid":{"rendered":"https:\/\/www.europesays.com\/es\/90745\/"},"modified":"2025-09-03T14:07:09","modified_gmt":"2025-09-03T14:07:09","slug":"cardi-b-absuelta-de-una-demanda-de-agresion-contra-una-exguardaespaldas","status":"publish","type":"post","link":"https:\/\/www.europesays.com\/es\/90745\/","title":{"rendered":"Cardi B, absuelta de una demanda de agresi\u00f3n contra una exguardaespaldas"},"content":{"rendered":"<p><img fetchpriority=\"high\" class=\"v-a-img\" src=\"https:\/\/www.europesays.com\/es\/wp-content\/uploads\/2025\/09\/Clipboard-0096.png\" loading=\"eager\" decoding=\"async\" alt=\"La rapera estadounidense Cardi B\"  width=\"1200\" height=\"840\"\/><\/p>\n<p>La rapera estadounidense Cardi B          AFP        <\/p>\n<p>La rapera estadounidense se libra, as\u00ed, de pagar la indemnizaci\u00f3n de 24 millones de d\u00f3lares que exig\u00eda la demandante<\/p>\n<p class=\"v-mdl-ath__p v-mdl-ath__p--6\">\nMi\u00e9rcoles, 3 de septiembre 2025, 12:57<\/p>\n<p class=\"v-p\">Un juez de California ha absuelto a la rapera estadounidense Cardi B a que se le acusaba de presuntamente haber agredido a una exguardia de seguridad. La demandante exig\u00eda una indemnizaci\u00f3n de 24 millones de d\u00f3lares por las heridas f\u00edsicas y las secuelas psicol\u00f3gicas que habr\u00eda sufrido durante este altercado en el a\u00f1o 2018. Tras conocer la sentencia, la m\u00fasica ha agradecido a sus abogados al tiempo que ha calificado la demanda de \u00abfr\u00edvola\u00bb.<\/p>\n<p class=\"v-p\">El motivo de este fallo radica, principalmente, en que la demandante, Emani Ellis, no habr\u00eda logrado demostrar elementos de agresi\u00f3n, negligencia o angustia emocional suficientes como para culpar a Cardi B de un delito de agresi\u00f3n. De esta manera, la rapera ha quedado absuleta de cualquier responsabilidad civil en lo que respecta a este caso.<\/p>\n<p class=\"v-p\">En el momento en el que la denuncia fue interpuesta, aseguraba que Cardi B le habr\u00eda ara\u00f1ado la cara y le habr\u00eda escupido durante una discusi\u00f3n mientras se dirig\u00eda al consultorio m\u00e9dico en el que trabajaba Ellis, situado en la ciudad de Beverly Hills. La exguardia de seguridad argumentaba entonces que hab\u00eda sufrido cortes en la cara, realizados con las largas u\u00f1as de la artista, que requirieron cirug\u00eda pl\u00e1stica.<\/p>\n<p class=\"v-p\">La artista, que estaba embarazada en ese momento y se dirig\u00eda a su obstetra, neg\u00f3 las acusaciones, mientras que la demandante solicitaba una indemnizaci\u00f3n punitiva, adem\u00e1s de un pago de 24 millones de d\u00f3lares por los da\u00f1os tanto f\u00edsicos como psicol\u00f3gicos causados.<\/p>\n<p>Comenta<\/p>\n<p>Reporta un error<\/p>\n","protected":false},"excerpt":{"rendered":"La rapera estadounidense Cardi B AFP La rapera estadounidense se libra, as\u00ed, de pagar la indemnizaci\u00f3n de 24&hellip;\n","protected":false},"author":2,"featured_media":90746,"comment_status":"","ping_status":"","sticky":false,"template":"","format":"standard","meta":{"footnotes":""},"categories":[170],"tags":[33134,11971,2459,6386,146,147,25,24,33135,184,185,23],"class_list":{"0":"post-90745","1":"post","2":"type-post","3":"status-publish","4":"format-standard","5":"has-post-thumbnail","7":"category-musica","8":"tag-absuelta","9":"tag-agresion","10":"tag-cardi","11":"tag-demanda","12":"tag-entertainment","13":"tag-entretenimiento","14":"tag-es","15":"tag-espana","16":"tag-exguardaespaldas","17":"tag-music","18":"tag-musica","19":"tag-spain"},"share_on_mastodon":{"url":"","error":""},"_links":{"self":[{"href":"https:\/\/www.europesays.com\/es\/wp-json\/wp\/v2\/posts\/90745","targetHints":{"allow":["GET"]}}],"collection":[{"href":"https:\/\/www.europesays.com\/es\/wp-json\/wp\/v2\/posts"}],"about":[{"href":"https:\/\/www.europesays.com\/es\/wp-json\/wp\/v2\/types\/post"}],"author":[{"embeddable":true,"href":"https:\/\/www.europesays.com\/es\/wp-json\/wp\/v2\/users\/2"}],"replies":[{"embeddable":true,"href":"https:\/\/www.europesays.com\/es\/wp-json\/wp\/v2\/comments?post=90745"}],"version-history":[{"count":0,"href":"https:\/\/www.europesays.com\/es\/wp-json\/wp\/v2\/posts\/90745\/revisions"}],"wp:featuredmedia":[{"embeddable":true,"href":"https:\/\/www.europesays.com\/es\/wp-json\/wp\/v2\/media\/90746"}],"wp:attachment":[{"href":"https:\/\/www.europesays.com\/es\/wp-json\/wp\/v2\/media?parent=90745"}],"wp:term":[{"taxonomy":"category","embeddable":true,"href":"https:\/\/www.europesays.com\/es\/wp-json\/wp\/v2\/categories?post=90745"},{"taxonomy":"post_tag","embeddable":true,"href":"https:\/\/www.europesays.com\/es\/wp-json\/wp\/v2\/tags?post=90745"}],"curies":[{"name":"wp","href":"https:\/\/api.w.org\/{rel}","templated":true}]}}