{"id":90831,"date":"2025-09-03T15:03:14","date_gmt":"2025-09-03T15:03:14","guid":{"rendered":"https:\/\/www.europesays.com\/es\/90831\/"},"modified":"2025-09-03T15:03:14","modified_gmt":"2025-09-03T15:03:14","slug":"una-campeona-olimpica-acaba-su-sesion-de-quimio-contra-el-cancer-y-cinco-dias-despues-vuelve-a-jugar","status":"publish","type":"post","link":"https:\/\/www.europesays.com\/es\/90831\/","title":{"rendered":"Una campeona ol\u00edmpica acaba su sesi\u00f3n de quimio contra el c\u00e1ncer y cinco d\u00edas despu\u00e9s vuelve a jugar"},"content":{"rendered":"<p class=\"voc-p\" style=\"\">El pasado mes de junio<strong> Camilla Herrem<\/strong> (38 a\u00f1os) anunci\u00f3 que padec\u00eda c\u00e1ncer de mama. Inmediatamente comenz\u00f3 el tratamiento para combatir la enfermedad y el 26 de agosto acudi\u00f3 a la \u00faltima sesi\u00f3n de quimioterapia. Como suele ocurrir en estos casos, ha perdido todo el pelo, una abundante melena rubia que, habitualmente recogida en una coleta, la ha acompa\u00f1ado en su exitosa carrera como <a href=\"https:\/\/www.abc.es\/deportes\/juegos-olimpicos\/rio-2016\/abci-espana-noruega-balonmano-femenino-rio2016-201608081156_directo.html\" target=\"_self\" data-voc-vtm-id=\"in-text-traffic\" title=\"jugadora de balonmano profesional\" data-mrf-link=\"www.abc.es\" rel=\"nofollow noopener\">jugadora de balonmano profesional<\/a>.<\/p>\n<p><img decoding=\"async\" loading=\"lazy\" src=\"https:\/\/www.europesays.com\/es\/wp-content\/uploads\/2025\/09\/40192101-U42316413571mJj-760x427@diario_abc.JPG\" class=\"voc-img\" width=\"760\" height=\"427\" alt=\"Camilla Herrem (dcha) defiende un lanzamiento de la espa\u00f1ola Nerea Pena durante el Europeo de 2014\" data-voc-vtm-id=\"in-text-traffic\"\/><\/p>\n<p>Camilla Herrem (dcha) defiende un lanzamiento de la espa\u00f1ola Nerea Pena durante el Europeo de 2014<\/p>\n<p>afp<\/p>\n<p class=\"voc-p\" style=\"\">Camilla ocupa la demarcaci\u00f3n de extremo izquierdo y es una figura hist\u00f3rica de la selecci\u00f3n de su pa\u00eds, Noruega, una de las grandes potencias del balonmano femenino. As\u00ed, defendiendo el escudo nacional acumula un palmar\u00e9s excepcional: <strong>dos oros ol\u00edmpicos<\/strong> (<a href=\"https:\/\/www.abc.es\/deportes\/juegos-olimpicos\/abci-cronica-espana-balonmano-201208070000_noticia.html\" target=\"_self\" data-voc-vtm-id=\"in-text-traffic\" title=\"Londres 2012\" data-mrf-link=\"www.abc.es\" rel=\"nofollow noopener\">Londres 2012<\/a> y Par\u00eds 2024), <strong>tres t\u00edtulos mundiales y seis campeonatos de Europa<\/strong>.<\/p>\n<p class=\"voc-p\" style=\"\">El domingo 31 de agosto, cinco d\u00edas despu\u00e9s de la citada sesi\u00f3n de quimio, Herrem volvi\u00f3 a pisar el parqu\u00e9 de un pabell\u00f3n. Con la camiseta amarilla y el pantal\u00f3n negro del <strong>Sola HK<\/strong>, el club de la ciudad donde naci\u00f3, salt\u00f3 a la cancha jug\u00f3 el partido correspondiente a la jornada inicial de la Primera divisi\u00f3n noruega&#8230; y marc\u00f3 cuatro goles en la victoria ante el <strong>Oppsal<\/strong> (29-25).<\/p>\n<p class=\"voc-p\" style=\"\">\u00abFue una oleada de emociones\u00bb, reconoci\u00f3 Camilla tras un encuentro que, adem\u00e1s de por su fortaleza f\u00edsica y de \u00e1nimo, fue muy especial por otras circunstancias: por jugar en el club de su vida, al que regres\u00f3 en 2017 tras haber estado en las ligas de Ruman\u00eda (Baia Mare) y Macedonia del Norte (Vardar Skopje), y sobre todo porque el entrenador del Sola es <strong>Steffen Stegavik<\/strong>, su esposo y padre de los dos hijos de ambos (de 7 y 2 a\u00f1os).<\/p>\n<p class=\"voc-p\" style=\"\">No es la primera muestra de pundonor de esta jugadora. As\u00ed, en 2023 tambi\u00e9n regres\u00f3 a la pista <strong>menos de un mes despu\u00e9s de haber dado a luz<\/strong> a su segundo hijo. <\/p>\n<p>Reportar un error<\/p>\n","protected":false},"excerpt":{"rendered":"El pasado mes de junio Camilla Herrem (38 a\u00f1os) anunci\u00f3 que padec\u00eda c\u00e1ncer de mama. Inmediatamente comenz\u00f3 el&hellip;\n","protected":false},"author":2,"featured_media":90832,"comment_status":"","ping_status":"","sticky":false,"template":"","format":"standard","meta":{"footnotes":""},"categories":[278],"tags":[2887,376,1066,5810,168,987,960,25,24,375,7982,7532,33186,12202,23,167,739],"class_list":{"0":"post-90831","1":"post","2":"type-post","3":"status-publish","4":"format-standard","5":"has-post-thumbnail","7":"category-balonmano","8":"tag-acaba","9":"tag-balonmano","10":"tag-cancer","11":"tag-cinco","12":"tag-deportes","13":"tag-despues","14":"tag-dias","15":"tag-es","16":"tag-espana","17":"tag-handball","18":"tag-increible","19":"tag-jugar","20":"tag-quimio","21":"tag-sesion","22":"tag-spain","23":"tag-sports","24":"tag-vuelve"},"share_on_mastodon":{"url":"","error":""},"_links":{"self":[{"href":"https:\/\/www.europesays.com\/es\/wp-json\/wp\/v2\/posts\/90831","targetHints":{"allow":["GET"]}}],"collection":[{"href":"https:\/\/www.europesays.com\/es\/wp-json\/wp\/v2\/posts"}],"about":[{"href":"https:\/\/www.europesays.com\/es\/wp-json\/wp\/v2\/types\/post"}],"author":[{"embeddable":true,"href":"https:\/\/www.europesays.com\/es\/wp-json\/wp\/v2\/users\/2"}],"replies":[{"embeddable":true,"href":"https:\/\/www.europesays.com\/es\/wp-json\/wp\/v2\/comments?post=90831"}],"version-history":[{"count":0,"href":"https:\/\/www.europesays.com\/es\/wp-json\/wp\/v2\/posts\/90831\/revisions"}],"wp:featuredmedia":[{"embeddable":true,"href":"https:\/\/www.europesays.com\/es\/wp-json\/wp\/v2\/media\/90832"}],"wp:attachment":[{"href":"https:\/\/www.europesays.com\/es\/wp-json\/wp\/v2\/media?parent=90831"}],"wp:term":[{"taxonomy":"category","embeddable":true,"href":"https:\/\/www.europesays.com\/es\/wp-json\/wp\/v2\/categories?post=90831"},{"taxonomy":"post_tag","embeddable":true,"href":"https:\/\/www.europesays.com\/es\/wp-json\/wp\/v2\/tags?post=90831"}],"curies":[{"name":"wp","href":"https:\/\/api.w.org\/{rel}","templated":true}]}}