{"id":90851,"date":"2025-09-03T15:16:08","date_gmt":"2025-09-03T15:16:08","guid":{"rendered":"https:\/\/www.europesays.com\/es\/90851\/"},"modified":"2025-09-03T15:16:08","modified_gmt":"2025-09-03T15:16:08","slug":"un-juez-absuelve-a-la-rapera-cardi-b-de-una-demanda-de-agresion-contra-una-guardia-de-seguridad-gente","status":"publish","type":"post","link":"https:\/\/www.europesays.com\/es\/90851\/","title":{"rendered":"Un juez absuelve a la rapera Cardi B de una demanda de agresi\u00f3n contra una guardia de seguridad | Gente"},"content":{"rendered":"<p class=\"\">Un juez de California desestim\u00f3 una demanda civil de agresi\u00f3n f\u00edsica este martes contra <a href=\"https:\/\/elpais.com\/gente\/2025-06-02\/cardi-b-revela-el-elevado-coste-de-manutencion-de-sus-tres-hijos-10000-al-mes-para-un-conductor-privado-o-300-por-cada-clase-de-piano.html\" target=\"_blank\" rel=\"nofollow noopener\" title=\"https:\/\/elpais.com\/gente\/2025-06-02\/cardi-b-revela-el-elevado-coste-de-manutencion-de-sus-tres-hijos-10000-al-mes-para-un-conductor-privado-o-300-por-cada-clase-de-piano.html\">la rapera estadounidense Cardi B<\/a> (Nueva York, 32 a\u00f1os). La demandante, Emani Ellis, exig\u00eda una indemnizaci\u00f3n de 24 millones de d\u00f3lares para tratar las heridas f\u00edsicas y secuelas psicol\u00f3gica que le dej\u00f3 un supuesto altercado en 2018. El fallo determin\u00f3 que la demandante no mostr\u00f3 los elementos suficientes para culpar a la rapera estadounidense del delito. Cardi B obtuvo una victoria decisiva en los tribunales y est\u00e1 absuelta de cualquier responsabilidad civil.<\/p>\n<p class=\"\">Fue en 2020 cuando Emani Ellis present\u00f3 la denuncia despu\u00e9s de que Cardi B presuntamente le ara\u00f1ara, le escupiese en la cara y le dijera insultos racistas durante una discusi\u00f3n en un consultorio m\u00e9dico en Beverly Hills (California), donde trabajaba como guardia de seguridad. Ella afirm\u00f3 que las u\u00f1as largas de la actriz le dejaron cortes en la cara que requirieron cirug\u00eda pl\u00e1stica. La cantante de WAP se encontraba en el centro m\u00e9dico porque ten\u00eda una consulta con su obstetra. En ese entonces estaba <a href=\"https:\/\/elpais.com\/us\/entretenimiento\/2024-08-01\/cardi-b-se-divorcia-de-offset-y-horas-despues-desvela-que-esta-embarazada-de-su-tercer-hijo.html\" target=\"_blank\" rel=\"nofollow noopener\" title=\"https:\/\/elpais.com\/us\/entretenimiento\/2024-08-01\/cardi-b-se-divorcia-de-offset-y-horas-despues-desvela-que-esta-embarazada-de-su-tercer-hijo.html\">embarazada de su primer hijo \u2014ahora de tres a\u00f1os\u2014, que tiene con el rapero Offset<\/a>. La actriz a\u00fan no hab\u00eda anunciado p\u00fablicamente su embarazo y, seg\u00fan su relato, vest\u00eda una sudadera que le tapaba la cabeza para no ser identificada.<\/p>\n<p>M\u00e1s informaci\u00f3n<\/p>\n<p class=\"\">La ganadora del premio Grammy al Mejor \u00c1lbum de Rap en 2019 testific\u00f3 que Ellis invadi\u00f3 su privacidad despu\u00e9s de haberla reconocido. Asegur\u00f3 que la comenz\u00f3 a seguir y que intent\u00f3 grabar un video con su tel\u00e9fono m\u00f3vil. La demandante declar\u00f3 que solo le hab\u00eda exigido a Cardi B que abandonara el edificio porque estaba causando un disturbio.<\/p>\n<p><img alt=\"Cardi B en su llegada a la corte el 26 de agosto en Los \u00c1ngeles.\" decoding=\"auto\" class=\"_re lazyload a_m-v\" height=\"622\"  width=\"414\"  src=\"https:\/\/www.europesays.com\/es\/wp-content\/uploads\/2025\/09\/KOBHW7SJDBABFFAWTZST4X47OU.jpg\" loading=\"lazy\"\/>Cardi B en su llegada a la corte el 26 de agosto en Los \u00c1ngeles.MEGA (GC Images)<\/p>\n<p class=\"\">El juicio, que comenz\u00f3 el 25 de agosto, se viraliz\u00f3 en las redes sociales tras <a href=\"https:\/\/elpais.com\/gente\/2025-08-28\/el-juicio-\" target=\"_blank\" rel=\"nofollow noopener\" title=\"https:\/\/elpais.com\/gente\/2025-08-28\/el-juicio-\">la intriga que le gener\u00f3 al abogado de la demandante que la cantante llevara una peluca diferente <\/a>en cada una de las jornadas del juicio. Tambi\u00e9n le pregunt\u00f3 por el largo y la forma de sus u\u00f1as.<\/p>\n<p class=\"\">Momentos antes de que el jurado dictara el veredicto, la cantante protagoniz\u00f3 un altercado con uno de los periodistas fuera de la audiencia. Le lanz\u00f3 un bol\u00edgrafo despu\u00e9s de que este le preguntara: \u201cCardi, algunos aseguran que Offset est\u00e1 presumiendo de que te dej\u00f3 embarazada por cuarta vez. \u00bfPiensas que habr\u00e1 alg\u00fan problema de paternidad con Stefon Diggs \u2014su actual pareja\u2014?\u201d.<\/p>\n<p class=\"\">Tras conocerse y hacerse p\u00fablico el veredicto, Cardi B agradeci\u00f3 a sus abogados, al juez y a la prensa y lament\u00f3 no haber estado presente en el primer d\u00eda de clase de sus hijos. La actriz jur\u00f3 por Dios, ante los periodistas fuera de tribunal, que nunca toc\u00f3 a la demandante. \u201cS\u00e9 que tengo una reputaci\u00f3n, pero juro que esta vez soy inocente\u201d. Tambi\u00e9n aclar\u00f3 que no dudar\u00e1 en contra demandar a la pr\u00f3xima persona que intente presentar una \u201cdemanda fr\u00edvola\u201d contra ella. \u201cTrabajo duro por mi dinero, no lo voy a regalar\u201d, finaliz\u00f3.<\/p>\n<p class=\"\">Ellis, quien denunci\u00f3 a la artista, declar\u00f3 a los medios que no se arrepent\u00eda \u201cen absoluto\u201d por haber llevado a cabo la demanda. \u201cNo quiero que se pase por alto. Lo que ella me hizo fue real\u201d, finaliz\u00f3. La cantante pidi\u00f3 a sus fans que no molestaran a Ellis, ni la buscaran a trav\u00e9s de las redes sociales, y pidi\u00f3 a todos dejar este episodio en el pasado.<\/p>\n<p class=\"\">No es la primera, ni la \u00faltima vez que la cantante de \u00e9xitos como Taki Taki y I Like It se enfrenta a demandas por agresi\u00f3n. Sigue en curso otro requerimiento<a href=\"https:\/\/elpais.com\/gente\/2025-07-24\/la-artista-cardi-b-demandada-por-la-fan-a-la-que-lanzo-un-microfono-en-2023.html\" target=\"_blank\" rel=\"nofollow noopener\" title=\"https:\/\/elpais.com\/gente\/2025-07-24\/la-artista-cardi-b-demandada-por-la-fan-a-la-que-lanzo-un-microfono-en-2023.html\">, presentado el pasado 24 de julio, contra ella<\/a> <a href=\"https:\/\/elpais.com\/gente\/2025-07-24\/la-artista-cardi-b-demandada-por-la-fan-a-la-que-lanzo-un-microfono-en-2023.html\" target=\"_blank\" rel=\"nofollow noopener\" title=\"https:\/\/elpais.com\/gente\/2025-07-24\/la-artista-cardi-b-demandada-por-la-fan-a-la-que-lanzo-un-microfono-en-2023.html\">por asalto, agresi\u00f3n y negligencia<\/a>. Fue una fan quien denunci\u00f3 que<a href=\"https:\/\/elpais.com\/gente\/2023-08-10\/subastan-el-microfono-que-cardi-b-lanzo-a-una-fan-por-mas-de-90000-euros.html\" target=\"_blank\" rel=\"nofollow noopener\" title=\"https:\/\/elpais.com\/gente\/2023-08-10\/subastan-el-microfono-que-cardi-b-lanzo-a-una-fan-por-mas-de-90000-euros.html\"> la cantante le lanz\u00f3 un micr\u00f3fono en un concierto en 2023<\/a> despu\u00e9s de que la seguidora le lanzara agua.<\/p>\n","protected":false},"excerpt":{"rendered":"Un juez de California desestim\u00f3 una demanda civil de agresi\u00f3n f\u00edsica este martes contra la rapera estadounidense Cardi&hellip;\n","protected":false},"author":2,"featured_media":90852,"comment_status":"","ping_status":"","sticky":false,"template":"","format":"standard","meta":{"footnotes":""},"categories":[170],"tags":[505,3061,31360,3808,146,147,25,24,629,256,260,2128,3691,184,185,213,23],"class_list":{"0":"post-90851","1":"post","2":"type-post","3":"status-publish","4":"format-standard","5":"has-post-thumbnail","7":"category-musica","8":"tag-artistas","9":"tag-cantantes","10":"tag-cardi-b","11":"tag-denuncias","12":"tag-entertainment","13":"tag-entretenimiento","14":"tag-es","15":"tag-espana","16":"tag-estados-unidos","17":"tag-famosos","18":"tag-gente","19":"tag-juicios","20":"tag-los-angeles","21":"tag-music","22":"tag-musica","23":"tag-rap","24":"tag-spain"},"share_on_mastodon":{"url":"","error":""},"_links":{"self":[{"href":"https:\/\/www.europesays.com\/es\/wp-json\/wp\/v2\/posts\/90851","targetHints":{"allow":["GET"]}}],"collection":[{"href":"https:\/\/www.europesays.com\/es\/wp-json\/wp\/v2\/posts"}],"about":[{"href":"https:\/\/www.europesays.com\/es\/wp-json\/wp\/v2\/types\/post"}],"author":[{"embeddable":true,"href":"https:\/\/www.europesays.com\/es\/wp-json\/wp\/v2\/users\/2"}],"replies":[{"embeddable":true,"href":"https:\/\/www.europesays.com\/es\/wp-json\/wp\/v2\/comments?post=90851"}],"version-history":[{"count":0,"href":"https:\/\/www.europesays.com\/es\/wp-json\/wp\/v2\/posts\/90851\/revisions"}],"wp:featuredmedia":[{"embeddable":true,"href":"https:\/\/www.europesays.com\/es\/wp-json\/wp\/v2\/media\/90852"}],"wp:attachment":[{"href":"https:\/\/www.europesays.com\/es\/wp-json\/wp\/v2\/media?parent=90851"}],"wp:term":[{"taxonomy":"category","embeddable":true,"href":"https:\/\/www.europesays.com\/es\/wp-json\/wp\/v2\/categories?post=90851"},{"taxonomy":"post_tag","embeddable":true,"href":"https:\/\/www.europesays.com\/es\/wp-json\/wp\/v2\/tags?post=90851"}],"curies":[{"name":"wp","href":"https:\/\/api.w.org\/{rel}","templated":true}]}}