{"id":90864,"date":"2025-09-03T15:24:11","date_gmt":"2025-09-03T15:24:11","guid":{"rendered":"https:\/\/www.europesays.com\/es\/90864\/"},"modified":"2025-09-03T15:24:11","modified_gmt":"2025-09-03T15:24:11","slug":"feijoo-se-escuda-en-un-acto-de-ayuso-para-no-acudir-a-la-apertura-del-ano-judicial-espana","status":"publish","type":"post","link":"https:\/\/www.europesays.com\/es\/90864\/","title":{"rendered":"Feij\u00f3o se escuda en un acto de Ayuso para no acudir a la apertura del A\u00f1o Judicial | Espa\u00f1a"},"content":{"rendered":"<p class=\"\">La oposici\u00f3n sin cuartel de Alberto N\u00fa\u00f1ez Feij\u00f3o al Gobierno de Pedro S\u00e1nchez le dejar\u00e1 sin una de las fotos m\u00e1s relevantes de principios del curso pol\u00edtico. El l\u00edder del PP no acudir\u00e1 este viernes a la apertura del A\u00f1o Judicial, presidido por Felipe VI como cada septiembre en el Tribunal Supremo. En esta ocasi\u00f3n, <a href=\"https:\/\/elpais.com\/espana\/2025-07-29\/el-supremo-confirma-el-procesamiento-del-fiscal-general-y-le-aboca-a-sentarse-en-el-banquillo.html\" target=\"_self\" rel=\"nofollow noopener\" title=\"https:\/\/elpais.com\/espana\/2025-07-29\/el-supremo-confirma-el-procesamiento-del-fiscal-general-y-le-aboca-a-sentarse-en-el-banquillo.html\">ser\u00e1 la primera vez que un Fiscal General del Estado, \u00c1lvaro Garc\u00eda Ortiz, est\u00e9 presente como procesado<\/a>. Para justificar su ausencia, fuentes de la direcci\u00f3n del Partido Popular han emitido un comunicado en el que se escudan en que Feij\u00f3o ten\u00eda un \u201ccompromiso previo adquirido\u201d durante la misma jornada y a la misma hora: un acto del PP de la Comunidad de Madrid junto a la presidenta, Isabel D\u00edaz Ayuso, en Arganda del Rey.<\/p>\n<p class=\"\">Pero, acto seguido y en la misma nota, G\u00e9nova ataca a La Moncloa por \u201csometer al jefe del Estado a la tensi\u00f3n institucional de compartir acto con un Fiscal General del Estado en esta situaci\u00f3n procesal, algo que ser\u00eda f\u00e1cilmente evitable si Pedro S\u00e1nchez forzara su renuncia de manera inmediata\u201d. Sin embargo, esta misma ma\u00f1ana Felipe VI ha recibido a Garc\u00eda Ortiz en audiencia en La Zarzuela. Feij\u00f3o, como l\u00edder de la oposici\u00f3n y en el ejercicio de dicho cargo, hab\u00eda asistido todos los meses de septiembre desde que fue nombrado presidente del PP al Tribunal Supremo para dicho evento. Y ahora alega como argumento principal un acto de Ayuso. Todo bajo el eterno debate de si el l\u00edder del PP toma las decisiones motu proprio o empujado desde la Puerta del Sol.<\/p>\n<p class=\"\">As\u00ed, G\u00e9nova otorga en su nota de prensa m\u00e1s relevancia al inicio del curso pol\u00edtico del PP de Ayuso que a la apertura del A\u00f1o Judicial, como \u201ccompromiso previamente adquirido\u201d. Los populares se enredan en sus propias palabras al reconocer, sin embargo y en el mismo comunicado, que la motivaci\u00f3n principal es otra. \u201cEl PP de Feij\u00f3o, por tanto, acompa\u00f1ar\u00e1 a Isabel D\u00edaz Ayuso y no asistir\u00e1 a una apertura del A\u00f1o Judicial en la que participa un fiscal general del Estado que incurri\u00f3 en desviaci\u00f3n de poder seg\u00fan el propio CGPJ, y que est\u00e1 procesado y a la espera de ser juzgado por el propio Tribual Supremo\u201d. <\/p>\n<p class=\"\">No es la primera vez que Feij\u00f3o rechaza un acto institucional de estas caracter\u00edsticas. Tampoco s<a href=\"https:\/\/elpais.com\/espana\/2025-06-12\/la-crisis-del-psoe-empana-la-conmemoracion-de-los-40-anos-de-la-entrada-de-espana-en-la-ue.html\" target=\"_self\" rel=\"nofollow noopener\" title=\"https:\/\/elpais.com\/espana\/2025-06-12\/la-crisis-del-psoe-empana-la-conmemoracion-de-los-40-anos-de-la-entrada-de-espana-en-la-ue.html\">ecund\u00f3 el 40\u00ba aniversario de la firma del tratado de adhesi\u00f3n de Espa\u00f1a a la UE<\/a> del pasado mes de junio tras hacerse p\u00fablico el informe de la UCO que implicaba al exsecretario general de PSOE Santos Cerd\u00e1n con un papel preponderante el caso Koldo. El rechazo a la invitaci\u00f3n del A\u00f1o Judicial llega dos d\u00edas despu\u00e9s de la entrevista concedida <a href=\"https:\/\/elpais.com\/espana\/2025-09-01\/sanchez-hay-jueces-haciendo-politica-que-no-cumplen-la-ley.html\" target=\"_self\" rel=\"nofollow noopener\" title=\"https:\/\/elpais.com\/espana\/2025-09-01\/sanchez-hay-jueces-haciendo-politica-que-no-cumplen-la-ley.html\">por S\u00e1nchez a TVE en la que afirm\u00f3 que \u201chay jueces haciendo pol\u00edtica que no cumplen la ley\u201d.<\/a> <\/p>\n<p class=\"\">Unas declaraciones que provocaron ya duras cr\u00edticas por parte de los populares. \u201cEl A\u00f1o Judicial arranca en la misma semana en la que el presidente del Gobierno ha dicho que en nuestro pa\u00eds los jueces persiguen a los ciudadanos por sus ideas pol\u00edticas y no por la comisi\u00f3n de delitos\u201d, insisten en el comunicado de este mi\u00e9rcoles. \u201cEs m\u00e1s, Pedro S\u00e1nchez duda de las imputaciones y procesamientos del fiscal pero tambi\u00e9n de su hermano y de su mujer, poniendo en entredicho al Tribunal Supremo, al TSJ de Extremadura, a la Audiencia Provincial de Madrid y al menos a dos juzgados de instrucci\u00f3n de Madrid y Badajoz\u201d, a\u00f1aden.<\/p>\n<p class=\"\">La decisi\u00f3n tomada por Feij\u00f3o ha sido anunciada adem\u00e1s un d\u00eda despu\u00e9s de que el president de Catalu\u00f1a, Salvador Illa, se re\u00fana en Bruselas con el expresident Carles Puigdemont. Una foto a la que tambi\u00e9n alude G\u00e9nova en su comunicado como otro ingrediente m\u00e1s para argumentar la no asistencia de Feij\u00f3o. \u201cEste Gobierno no respeta a la Justicia porque amnist\u00eda a imputados como Puigdemont, indulta a condenados como [Oriol] Junqueras, celebra que se anulen las condenas a Chaves y a Gri\u00f1\u00e1n y protege a personas como \u00c1lvaro Garc\u00eda Ortiz, Bego\u00f1a G\u00f3mez o David S\u00e1nchez P\u00e9rez-Castej\u00f3n\u201d. <\/p>\n","protected":false},"excerpt":{"rendered":"La oposici\u00f3n sin cuartel de Alberto N\u00fa\u00f1ez Feij\u00f3o al Gobierno de Pedro S\u00e1nchez le dejar\u00e1 sin una de&hellip;\n","protected":false},"author":2,"featured_media":90865,"comment_status":"","ping_status":"","sticky":false,"template":"","format":"standard","meta":{"footnotes":""},"categories":[8],"tags":[6069,17,18,25,24,13,14,11439,2153,11,19,20,9,10,15,16,2959,956,23,12,4874,21,22],"class_list":{"0":"post-90864","1":"post","2":"type-post","3":"status-publish","4":"format-standard","5":"has-post-thumbnail","7":"category-espana","8":"tag-alberto-nunez-feijoo","9":"tag-breaking-news","10":"tag-breakingnews","11":"tag-es","12":"tag-espana","13":"tag-featured-news","14":"tag-featurednews","15":"tag-felipe-vi","16":"tag-fiscalia-general-estado","17":"tag-headlines","18":"tag-latest-news","19":"tag-latestnews","20":"tag-news","21":"tag-noticias","22":"tag-noticias-destacadas","23":"tag-noticiasdestacadas","24":"tag-pedro-sanchez","25":"tag-pp","26":"tag-spain","27":"tag-titulares","28":"tag-tribunal-supremo","29":"tag-ultimas-noticias","30":"tag-ultimasnoticias"},"share_on_mastodon":{"url":"","error":""},"_links":{"self":[{"href":"https:\/\/www.europesays.com\/es\/wp-json\/wp\/v2\/posts\/90864","targetHints":{"allow":["GET"]}}],"collection":[{"href":"https:\/\/www.europesays.com\/es\/wp-json\/wp\/v2\/posts"}],"about":[{"href":"https:\/\/www.europesays.com\/es\/wp-json\/wp\/v2\/types\/post"}],"author":[{"embeddable":true,"href":"https:\/\/www.europesays.com\/es\/wp-json\/wp\/v2\/users\/2"}],"replies":[{"embeddable":true,"href":"https:\/\/www.europesays.com\/es\/wp-json\/wp\/v2\/comments?post=90864"}],"version-history":[{"count":0,"href":"https:\/\/www.europesays.com\/es\/wp-json\/wp\/v2\/posts\/90864\/revisions"}],"wp:featuredmedia":[{"embeddable":true,"href":"https:\/\/www.europesays.com\/es\/wp-json\/wp\/v2\/media\/90865"}],"wp:attachment":[{"href":"https:\/\/www.europesays.com\/es\/wp-json\/wp\/v2\/media?parent=90864"}],"wp:term":[{"taxonomy":"category","embeddable":true,"href":"https:\/\/www.europesays.com\/es\/wp-json\/wp\/v2\/categories?post=90864"},{"taxonomy":"post_tag","embeddable":true,"href":"https:\/\/www.europesays.com\/es\/wp-json\/wp\/v2\/tags?post=90864"}],"curies":[{"name":"wp","href":"https:\/\/api.w.org\/{rel}","templated":true}]}}