{"id":90904,"date":"2025-09-03T15:47:08","date_gmt":"2025-09-03T15:47:08","guid":{"rendered":"https:\/\/www.europesays.com\/es\/90904\/"},"modified":"2025-09-03T15:47:08","modified_gmt":"2025-09-03T15:47:08","slug":"quien-es-matilde-munoz-la-espanola-asesinada-en-indonesia-por-155-miseros-euros","status":"publish","type":"post","link":"https:\/\/www.europesays.com\/es\/90904\/","title":{"rendered":"\u00bfQui\u00e9n es Matilde Mu\u00f1oz? La espa\u00f1ola asesinada en Indonesia por 155 m\u00edseros euros"},"content":{"rendered":"<p>\n         Publicado<br \/>\n            03\/09\/2025 &#8211; 17:08 CEST\n            <\/p>\n<p>          <img decoding=\"async\" class=\"c-ad__placeholder__logo\" src=\"https:\/\/static.euronews.com\/website\/images\/logos\/logo-euronews-stacked-outlined-72x72-grey-9.svg\" width=\"72\" height=\"72\" alt=\"\" loading=\"lazy\"\/><br \/>\n          PUBLICIDAD<\/p>\n<p>El pasado mes de junio la gallega Matilde Mu\u00f1oz, de 72 a\u00f1os, part\u00eda desde Espa\u00f1a rumbo a <a href=\"https:\/\/es.euronews.com\/tag\/indonesia\" rel=\"nofollow noopener\" target=\"_blank\">Indonesia<\/a>. No era la primera vez que visitaba el pa\u00eds asi\u00e1tico, al que hab\u00eda viajado hasta en tres ocasiones anteriormente. Lo que dif\u00edcilmente pod\u00eda imaginar entonces Mu\u00f1oz es que <strong>\u00e9sta ser\u00eda la \u00faltima vez<\/strong>.<\/p>\n<p>Nacida en la localidad de Ferrol, en 1952, y afincada desde hace a\u00f1os en Mallorca, Mar\u00eda Matilde Mu\u00f1oz Cazrola era <strong>una jubilada a la que le gustaba recorrer mundo<\/strong>, especialmente Asia.<\/p>\n<p>A su llegada a Lombok, famosa por sus paradis\u00edacas playas y por <a href=\"https:\/\/es.euronews.com\/2018\/07\/30\/cientos-de-montanistas-atrapados-por-el-terremoto-en-lombok\" rel=\"nofollow noopener\" target=\"_blank\">el terremoto que en 2018 sacudi\u00f3 la isla<\/a>, la espa\u00f1ola hab\u00eda optado por alojarse en <strong>el hotel Bumi Adityia<\/strong>, en el que ya se hab\u00eda hospedado en el pasado y donde planeaba quedarse hasta mediados de julio. Es all\u00ed donde se perdi\u00f3 su rastro y comenz\u00f3 el misterio. <\/p>\n<p>Inquieta por no poder comunicarse con ella a trav\u00e9s de WhatsApp, su amiga Olga Mar\u00edn <strong>denunci\u00f3 su desaparici\u00f3n el pasado 28 de julio<\/strong> en la comisar\u00eda de Sant Feliu de Guixols, en Gerona, seg\u00fan reporta \u2018TVE\u2019. Tambi\u00e9n su sobrino, Ignacio Vilari\u00f1o, present\u00f3 dos denuncias en un juzgado de Alcal\u00e1 de Henares, convencido de que su \u201cquerida t\u00eda\u201d no hab\u00eda desaparecido de manera voluntaria.<\/p>\n<p>Tras casi dos meses sin tenerse noticias suyas, <a href=\"https:\/\/es.euronews.com\/2025\/08\/30\/hallan-el-cuerpo-sin-vida-de-la-espanola-matilde-munoz-tras-2-meses-desaparecida-en-indone\" rel=\"nofollow noopener\" target=\"_blank\">su cuerpo fue hallado el pasado 30 de agosto<\/a>, enterrado <strong>en una playa de la isla de Lombok<\/strong>, seg\u00fan han confirmado fuentes familiares a medios espa\u00f1oles. Sin embargo, a pesar del hallazgo, seg\u00fan parece, el misterio no ha hecho m\u00e1s que comenzar.<\/p>\n<p>Un caso lleno de sombras<\/p>\n<p>En un principio, cuando las autoridades locales se sumaron a la investigaci\u00f3n, el pasado 13 de agosto y despu\u00e9s de que <strong>la Embajada espa\u00f1ola en Yakarta solicitara ayuda oficialmente<\/strong>, desde el hotel les aseguraron que Mu\u00f1oz hab\u00eda abandonado el establecimiento y que el 6 de julio les hab\u00eda enviado un mensaje desde Laos.<\/p>\n<p>Adem\u00e1s, seg\u00fan han reportado medios locales, en un principio indicaron a los agentes que Mu\u00f1oz se hab\u00eda alojado en una habitaci\u00f3n que no era y les aseguraron que la turista hab\u00eda pagado en efectivo, cuando en realidad lo hab\u00eda hecho de manera anticipada y a trav\u00e9s de una transferencia. Tambi\u00e9n <strong>habr\u00edan mentido<\/strong> sobre el alquiler de una motocicleta que la espa\u00f1ola hab\u00eda estado usando en la isla.<\/p>\n<p>Tras descubrir el cad\u00e1ver, fuentes policiales indonesias informaron de la detenci\u00f3n de <strong>dos sospechosos, de 30 y 34 a\u00f1os de edad<\/strong>, respectivamente, y residentes en la cercana localidad Senggigi, en la misma isla donde se encontraba alojada Mu\u00f1oz.<\/p>\n<p>\u201cLos dos admitieron haber planeado el asesinato de la v\u00edctima. Entraron a la habitaci\u00f3n de la v\u00edctima a trav\u00e9s de una ventana\u201d, inform\u00f3 la Polic\u00eda mediante un comunicado, en el que se indica que el motivo del crimen fue el robo de sus pertenencias. Seg\u00fan el texto, <strong>le robaron 3 millones de rupias, es decir, unos 155 euros<\/strong>.<\/p>\n<p>Los sospechosos, seg\u00fan han informado medios locales, <strong>accedieron a la habitaci\u00f3n de la espa\u00f1ola a trav\u00e9s de una ventana<\/strong>, la asfixiaron y trasladaron su cuerpo hasta una playa pr\u00f3xima, donde lo enterraron.<\/p>\n<p>Uno de los sospechosos <strong>trabajaba en el hotel Bumi Adityia<\/strong>, mientras que el otro era un exempleado del mismo. Este hecho podr\u00eda explicar algunas de las muchas sombras que a\u00fan se ciernen sobre la investigaci\u00f3n.<\/p>\n<p>Las autoridades indonesias han informado de que uno de los presuntos asesinos fue detenido en su residencia y el otro en el hospital Maratam City. Sin embargo, a\u00fan no han explicado <strong>qu\u00e9 les llev\u00f3 a sospechar espec\u00edficamente de ellos<\/strong>. En ese sentido, a\u00fan quedan muchas preguntas por responder.<\/p>\n","protected":false},"excerpt":{"rendered":"Publicado 03\/09\/2025 &#8211; 17:08 CEST PUBLICIDAD El pasado mes de junio la gallega Matilde Mu\u00f1oz, de 72 a\u00f1os,&hellip;\n","protected":false},"author":2,"featured_media":90905,"comment_status":"","ping_status":"","sticky":false,"template":"","format":"standard","meta":{"footnotes":""},"categories":[8],"tags":[17,18,25,24,13,14,11,24733,12606,19,20,9,10,15,16,23,12,4664,21,22],"class_list":{"0":"post-90904","1":"post","2":"type-post","3":"status-publish","4":"format-standard","5":"has-post-thumbnail","7":"category-espana","8":"tag-breaking-news","9":"tag-breakingnews","10":"tag-es","11":"tag-espana","12":"tag-featured-news","13":"tag-featurednews","14":"tag-headlines","15":"tag-homicidio","16":"tag-indonesia","17":"tag-latest-news","18":"tag-latestnews","19":"tag-news","20":"tag-noticias","21":"tag-noticias-destacadas","22":"tag-noticiasdestacadas","23":"tag-spain","24":"tag-titulares","25":"tag-turismo","26":"tag-ultimas-noticias","27":"tag-ultimasnoticias"},"share_on_mastodon":{"url":"","error":""},"_links":{"self":[{"href":"https:\/\/www.europesays.com\/es\/wp-json\/wp\/v2\/posts\/90904","targetHints":{"allow":["GET"]}}],"collection":[{"href":"https:\/\/www.europesays.com\/es\/wp-json\/wp\/v2\/posts"}],"about":[{"href":"https:\/\/www.europesays.com\/es\/wp-json\/wp\/v2\/types\/post"}],"author":[{"embeddable":true,"href":"https:\/\/www.europesays.com\/es\/wp-json\/wp\/v2\/users\/2"}],"replies":[{"embeddable":true,"href":"https:\/\/www.europesays.com\/es\/wp-json\/wp\/v2\/comments?post=90904"}],"version-history":[{"count":0,"href":"https:\/\/www.europesays.com\/es\/wp-json\/wp\/v2\/posts\/90904\/revisions"}],"wp:featuredmedia":[{"embeddable":true,"href":"https:\/\/www.europesays.com\/es\/wp-json\/wp\/v2\/media\/90905"}],"wp:attachment":[{"href":"https:\/\/www.europesays.com\/es\/wp-json\/wp\/v2\/media?parent=90904"}],"wp:term":[{"taxonomy":"category","embeddable":true,"href":"https:\/\/www.europesays.com\/es\/wp-json\/wp\/v2\/categories?post=90904"},{"taxonomy":"post_tag","embeddable":true,"href":"https:\/\/www.europesays.com\/es\/wp-json\/wp\/v2\/tags?post=90904"}],"curies":[{"name":"wp","href":"https:\/\/api.w.org\/{rel}","templated":true}]}}