{"id":90910,"date":"2025-09-03T15:50:16","date_gmt":"2025-09-03T15:50:16","guid":{"rendered":"https:\/\/www.europesays.com\/es\/90910\/"},"modified":"2025-09-03T15:50:16","modified_gmt":"2025-09-03T15:50:16","slug":"los-de-partido-de-resina-aguantaron-el-tipo","status":"publish","type":"post","link":"https:\/\/www.europesays.com\/es\/90910\/","title":{"rendered":"Los de Partido de Resina aguantaron el tipo"},"content":{"rendered":"<p><strong>Cu\u00e9llar 2025. 2\u00aa de feria. Corrida de toros<\/strong><\/p>\n<p style=\"text-align: justify;\">Toros de Partido de Resina de desigual trap\u00edo, sobresaliendo 1\u00ba y 6\u00ba (aplaudidos de salida)\u00a0 y 4\u00ba, fuera de tipo, como el 2\u00ba (anovillado). Justitos de presencia los corridos en 3\u00ba y 5\u00ba lugar. Encastados todos menos el 2\u00ba y 4\u00ba. Se dej\u00f3 la corrida propiciando una tarde entretenida. De comportamiento leonino, en el estilo del encaste, el 1\u00ba, complicados y sin entregarse para la lidia 2\u00ba y 4\u00ba, casi en Domecq el 5\u00ba y con calidad para la franela 3\u00ba y 6\u00ba.<\/p>\n<p style=\"text-align: justify;\">Floja entrada en tarde agoste\u00f1a de rebeca, desde el quinto.<\/p>\n<p style=\"text-align: justify;\"><strong>S\u00e1nchez Vara<\/strong>, que sustitu\u00eda a Juan de Castilla, de blanco y oro, vuelta al ruedo tras escasa petici\u00f3n y silencio. <strong>Jes\u00fas Enrique Colombo<\/strong> de grana y oro con cabos blancos, silencio y oreja. <strong>Andr\u00e9 Lagravere, \u201cEl Galo\u201d<\/strong>, de azul rey y oro con cabos blancos, oreja y aplausos. Los tres cedieron los palos a sus compa\u00f1eros de terna en sus primeros toros y banderillearon a sus segundos.<\/p>\n<p style=\"text-align: justify;\">El lote m\u00e1s desagradable por su aptitud para la lidia le toc\u00f3 a <strong>S\u00e1nchez Vara<\/strong>, al que hay que agradecer su disposici\u00f3n a lucir los toros en el caballo, cuesti\u00f3n fundamental para poder comprobar el poder\u00edo, casta y bravura del toro. Esta suerte, hoy descafeinada y de mero tr\u00e1mite, que se nos roba en la mayor\u00eda de las plazas al p\u00fablico, est\u00e1 siendo desplazada por la faena de muleta, donde el lucimiento del torero precisa de toros encabestrados a la muleta, sin transmisi\u00f3n y de emoci\u00f3n fatua.<\/p>\n<p style=\"text-align: justify;\">Estuvo digno el de Guadalajara con su primero, hocico por encima de la franela, miradas que atraviesan el valor de los toreros, quedadas a medio pase, un toro alfa de faena imposible, que se repuch\u00f3 en el segundo encuentro con el del castore\u00f1o, tras hacer sonar el estribo en el primero. Faena breve ante la negativa del c\u00e1rdeno para colaborar, que acab\u00f3 con una estocada ca\u00edda de efecto fulminante. Al cuarto, que brind\u00f3 al respetable, le sac\u00f3 a los medios por bajo, con torer\u00eda, pero no hubo forma. Pinchazo hondo y estocada en lo alto.<\/p>\n<p style=\"text-align: justify;\"><strong>Colombo<\/strong> tambi\u00e9n intent\u00f3 lucir sus toros en el caballo. Su primero, que rehu\u00eda los enga\u00f1os de salida, mostr\u00f3 fijeza en el peto en la segunda vara, tras querer quitarse el palo en la primera. Lidia a media altura, despegado del morlaco, and\u00e1ndole los costados. Mat\u00f3 de estocada ca\u00edda. El 5\u00ba, un toro bajo, escaso de kilos y pitones, que no corri\u00f3 el encierro, se dej\u00f3 con el capote, se dej\u00f3 en el caballo y se dej\u00f3 con la muleta. Su comportamiento anodino supo aprovecharlo el venezolano para instrumentar la mejor faena de la tarde, donde destac\u00f3 la largura y el temple por naturales. Mat\u00f3 de estocada ca\u00edda y obtuvo un trofeo.<\/p>\n<p style=\"text-align: justify;\"><strong>\u201cEl Galo\u201d<\/strong>, que brind\u00f3 al p\u00fablico sus dos toros, adoleci\u00f3 de biso\u00f1ez en los trasteos, que compens\u00f3 con ganas y valent\u00eda disfrutando del mejor lote del sorteo. Empez\u00f3 la faena de su primero con tres pases cambiados que lograron el inter\u00e9s del tendido. El toro respond\u00eda a los enga\u00f1os embistiendo a media altura. El mexicano supo correr la mano, aunque alejado en los encuentros. Remat\u00f3 faena con manoletinas y una estocada desprendida. Con el que cerraba plaza, discreto en el peto y el mejor de la tarde en el \u00faltimo tercio, anduvo receloso abusando del medio pase. En toriles dobl\u00f3 el toro tras una estocada trasera.<\/p>\n<p style=\"text-align: justify;\">Estos Gallardos no son lo que eran, ni tienen porque serlo, para eso est\u00e1 el ganadero que se juega sus cuartos y prestigio. Por eso entiendo que es justo reconocer que de las corridas lidiadas en Cu\u00e9llar por esta ganader\u00eda, en los \u00faltimos cinco a\u00f1os, la de ayer fue la que present\u00f3 mayor uniformidad en la lidia.<\/p>\n","protected":false},"excerpt":{"rendered":"Cu\u00e9llar 2025. 2\u00aa de feria. Corrida de toros Toros de Partido de Resina de desigual trap\u00edo, sobresaliendo 1\u00ba&hellip;\n","protected":false},"author":2,"featured_media":90911,"comment_status":"","ping_status":"","sticky":false,"template":"","format":"standard","meta":{"footnotes":""},"categories":[277],"tags":[373,168,25,24,23,167,625,374,444],"class_list":{"0":"post-90910","1":"post","2":"type-post","3":"status-publish","4":"format-standard","5":"has-post-thumbnail","7":"category-toreo","8":"tag-bullfighting","9":"tag-deportes","10":"tag-es","11":"tag-espana","12":"tag-spain","13":"tag-sports","14":"tag-tauromaquia","15":"tag-toreo","16":"tag-toros"},"share_on_mastodon":{"url":"","error":""},"_links":{"self":[{"href":"https:\/\/www.europesays.com\/es\/wp-json\/wp\/v2\/posts\/90910","targetHints":{"allow":["GET"]}}],"collection":[{"href":"https:\/\/www.europesays.com\/es\/wp-json\/wp\/v2\/posts"}],"about":[{"href":"https:\/\/www.europesays.com\/es\/wp-json\/wp\/v2\/types\/post"}],"author":[{"embeddable":true,"href":"https:\/\/www.europesays.com\/es\/wp-json\/wp\/v2\/users\/2"}],"replies":[{"embeddable":true,"href":"https:\/\/www.europesays.com\/es\/wp-json\/wp\/v2\/comments?post=90910"}],"version-history":[{"count":0,"href":"https:\/\/www.europesays.com\/es\/wp-json\/wp\/v2\/posts\/90910\/revisions"}],"wp:featuredmedia":[{"embeddable":true,"href":"https:\/\/www.europesays.com\/es\/wp-json\/wp\/v2\/media\/90911"}],"wp:attachment":[{"href":"https:\/\/www.europesays.com\/es\/wp-json\/wp\/v2\/media?parent=90910"}],"wp:term":[{"taxonomy":"category","embeddable":true,"href":"https:\/\/www.europesays.com\/es\/wp-json\/wp\/v2\/categories?post=90910"},{"taxonomy":"post_tag","embeddable":true,"href":"https:\/\/www.europesays.com\/es\/wp-json\/wp\/v2\/tags?post=90910"}],"curies":[{"name":"wp","href":"https:\/\/api.w.org\/{rel}","templated":true}]}}