{"id":90920,"date":"2025-09-03T15:57:07","date_gmt":"2025-09-03T15:57:07","guid":{"rendered":"https:\/\/www.europesays.com\/es\/90920\/"},"modified":"2025-09-03T15:57:07","modified_gmt":"2025-09-03T15:57:07","slug":"que-pueden-hacer-contra-su-gobierno","status":"publish","type":"post","link":"https:\/\/www.europesays.com\/es\/90920\/","title":{"rendered":"\u00bfQu\u00e9 pueden hacer contra su gobierno?"},"content":{"rendered":"<p class=\"article-text\">\n        El presidente de la UEFA, Aleksander \u010ceferin, ha descartado expulsar a los deportistas israel\u00edes de la competiciones europeas. \u201cAntes que nada, lo que est\u00e1 ocurriendo con los civiles [en Gaza] me duele personalmente, me mata. Es insoportable seguir viendo estas cosas. Por otro lado, no soy partidario de sancionar a los deportistas. \u00bfQu\u00e9 puede hacer un deportista contra su gobierno para detener una guerra? Es muy muy dif\u00edcil\u201d, ha declarado el jefe del \u00f3rgano rector del f\u00fatbol europeo.\n    <\/p>\n<p>    <a href=\"https:\/\/www.eldiario.es\/internacional\/proyecto-riviera-trump-ruinas-gaza-desplazamiento-forzoso-centro-turistico-tecnologico_1_12570976.html\" data-mrf-recirculation=\"saber-mas\" data-dl-event=\"saber-mas\" rel=\"nofollow noopener\" target=\"_blank\"><\/p>\n<p class=\"know-more__title\">El proyecto para la \u00abRiviera\u00bb de Trump en las ruinas de Gaza: desplazamiento forzoso para un centro tur\u00edstico y tecnol\u00f3gico<\/p>\n<p>            <img decoding=\"async\" class=\"lazy\" loading=\"lazy\" data-src=\"https:\/\/static.eldiario.es\/clip\/86c56c87-ddd2-44ce-817e-a7dec3e081b2_16-9-aspect-ratio_default_0.jpg\" src=\"data:image\/svg+xml,%3Csvg xmlns=\" http:=\"\" viewbox=\"0 0 880 495\" alt=\"El proyecto para la &quot;Riviera&quot; de Trump en las ruinas de Gaza: desplazamiento forzoso para un centro tur\u00edstico y tecnol\u00f3gico\"\/><\/p>\n<p>                        <\/a><\/p>\n<p class=\"article-text\">\n        \u010ceferin ha reconocido en una entrevista a <a href=\"https:\/\/www.politico.eu\/article\/politico-interview-uefa-president-aleksander-ceferin\/\" target=\"_blank\" data-mrf-recirculation=\"links-noticia\" class=\"link\" rel=\"nofollow noopener\">POLITICO<\/a> que, a diferencia de lo que ocurri\u00f3 tras la invasi\u00f3n rusa en Ucrania, el genocidio de Gaza no cuenta con \u201cmucha reacci\u00f3n pol\u00edtica\u201d, aunque s\u00ed de la sociedad civil \u2014\u201ces enorme\u201d, enfatiza\u2014. Son las palabras con las que ha justificado las medidas inmediatas tomadas desde la UEFA sobre Rusia, que lleva vetada de las competiciones europeas desde 2022, m\u00e1s de tres a\u00f1os. En aquel caso, asegura, \u201chubo una reacci\u00f3n pol\u00edtica casi hist\u00e9rica\u201d, y all\u00ed el organismo que dirige fue de los primeros en actuar, \u201ccreyendo de verdad que el deporte pod\u00eda ayudar a poner fin a esta tregedia\u201d. \u201cLamentablemente, la vida nos mostr\u00f3 lo contrario\u201d, dice, para justificar la impunidad de Israel. \u201cPara m\u00ed, el deporte debe intentar mostrar el camino, pero no prohibiendo competir a los atletas\u201d, zanja.\n    <\/p>\n<p class=\"article-text\">\n        Para el l\u00edder de la UEFA, el f\u00fatbol no deber\u00eda tratar de resolver estos problemas. \u201cNi pensarlo\u201d, subraya. No obstante, seg\u00fan se\u00f1ala el investigador del Real Instituto Elcano \u00c1ngel Badillo, <a href=\"https:\/\/www.eldiario.es\/internacional\/radiografia-blanqueamiento-israel-deporte-comete-genocidio-gaza_1_12550074.html\" target=\"_blank\" data-mrf-recirculation=\"links-noticia\" class=\"link\" rel=\"nofollow noopener\">en declaraciones a elDiario.es<\/a>, \u201cla presencia israel\u00ed en todas las federaciones deportivas principales funciona como mecanismo de legitimaci\u00f3n continua, proporcionando reconocimiento impl\u00edcito por parte de organizaciones globales\u201d. Es una forma de \u201csoft recognition\u201d, a partir de la cual Israel interact\u00faa con representantes de pa\u00edses con los que puede no establecer otro tipo de relaciones diplom\u00e1ticas.\n    <\/p>\n<p class=\"article-text\">\n        A pesar de su afirmaci\u00f3n, la UEFA<a href=\"https:\/\/www.eldiario.es\/sociedad\/mensaje-uefa-israel-final-supercopa-dejad-matar-ninos-dejad-matar-civiles_1_12533791.html\" target=\"_blank\" data-mrf-recirculation=\"links-noticia\" class=\"link\" rel=\"nofollow noopener\"> s\u00ed mostr\u00f3 su condena a los asesinatos<\/a> de civiles y ni\u00f1os en la Franja. Fue durante la Supercopa de Europa, en el partido disputado el 13 de agosto entre el Paris Saint Germain y el Tottenham. \u201cDejad de matar ni\u00f1os. Dejad de matar civiles\u201d, se le\u00eda en la pancarta exhibida por la organizaci\u00f3n; una idea que fue pensada \u201cdurante mucho tiempo\u201d por la propia UEFA. Adem\u00e1s, la Fundaci\u00f3n para la Infancia de la UEFA invit\u00f3 a dos ni\u00f1os palestinos refugiados a participar en la ceremonia de entrega de medallas del t\u00edtulo, junto a \u010ceferin. \u201cNo vivimos en otro plantea, vivimos en este mundo\u201d, reconoce, aunque matiza que el mensaje de la pancarta no es pol\u00edtico: \u201cQuien piense que &#8216;dejad de matar ni\u00f1os, dejad de matar civiles&#8217; es un mensaje pol\u00edtico, para m\u00ed, es un idiota\u201d. Seg\u00fan el dirigente deportivo, recibi\u00f3 cr\u00edticas \u201cpor ambos lados\u201d, aunque cuenta con \u201cel apoyo total\u201d del presidente de la Federaci\u00f3n de F\u00fatbol de Israel, quien es \u201cun buen amigo\u201d suyo.\n    <\/p>\n<p class=\"article-text\">\n        \u201cEs terrible que los ni\u00f1os est\u00e9n muriendo por intereses pol\u00edticos, muriendo de hambre. Mohamed, que entreg\u00f3 las medallas conmigo [en la Supercopa], perdi\u00f3 a su madre y a su padre. Y estaba gravemente herido. Nunca he visto a un ni\u00f1o abrazarme tanto como lo hizo \u00e9l. Necesita amor. No necesita otra bomba en la cabeza por un inter\u00e9s geopol\u00edtico. As\u00ed que est\u00e1 muy lejos de la pol\u00edtica\u201d, declara en la conversaci\u00f3n con POLITICO, donde a\u00f1ade: \u201cPero, por otro lado, ya saben, la pol\u00edtica est\u00e1 en todas partes. Cuando ense\u00f1as tu bandera escocesa, eso es pol\u00edtica. Nosotros no interferimos en pol\u00edtica, pero no diremos que matar ni\u00f1os o civiles en cualquier parte del mundo es algo bueno. Tenemos que decir que lo despreciamos, y siempre lo diremos\u201d.\n    <\/p>\n<p class=\"article-text\">\n        Por otro lado, preguntado acerca de la celebraci\u00f3n de la final de la Champions League en Budapest \u2014capital de un pa\u00eds, Hungr\u00eda, que el entrevistador resalta como cercana a Rusia\u2014, \u010ceferin declara: \u201cPara m\u00ed, si tuvi\u00e9ramos alg\u00fan problema con eso, nos convertir\u00edamos en una organizaci\u00f3n pol\u00edtica. Hungr\u00eda es nuestro miembro. Respeto a los h\u00fangaros. Respeto al gobierno h\u00fangaro exactamente igual que al alem\u00e1n o a cualquier otro en Europa\u201d. \u201cY, por cierto, el gobierno h\u00fangaro ha invertido m\u00e1s en infraestructuras deportivas que muchos otros gobiernos que hablan mucho pero hacen poco por el f\u00fatbol\u201d, concreta.\n    <\/p>\n<p>    Jugadores israel\u00edes en Europa<\/p>\n<p class=\"article-text\">\n        A pesar de los intentos de \u010ceferin de desligar f\u00fatbol y pol\u00edtica, lo cierto es que la sociedad civil tambi\u00e9n juega su papel en el deporte. El jugador Shon Weissman, por ejemplo, vio c\u00f3mo se frustraba su <a href=\"https:\/\/www.eldiario.es\/internacional\/fortuna-dusseldorf-descarta-fichar-israeli-weissman-mensajes-gaza_1_12519197.html\" target=\"_blank\" data-mrf-recirculation=\"links-noticia\" class=\"link\" rel=\"nofollow noopener\">fichaje por el Fortuna D\u00fcsseldorf<\/a> este verano, despu\u00e9s de que sus aficionados protestasen por los comentarios del futbolista sobre Gaza. Weissman afirm\u00f3 ser \u201chijo de una naci\u00f3n a\u00fan de luto por los horrores del 7 de octubre\u201d. En comentarios eliminados, pidi\u00f3 \u201cborrar del mapa\u201d el enclave palestino y lanzar sobre \u00e9l \u201c200 toneladas de bombas\u201d. El Granada, club para el que jugaba Weissman, anunci\u00f3 el pasado lunes que ya no formar\u00eda parte del equipo.\n    <\/p>\n<p>    <a href=\"https:\/\/www.eldiario.es\/internacional\/radiografia-blanqueamiento-israel-deporte-comete-genocidio-gaza_1_12550074.html\" data-mrf-recirculation=\"saber-mas-abajo\" data-dl-event=\"saber-mas-abajo\" rel=\"nofollow noopener\" target=\"_blank\"><\/p>\n<p class=\"know-more__title\">Radiograf\u00eda del blanqueamiento de Israel en el deporte mientras comete un genocidio en Gaza\n<\/p>\n<p>            <img decoding=\"async\" class=\"lazy\" loading=\"lazy\" data-src=\"https:\/\/static.eldiario.es\/clip\/46fdc1ae-e012-4b0f-82b8-de65445bb9c8_16-9-aspect-ratio_default_0.jpg\" src=\"data:image\/svg+xml,%3Csvg xmlns=\" http:=\"\" viewbox=\"0 0 880 495\" alt=\"Radiograf\u00eda del blanqueamiento de Israel en el deporte mientras comete un genocidio en Gaza\"\/><\/p>\n<p>                        <\/a><\/p>\n<p class=\"article-text\">\n        Tambi\u00e9n en este mercado de fichajes, el internacional israel\u00ed <a href=\"https:\/\/www.eldiario.es\/spin\/deportes\/polemico-fichaje-manor-solomon-villarreal-apoyo-netanyahu-genocidio-gaza-pm_1_12574418.html\" target=\"_blank\" data-mrf-recirculation=\"links-noticia\" class=\"link\" rel=\"nofollow noopener\">Manor Solomon se uni\u00f3 al Villarreal<\/a> en calidad de cedido. El futbolista hab\u00eda mostrado en varias ocasiones su apoyo al Gobierno de Benjamin Netanyahu, con comentarios justificando o negando el genocidio sobre Gaza, que ha dejado m\u00e1s de 63.700 muertos desde el 7 de octubre de 2023. La afici\u00f3n del equipo groguet ha mostrado su rechazo en redes sociales. Este peri\u00f3dico ha tratado de contactar con el Villarreal para conocer su postura sobre la masacre de la Franja, as\u00ed como por las protestas de los fans al fichaje del israel\u00ed, pero por el momento no ha optenido respuesta.\n    <\/p>\n","protected":false},"excerpt":{"rendered":"El presidente de la UEFA, Aleksander \u010ceferin, ha descartado expulsar a los deportistas israel\u00edes de la competiciones europeas.&hellip;\n","protected":false},"author":2,"featured_media":90921,"comment_status":"","ping_status":"","sticky":false,"template":"","format":"standard","meta":{"footnotes":""},"categories":[268],"tags":[168,5674,927,9439,25,24,25160,280,282,582,8526,1461,281,23,167,6674],"class_list":{"0":"post-90920","1":"post","2":"type-post","3":"status-publish","4":"format-standard","5":"has-post-thumbnail","7":"category-futbol","8":"tag-deportes","9":"tag-deportista","10":"tag-deportistas","11":"tag-descarta","12":"tag-es","13":"tag-espana","14":"tag-expulsar","15":"tag-football","16":"tag-futbol","17":"tag-gobierno","18":"tag-israelies","19":"tag-presidente","20":"tag-soccer","21":"tag-spain","22":"tag-sports","23":"tag-uefa"},"share_on_mastodon":{"url":"","error":""},"_links":{"self":[{"href":"https:\/\/www.europesays.com\/es\/wp-json\/wp\/v2\/posts\/90920","targetHints":{"allow":["GET"]}}],"collection":[{"href":"https:\/\/www.europesays.com\/es\/wp-json\/wp\/v2\/posts"}],"about":[{"href":"https:\/\/www.europesays.com\/es\/wp-json\/wp\/v2\/types\/post"}],"author":[{"embeddable":true,"href":"https:\/\/www.europesays.com\/es\/wp-json\/wp\/v2\/users\/2"}],"replies":[{"embeddable":true,"href":"https:\/\/www.europesays.com\/es\/wp-json\/wp\/v2\/comments?post=90920"}],"version-history":[{"count":0,"href":"https:\/\/www.europesays.com\/es\/wp-json\/wp\/v2\/posts\/90920\/revisions"}],"wp:featuredmedia":[{"embeddable":true,"href":"https:\/\/www.europesays.com\/es\/wp-json\/wp\/v2\/media\/90921"}],"wp:attachment":[{"href":"https:\/\/www.europesays.com\/es\/wp-json\/wp\/v2\/media?parent=90920"}],"wp:term":[{"taxonomy":"category","embeddable":true,"href":"https:\/\/www.europesays.com\/es\/wp-json\/wp\/v2\/categories?post=90920"},{"taxonomy":"post_tag","embeddable":true,"href":"https:\/\/www.europesays.com\/es\/wp-json\/wp\/v2\/tags?post=90920"}],"curies":[{"name":"wp","href":"https:\/\/api.w.org\/{rel}","templated":true}]}}