{"id":90924,"date":"2025-09-03T15:59:30","date_gmt":"2025-09-03T15:59:30","guid":{"rendered":"https:\/\/www.europesays.com\/es\/90924\/"},"modified":"2025-09-03T15:59:30","modified_gmt":"2025-09-03T15:59:30","slug":"vivienda-industrializada-y-modular-disenada-a-medida-de-tini-living-x-delavegacanolasso-arquitectos","status":"publish","type":"post","link":"https:\/\/www.europesays.com\/es\/90924\/","title":{"rendered":"Vivienda industrializada y modular, dise\u00f1ada a medida, de tini living x delavegacanolasso arquitectos"},"content":{"rendered":"<p>Esta vivienda dise\u00f1ada por los equipos de tiniliving y delavegacanolasso arquitectos, es el resultado de la evoluci\u00f3n de un\u00a0sistema constructivo industrializado propio, y que, en esta \u00faltima fase de desarrollo,\u00a0incorpora el esp\u00edritu de las Case Study Houses:\u00a0claridad formal, eficacia constructiva y sensibilidad con el lugar, resultando una propuesta sostenible y fabricada con materiales ecol\u00f3gicos y reciclables.<\/p>\n<p><img decoding=\"async\" src=\"https:\/\/www.europesays.com\/es\/wp-content\/uploads\/2025\/09\/resized-resized-46-rectificadajpg_1756802363.jpeg\"\/><\/p>\n<p>Fotograf\u00eda: Studio Cafecito<\/p>\n<p>El texto que a continuaci\u00f3n aparece en azul procede de una conversaci\u00f3n sobre el proyecto, entre Pilar Cano Lasso,\u00a0Ignacio de la Vega\u00a0y Marcos Reyes, de tini living x delavegacanolasso arquitectos, con Berta Blasco y Jose Mar\u00eda Marzo de Tect\u00f3nica.<\/p>\n<p>Tect\u00f3nica: <strong style=\"color: rgb(0, 71, 178);\">Sois un despacho muy joven que hab\u00e9is planteado la actividad profesional como una empresa, con una l\u00ednea de producci\u00f3n de un modelo, \u00bfes un planteamiento inicial del estudio o en un momento dado dise\u00f1\u00e1is el sistema y veis que ah\u00ed puede haber un desarrollo interesante? \u00bfEs un encuentro o una decisi\u00f3n previa?<\/strong><\/p>\n<p> Pilar Cano Lasso: <strong style=\"color: rgb(0, 71, 178);\">Surge de manera espont\u00e1nea. Siempre tuvimos inter\u00e9s por la industrializaci\u00f3n. La oportunidad surgi\u00f3 a ra\u00edz de la pandemia, cuando la gente buscaba ampliar su casa o tener un anexo para trabajar o para un familiar. Empezamos a trabajar en un prototipo de m\u00f3dulo que pudiera ser transportado completamente terminado en un cami\u00f3n. Esa es la g\u00e9nesis, fue espont\u00e1neo. No nos propusimos crear un estudio de construcci\u00f3n industrializada, porque no s\u00e9 si eso hubiera funcionado. Surgi\u00f3 de forma natural y, luego la deriva que ha ido tomando todo el proyecto es la de sacar todo el partido posible al potencial que ten\u00eda el m\u00f3dulo, para que no se quedara en una pieza, sino que fuera un sistema constructivo.<\/strong><\/p>\n<p><img decoding=\"async\" src=\"https:\/\/www.europesays.com\/es\/wp-content\/uploads\/2025\/09\/resized-resized-51-rectjpg_1756820698.jpeg\"\/><\/p>\n<p>Fotograf\u00eda: Studio Cafecito<\/p>\n<p> T.: <strong style=\"color: rgb(0, 71, 178);\">\u00a0Hemos visto estudios que han propuesto proyectos industrializados, tambi\u00e9n modulares, pero no han avanzado ni se han desarrollado como el vuestro. \u00bfSe debe a un planteamiento acertado, una visi\u00f3n m\u00e1s empresarial o constructiva? \u00bfTen\u00edais una referencia previa, relaciones con la industria o fue muy experimental?<\/strong><\/p>\n<p>PCL:<strong style=\"color: rgb(0, 71, 178);\"> Como os dec\u00eda, el prototipo es un concepto muy de nicho, casi un art\u00edculo de lujo. Comparativamente, el metro cuadrado es mucho m\u00e1s caro. Desde que empezamos a vender este tipo de \u2018construcci\u00f3n habit\u00e1culo\u2019, trabajamos en c\u00f3mo se podr\u00edan unir entre s\u00ed los m\u00f3dulos para no quedarnos estancados en hacer minicasas. Intentamos, sin replicar, seguir la idea de las <\/strong><a href=\"https:\/\/www.urbipedia.org\/hoja\/Case_Study_Houses\" target=\"_blank\" style=\"color: rgb(0, 71, 178);\" rel=\"nofollow noopener\"><strong>Case Study Houses<\/strong><\/a><strong style=\"color: rgb(0, 71, 178);\">, un concepto brutal con ideas muy buenas y poco material; con detalles constructivos sinceros y sencillos, se hicieron viviendas variadas e interesantes. \u00bfPor qu\u00e9 no intentar hacer algo de ese estilo, explorando la posibilidad de unir los m\u00f3dulos?\u00a0<\/strong><\/p>\n<p><img decoding=\"async\" src=\"https:\/\/www.europesays.com\/es\/wp-content\/uploads\/2025\/09\/combijpg_1756812175.jpeg\"\/><\/p>\n<p>Modelos estandarizados Tini: XS &#8211; S &#8211; M &#8211; L &#8211; 2M &#8211; 3M y el modelo especial A MEDIDA<\/p>\n<p>T.: <strong style=\"color: rgb(0, 71, 178);\">Es decir, que la clave para crecer fue desarrollar la uni\u00f3n de los elementos.<\/strong><\/p>\n<p>Marcos Reyes:<strong style=\"color: rgb(0, 71, 178);\"> S\u00ed, sobre lo que comentabais de si era algo m\u00e1s experimental o premeditado, aunque hay una parte importante enfocada a los modelos estandarizados que ya tenemos predise\u00f1ados, en el estudio hay otra parte, que es la que a d\u00eda de hoy trabajamos m\u00e1s, que son las casas totalmente a medida. Estas nos ayudan a esa faceta experimental de ir definiendo cada vez m\u00e1s el sistema, sus reglas. Cada proyecto al que nos enfrentamos nos propone nuevos retos, complejiza el sistema inicial\u2026, por ejemplo, de repente surge un proyecto de dos plantas, o uno que en planta tiene un desarrollo enorme. Todo eso se va aportando al sistema experimental y lo va enriqueciendo.<\/strong><\/p>\n<p><img decoding=\"async\" src=\"https:\/\/www.europesays.com\/es\/wp-content\/uploads\/2025\/09\/resized-1jpg_1756740472.jpeg\" width=\"553\"\/><\/p>\n<p>Fotograf\u00eda: Studio Cafecito<\/p>\n<p><img decoding=\"async\" src=\"https:\/\/www.europesays.com\/es\/wp-content\/uploads\/2025\/09\/axonometria-estructurajpg_1756740569.jpeg\" width=\"595\"\/><\/p>\n<p>Axonometr\u00eda de la estructura de acero de los m\u00f3dulos que forman la vivienda. <a href=\"#\" onclick=\"$('#registered-content').modal(); return false;\">Ver PDF<\/a><\/p>\n<p><img decoding=\"async\" src=\"https:\/\/www.europesays.com\/es\/wp-content\/uploads\/2025\/09\/resized-2jpg_1756741965.jpeg\" width=\"556\"\/><\/p>\n<p>Fotograf\u00eda: Studio Cafecito<\/p>\n<p>T:<strong style=\"color: rgb(0, 71, 178);\"> De hecho, en la memoria del proyecto habl\u00e1is de una nueva fase dentro del desarrollo de Tini Houses: las Case Study Tini: hacer viviendas m\u00e1s complejas. \u00bfEn qu\u00e9 medida cada proyecto hace que os replante\u00e9is el sistema, o al rev\u00e9s, os ratific\u00e1is en \u00e9l?<\/strong><\/p>\n<p>PCL: <strong style=\"color: rgb(0, 71, 178);\">Hay decisiones que llegan para quedarse, que son acertadas, y otras que hemos descartado sobre todo teniendo en cuenta la facilidad de fabricaci\u00f3n. Todos los componentes deben propiciar que la fabricaci\u00f3n no se complejice, sino que el montaje sea m\u00e1s f\u00e1cil, que vaya en esa l\u00ednea. La mayor\u00eda de las propuestas se han ido perfeccionando, experimentado, y finalmente implantando en el sistema. Muy pocas veces hemos dicho: \u00abEsto no funciona para nada\u00bb. Por ejemplo, estamos empezando a implementar una mejora para conseguir ganar espesor en el falso techo, y seguramente, despu\u00e9s del proyecto en el que se experimente, se implantar\u00e1 en el resto.\u00a0<\/strong><\/p>\n<p><img decoding=\"async\" src=\"https:\/\/www.europesays.com\/es\/wp-content\/uploads\/2025\/09\/resized-49jpg_1756742031.jpeg\" width=\"569\"\/><\/p>\n<p>Fotograf\u00eda: Studio Cafecito<\/p>\n<p><img decoding=\"async\" src=\"https:\/\/www.europesays.com\/es\/wp-content\/uploads\/2025\/09\/resized-50-rectjpg_1756820759.jpeg\" width=\"569\"\/><\/p>\n<p>Fotograf\u00eda: Studio Cafecito<\/p>\n<p>T:<strong style=\"color: rgb(0, 71, 178);\"> Y este sistema de las case study, que son en su mayor\u00eda viviendas aisladas, que est\u00e1n en zonas de baja densidad, un factor que puede condicionar el desarrollo es la dimensi\u00f3n del m\u00f3dulo, el transporte en un cami\u00f3n que pueda llegar, colocar una gr\u00faa capaz de operar, \u00bften\u00e9is otras alternativas de fabricaci\u00f3n y montaje? <\/strong><\/p>\n<p>PCL: <strong style=\"color: rgb(0, 71, 178);\">Es muy buena pregunta porque lo primero que se mira cuando se cierra un proyecto es la ubicaci\u00f3n y los accesos, ya que est\u00e1s muy condicionado. El tama\u00f1o de la gr\u00faa depende mucho de si se puede colocar cerca de la posici\u00f3n final de los m\u00f3dulos o no. Si tiene mucho brazo o desarrollo, necesitas una gr\u00faa m\u00e1s potente. Y es verdad que nos hemos encontrado lugares donde no se pod\u00eda acceder con un cami\u00f3n de 14 m de largo, que es el tama\u00f1o de las cajas de los trailers que transportan los m\u00f3dulos grandes. En esos casos, hacemos m\u00f3dulos m\u00e1s cortos y adaptamos el proyecto a una soluci\u00f3n con m\u00e1s m\u00f3dulos, lo que encarece, pero hace viable el transporte. Es un tema muy relevante que miramos desde el inicio.<\/strong><\/p>\n<p><img decoding=\"async\" src=\"https:\/\/www.europesays.com\/es\/wp-content\/uploads\/2025\/09\/resized-3jpg_1756742134.jpeg\" width=\"561\"\/><\/p>\n<p>Fotograf\u00eda: Studio Cafecito<\/p>\n<p><img decoding=\"async\" src=\"https:\/\/www.europesays.com\/es\/wp-content\/uploads\/2025\/09\/copy-of-1-situacion-sitep-planpng_1756743711.png\" width=\"554\"\/><\/p>\n<p>Plano de emplazamiento. Urbanizaci\u00f3n Soto Pinilla. Segovia. <a href=\"#\" onclick=\"$('#registered-content').modal(); return false;\">Ver PDF<\/a><\/p>\n<p><img decoding=\"async\" src=\"https:\/\/www.europesays.com\/es\/wp-content\/uploads\/2025\/09\/resized-5jpg_1756742156.jpeg\"\/><\/p>\n<p>Fotograf\u00eda: Studio Cafecito<\/p>\n<p>T:\u00a0<strong style=\"color: rgb(0, 71, 178);\">En cuanto a la estructura, que seg\u00fan la memoria es de acero galvanizado, \u00bfmanej\u00e1is otras opciones o la experiencia os ha llevado a que la de acero es la \u00f3ptima para el sistema? <\/strong><\/p>\n<p>PCL:<strong style=\"color: rgb(0, 71, 178);\"> Para nosotros es el material que con la menor cantidad conseguimos la m\u00e1xima resistencia. Inicialmente, planteamos una estructura de madera, pero, adem\u00e1s de necesitar espesores muy grandes, encarece much\u00edsimo la obra. A d\u00eda de hoy, las estructuras de madera son menos competitivas. Tambi\u00e9n consideramos la sostenibilidad, y el acero proviene pr\u00e1cticamente todo de acero reciclado. Esta es otra raz\u00f3n, pero, en principio, hoy no nos planteamos otra variante. Igual en el futuro.<\/strong><\/p>\n<p>MR: <strong style=\"color: rgb(0, 71, 178);\">La estructura es una parte integral de nuestro dise\u00f1o, no se esconde. Al manifestarse al exterior, se alinea con nuestros valores de sinceridad constructiva, donde cada material se expresa seg\u00fan sus cualidades y su forma. Cambiarlo por otro sistema implicar\u00eda decisiones de dise\u00f1o que alterar\u00edan el producto. El producto actual tiene sentido por c\u00f3mo es esa estructura y c\u00f3mo se manifiesta.<\/strong><\/p>\n<p> PCL<strong style=\"color: rgb(0, 71, 178);\">: S\u00ed, significar\u00eda desarrollar otra l\u00ednea completamente distinta. Como dice Marcos, es fundamental que los elementos se manifiesten tal como son y las fijaciones se vean. Es un concepto muy potente y sincero, no intentamos ocultar nada.<\/strong><\/p>\n<p><img decoding=\"async\" src=\"https:\/\/www.europesays.com\/es\/wp-content\/uploads\/2025\/09\/resized-48-copiajpg_1756802445.jpeg\"\/><\/p>\n<p>Fotograf\u00eda: Studio Cafecito<\/p>\n<p><img decoding=\"async\" src=\"https:\/\/www.europesays.com\/es\/wp-content\/uploads\/2025\/09\/resized-copy-of-2-planta-floorplanjpg_1756745960.jpeg\"\/><\/p>\n<p>Planta general. <a href=\"#\" onclick=\"$('#registered-content').modal(); return false;\">Ver PDF<\/a><\/p>\n<p>T:<strong style=\"color: rgb(0, 71, 178);\"> \u00bfY el acero lleva alg\u00fan tipo de acabado?<\/strong><\/p>\n<p>PCL: <strong style=\"color: rgb(0, 71, 178);\">Antes comentabas que en la memoria se dec\u00eda que era acero galvanizado. Tal vez sea una errata porque en este caso no lo es; usamos galvanizado en zonas de costa. Lo m\u00e1s habitual es que la estructura llegue a la f\u00e1brica granallada e imprimada, y sobre la imprimaci\u00f3n aplicamos una pintura que suele ser oscura, aunque en algunos proyectos la hemos pintado de blanco por normativa o est\u00e9tica. <\/strong><\/p>\n<p>T: <strong style=\"color: rgb(0, 71, 178);\">\u00bfY la pintura tambi\u00e9n la termin\u00e1is en vuestro taller?<\/strong><\/p>\n<p><strong style=\"color: rgb(0, 71, 178);\">PCL: Habitualmente, el acero llega ya precortado. Montamos los bastidores de suelo y cubierta, se levantan, se colocan los pilares y, una vez la estructura est\u00e1 en 3D, se pinta completamente dentro de la f\u00e1brica. <\/strong><\/p>\n<p><img decoding=\"async\" src=\"https:\/\/www.europesays.com\/es\/wp-content\/uploads\/2025\/09\/copy-of-5-secciones-sectionspng_1756746022.png\"\/><\/p>\n<p>Secciones longitudinal y transversal. <a href=\"https:\/\/pro-tectonica-s3.s3.eu-west-1.amazonaws.com\/copy-of-5-secciones-sectionspng_1756797958.png\" target=\"_blank\" class=\"ql-size-small\" rel=\"nofollow noopener\">Ver ampliadas<\/a><\/p>\n<p>T:<strong style=\"color: rgb(0, 71, 178);\"> \u00bfLas uniones son atornilladas o soldadas?<\/strong><\/p>\n<p>PCL:<strong style=\"color: rgb(0, 71, 178);\"> Son soldadas.<\/strong><\/p>\n<p>T:<strong style=\"color: rgb(0, 71, 178);\"> \u00bfAfecta la soldadura al tratamiento de granallado y a la pintura del acero? <\/strong><\/p>\n<p>MR: <strong style=\"color: rgb(0, 71, 178);\">Tal como est\u00e1 planteado el sistema, exige que, una vez colocados los m\u00f3dulos y hechas las uniones con soldadura, se vuelva a repintar esa parte in situ. De hecho, una de las cosas en las que estamos trabajando para avanzar un poco m\u00e1s en esa industrializaci\u00f3n y tener todo m\u00e1s en f\u00e1brica y menos in situ, es en hacer las uniones atornilladas. Esto permitir\u00eda no tener que llevarnos ese trabajo de soldadura y repintado.<\/strong><\/p>\n<p><img decoding=\"async\" src=\"https:\/\/www.europesays.com\/es\/wp-content\/uploads\/2025\/09\/resized-41jpg_1756741769.jpeg\"\/><\/p>\n<p>Fotograf\u00eda: Paco Mar\u00edn<\/p>\n<p>T: <strong style=\"color: rgb(0, 71, 178);\">Y un elemento que muestra lo sofisticado del sistema es la envolvente. Aparentemente una construcci\u00f3n con estructura vista va a tener puentes t\u00e9rmicos, que en vuestro sistema no los tiene porque est\u00e1 muy bien pensado. Hay una serie de capas en esta envolvente: un panel con aislamiento de XPS, luego hay otro aislamiento que es multirreflexivo \u00bfAmbos lo envuelven todo? En el detalle viene as\u00ed.<\/strong><\/p>\n<p> PCL:<strong style=\"color: rgb(0, 71, 178);\"> El \u00fanico sitio donde no se coloca el multirreflexivo es en el suelo. Igual lo que est\u00e1 marcado, con el mismo color, es la l\u00e1mina de PVC que va entre el panel y la tarima.<\/strong><\/p>\n<p><img decoding=\"async\" src=\"https:\/\/www.europesays.com\/es\/wp-content\/uploads\/2025\/09\/detalle-sin-leyendajpg_1756729152.jpeg\" width=\"587\"\/><\/p>\n<p>Secci\u00f3n constructiva con el estudio de capas de la envolvente. Plano con leyendas con Plan suscriptor Premium o Estudiante al final del art\u00edculo.<\/p>\n<p>T: <strong style=\"color: rgb(0, 71, 178);\">Y tiene que ir sellado con cintas de estanqueidad.<\/strong><\/p>\n<p>MR:<strong style=\"color: rgb(0, 71, 178);\"> S\u00ed, estamos trabajando bastante en eso. No s\u00e9 si en alg\u00fan momento nos plantearemos llegar a cosas tipo Passivhaus y poder hacer un blower door en los m\u00f3dulos. Lo coment\u00e1bamos hace poco, porque para Francia piden requisitos bastante estrictos en ese sentido. Las \u00faltimas mejoras en el producto van en el sentido de sellar todo muy bien, que las ventanas queden herm\u00e9ticas, que toda la envolvente tenga continuidad y no haya fugas.<\/strong><\/p>\n<p><img decoding=\"async\" src=\"https:\/\/www.europesays.com\/es\/wp-content\/uploads\/2025\/09\/resized-12jpg_1756741458.jpeg\"\/><\/p>\n<p>Fotograf\u00eda: Paco Mar\u00edn<\/p>\n<p>T:<strong style=\"color: rgb(0, 71, 178);\"> Y respecto del espesor de esta envolvente, quer\u00eda preguntaros: \u00bfpor d\u00f3nde van las instalaciones? Todo es muy limpio y esquem\u00e1tico, la envolvente es s\u00faper cerrada, \u00bfvan por debajo de la casa?<\/strong><\/p>\n<p>PCL: <strong style=\"color: rgb(0, 71, 178);\">Las llevamos por debajo cuando la casa est\u00e1 un poco levantada sobre el terreno, pero lo m\u00e1s habitual es que las instalaciones van por trasdosados y por falso techo. Por eso queremos ganar un poco de espesor en el falso techo para poder ir un poco m\u00e1s holgados.<\/strong><\/p>\n<p>T: <strong style=\"color: rgb(0, 71, 178);\">Claro, porque en la secci\u00f3n puedes intuir que aislamiento hace como una c\u00e1mara flexible donde puedes llevar las conducciones, \u00bfqu\u00e9 sistema de climatizaci\u00f3n utiliz\u00e1is? \u00bfpor suelo radiante, por aire o mixto?<\/strong><\/p>\n<p> PCL:<strong style=\"color: rgb(0, 71, 178);\"> La m\u00e1s habitual es el suelo radiante, pero tambi\u00e9n hacemos aerotermia con fan coils, como es el caso de Sotopinilla. Los fan coils siempre est\u00e1n escondidos en las partes altas de los armarios, y en este caso, hay dos fan coils de suelo en el estar y en la zona de distribuci\u00f3n de habitaciones, y el resto est\u00e1n todos integrados.<\/strong><\/p>\n<p>T: <strong style=\"color: rgb(0, 71, 178);\">Y las toberas peque\u00f1as, es por donde sale la impulsi\u00f3n.<\/strong><\/p>\n<p><strong style=\"color: rgb(0, 71, 178);\"> <\/strong>PCL: <strong style=\"color: rgb(0, 71, 178);\">Exacto.\u00a0\u00a0\u00a0\u00a0\u00a0\u00a0\u00a0\u00a0\u00a0\u00a0\u00a0\u00a0\u00a0\u00a0\u00a0\u00a0\u00a0\u00a0\u00a0\u00a0\u00a0\u00a0\u00a0\u00a0\u00a0\u00a0\u00a0\u00a0\u00a0\u00a0<\/strong><\/p>\n<p><img decoding=\"async\" src=\"https:\/\/www.europesays.com\/es\/wp-content\/uploads\/2025\/09\/resized-15jpg_1756741350.jpeg\"\/><\/p>\n<p>Fotograf\u00eda: Paco Mar\u00edn<\/p>\n<p>T: <strong style=\"color: rgb(0, 71, 178);\">Y dado que es una obra que llega ya pr\u00e1cticamente terminada del taller, \u00bfc\u00f3mo es la gesti\u00f3n de materiales? \u00bfTen\u00e9is un estocaje propio? \u00bfQu\u00e9 problemas surgen diferentes a una obra convencional y qu\u00e9 ventajas hay? <\/strong><\/p>\n<p>Ignacio De la Vega: <strong style=\"color: rgb(0, 71, 178);\">S\u00ed, la previsi\u00f3n del material es fundamental. Primero, desde el punto de vista del dise\u00f1o, porque, como es obvio, todo es con junta seca. Luego, la propia modulaci\u00f3n de los materiales. Nosotros, en principio, modul\u00e1bamos interiores y exteriores a 250 cm, porque la mayor\u00eda de los productos se adaptan a esa modulaci\u00f3n. En cuanto al suministro, al principio de cada proyecto se hace el pedido de todo el material. Trabajamos con una base de precios interna y con los proveedores, con todo pactado. De la mayor\u00eda de las cosas tenemos un stock porque se repiten mucho. Hemos descartado proveedores que nos gustaban por no ajustarse a los plazos, que no ser\u00eda un problema en una obra convencional porque es un proceso mucho m\u00e1s largo. <\/strong><\/p>\n<p>PCL:<strong style=\"color: rgb(0, 71, 178);\"> Es algo que se ha trabajado desde el principio, que sean productos o proveedores que cumplan plazos. Ahora ya tenemos acuerdos marco con empresas m\u00e1s grandes que nos suministran pedidos, como toda la madera, tanto exterior como interior, que la suministra el mismo proveedor.<\/strong><\/p>\n<p><img decoding=\"async\" src=\"https:\/\/www.europesays.com\/es\/wp-content\/uploads\/2025\/09\/resized-18jpg_1756747719.jpeg\"\/><\/p>\n<p>Fotograf\u00eda: Paco Mar\u00edn<\/p>\n<p>T:<strong style=\"color: rgb(0, 71, 178);\"> Y luego est\u00e1 la gesti\u00f3n de la ejecuci\u00f3n en taller, \u00bfCu\u00e1ntos m\u00f3dulos pod\u00e9is hacer de manera simult\u00e1nea? <\/strong><\/p>\n<p>PCL: <strong style=\"color: rgb(0, 71, 178);\">S\u00ed, hacemos encaje de bolillos para repartir los proyectos en las f\u00e1bricas, pero no tengo en la cabeza el n\u00famero de m\u00f3dulos m\u00e1ximo. Este \u00faltimo mes estamos haciendo diez proyectos en paralelo.\u00a0<\/strong><\/p>\n<p>T:<strong style=\"color: rgb(0, 71, 178);\"> \u00bfY en cu\u00e1ntos talleres, o f\u00e1bricas, como le has llamado?<\/strong><\/p>\n<p>PCL: <strong style=\"color: rgb(0, 71, 178);\">Tenemos una f\u00e1brica propia y luego otras dos que son acuerdos con constructores que fabrican solo para nosotros.<\/strong><\/p>\n<p>T: <strong style=\"color: rgb(0, 71, 178);\">Lo bueno es que vuestro know-how lo compart\u00eds con estos socios estrat\u00e9gicos, empresarios o constructores. As\u00ed pod\u00e9is crecer sin tener que poner vosotros toda la infraestructura.<\/strong><\/p>\n<p>PLC:<strong style=\"color: rgb(0, 71, 178);\"> Todo son ventajas, porque hay muchas personas pensando en el beneficio del sistema y llegan propuestas de mejora por parte de ellos.<\/strong><\/p>\n<p><img decoding=\"async\" src=\"https:\/\/www.europesays.com\/es\/wp-content\/uploads\/2025\/09\/resized-10jpg_1756747763.jpeg\" width=\"556\"\/><\/p>\n<p>Fotograf\u00eda: Paco Mar\u00edn. La madera cualifica la vivienda tanto en el interior, como en el exterior, con el entablado vertical del cerramiento o el entarimado del suelo, ambos de madera termotratada de<a href=\"https:\/\/tectonica.archi\/search\/?search=lunawood&amp;entity=4\" target=\"_blank\" class=\"ql-size-small\" style=\"color: rgb(0, 0, 0);\" rel=\"nofollow noopener\"> Lunawood.<\/a><\/p>\n<p>T: <strong style=\"color: rgb(0, 71, 178);\">\u00bfY las f\u00e1bricas est\u00e1n en lugares estrat\u00e9gicamente buscados o est\u00e1n cerca de Madrid por tener ah\u00ed el estudio? <\/strong><\/p>\n<p>PLC: <strong style=\"color: rgb(0, 71, 178);\">Hay dos que s\u00ed las tenemos cerca, la nuestra est\u00e1 en Sese\u00f1a y otra en Navalcarnero, pero la tercera la tenemos en Plasencia, en Extremadura, que es la primera f\u00e1brica con la que empezamos. Son los que m\u00e1s a\u00f1os llevan trabajando con nosotros, as\u00ed que tienen un conocimiento muy profundo del sistema. Es la que m\u00e1s alejada est\u00e1, pero tambi\u00e9n nos cubre la zona de Portugal.<\/strong><\/p>\n<p><strong style=\"color: rgb(0, 71, 178);\">ILV: Los proyectos est\u00e1n bastante dispersos y para eso Madrid es una buena ubicaci\u00f3n. Aunque es cierto que \u00faltimamente empiezan a concentrarse m\u00e1s en Madrid y Catalu\u00f1a.\u00a0<\/strong><\/p>\n<p><img decoding=\"async\" src=\"https:\/\/www.europesays.com\/es\/wp-content\/uploads\/2025\/09\/resized-8jpg_1756747851.jpeg\" width=\"565\"\/><\/p>\n<p>Fotograf\u00eda: Paco Mar\u00edn<\/p>\n<p>T: <strong style=\"color: rgb(0, 71, 178);\">Y en esta casa de Sotopinilla, \u00bfhay alg\u00fan descubrimiento que haya funcionado y se vaya a incorporar en el sistema\u00bb?<\/strong><\/p>\n<p>ILV: <strong style=\"color: rgb(0, 71, 178);\">Aqu\u00ed se implement\u00f3 el tema de los paneles solares. Normalmente iban en la cubierta, pero desarrollamos una estructura que utiliza las mismas agarraderas de los m\u00f3dulos para fijar los paneles solares. Vimos que era muy eficiente, queda bien y deja una c\u00e1mara con respecto a la cubierta. Puedes quitarla si necesitas acceder a ella. Eso lo hicimos aqu\u00ed por primera vez. Tambi\u00e9n es interesante la parte de los muros in situ que hemos hecho, que ha quedado muy bien, con la tapia de entrada que ten\u00eda que cuadrar con la ventana que se est\u00e1 haciendo en f\u00e1brica\u2026, y adem\u00e1s es una gran aportaci\u00f3n porque cuando la casa est\u00e1 terminada, tienes ya acabado el patio de entrada. Todo est\u00e1 en su sitio.<\/strong><\/p>\n<p>PCL:<strong style=\"color: rgb(0, 71, 178);\"> La casa est\u00e1 contextualizada.<\/strong><\/p>\n<p>IDV: <strong style=\"color: rgb(0, 71, 178);\">Intentamos que el sistema sea siempre muy tect\u00f3nico, que se vean los elementos finos, que tensan, sostienen.. y se presta mucho a eso, a hacer barandillas, p\u00e9rgolas, para que crezca vegetaci\u00f3n, para poner ca\u00f1izos, y eso le da un ambiente muy agradable.<\/strong><\/p>\n<p><img decoding=\"async\" src=\"https:\/\/www.europesays.com\/es\/wp-content\/uploads\/2025\/09\/resized-7jpg_1756747933.jpeg\"\/><\/p>\n<p>Fotograf\u00eda: Paco Mar\u00edn<\/p>\n<p>T: <strong style=\"color: rgb(0, 71, 178);\">Alejado de la imagen r\u00edgida que se tiene de lo prefabricado. Supongo que ese es un comentario habitual, el de \u00abno parece prefabricado\u00bb. <\/strong><\/p>\n<p>PCL: <strong style=\"color: rgb(0, 71, 178);\">S\u00ed, una cosa que repite mucho la gente cuando va a esta casa o cuando viene a la nuestra es que no se notan los m\u00f3dulos por dentro.<\/strong><\/p>\n<p>T: <strong style=\"color: rgb(0, 71, 178);\">\u00bfY qu\u00e9 reto ten\u00e9is ahora? Hab\u00e9is comentado que ya hay alg\u00fan proyecto con dos alturas, \u00bfno?<\/strong><\/p>\n<p>PLC: <strong style=\"color: rgb(0, 71, 178);\">S\u00ed, ya hemos ejecutado dos proyectos y ahora instalamos otros dos en septiembre.<\/strong><\/p>\n<p>IDV:<strong style=\"color: rgb(0, 71, 178);\"> En cuanto a retos, lo m\u00e1s complejo ahora, sorprendentemente, es que siempre nos hemos centrado en fabricar, que es lo fundamental, pero ahora nos damos cuenta de que debemos potenciar y organizar muy bien la parte de los trabajos in situ, porque, aunque son obras sencillas est\u00e1n muy desperdigadas.<\/strong><\/p>\n<p><strong style=\"color: rgb(0, 71, 178);\">En la f\u00e1brica hago seis visitas de obra en un d\u00eda. Pero si una est\u00e1 en Catalu\u00f1a, otra en Galicia, etc., no tenemos la capacidad para ejecutar todas esas obras. Entonces, hay que tratar con empresas locales, cada terreno es un mundo, llueve&#8230; Pasan cosas que no ocurren en la f\u00e1brica. El poder gestionar todas esas obras a la vez, y que vayan al un\u00edsono con la fabricaci\u00f3n, creo que es lo m\u00e1s complicado ahora.<\/strong><\/p>\n<p><img decoding=\"async\" src=\"https:\/\/www.europesays.com\/es\/wp-content\/uploads\/2025\/09\/resized-resized-47-rectjpg_1756820987.jpeg\"\/><\/p>\n<p>Fotograf\u00eda: Studio Cafecito<\/p>\n<p>T:<strong style=\"color: rgb(0, 71, 178);\"> \u00bfHab\u00e9is trabajado en localizaciones que no tuvieran los servicios b\u00e1sicos? <\/strong><\/p>\n<p>IDV:<strong style=\"color: rgb(0, 71, 178);\"> S\u00ed, claro. Que no haya saneamiento es muy com\u00fan, como en Sotopinilla, que se resuelve con una fosa s\u00e9ptica, no tiene mayor complicaci\u00f3n. Tambi\u00e9n puede no llegar la luz, y hemos hecho varias autosuficientes con paneles solares y bater\u00edas. Lo m\u00e1s complicado es el agua.<\/strong><\/p>\n<p>PCL:<strong style=\"color: rgb(0, 71, 178);\"> Lo que s\u00ed nos est\u00e1 pasando bastante es que la casa est\u00e9 terminada e instalada y no tener todav\u00eda luz en la parcela. Es un proceso muy lento. <\/strong><\/p>\n<p><strong style=\"color: rgb(0, 71, 178);\">Y otro reto que tenemos ahora, aunque en realidad es una recopilaci\u00f3n de informaci\u00f3n, en que Marcos est\u00e1 trabajando mucho en ello: que toda la definici\u00f3n del sistema est\u00e9 muy clara y bien documentada en una gu\u00eda de dise\u00f1o, con detalles tipo que deben cumplirse siempre. Cuando se inicia un anteproyecto, nosotros pensamos el proyecto desde el detalle constructivo. Hay encuentros que no se pueden producir. Este es un manual que los arquitectos que trabajan con nosotros tienen presente para que la disposici\u00f3n de los m\u00f3dulos cumpla siempre con esos detalles tipo. <\/strong><\/p>\n<p><img decoding=\"async\" src=\"https:\/\/www.europesays.com\/es\/wp-content\/uploads\/2025\/09\/resized-resized-4-rectjpg_1756820830.jpeg\" width=\"744\"\/><\/p>\n<p>Fotograf\u00eda: Studio Cafecito<\/p>\n<p>T:<strong style=\"color: rgb(0, 71, 178);\"> \u00bfEl sistema est\u00e1 abierto a que lo desarrollen otros arquitectos bajo esa gu\u00eda?<\/strong><\/p>\n<p>PCL:<strong style=\"color: rgb(0, 71, 178);\"> A m\u00ed eso no me gustar\u00eda. La belleza de esto es que se pueda colaborar con otros arquitectos y se haga el proyecto conjuntamente. Poder tener un control del resultado final. <\/strong><\/p>\n<p>IDV:<strong style=\"color: rgb(0, 71, 178);\"> Nunca hemos pensado que el sistema se pueda expandir en \u2018franquicias\u2019, pero en cambio, desde que tenemos nuestra propia f\u00e1brica, estamos invirtiendo muchos recursos, montando un equipo muy bueno, documentando todo de tal manera que sea replicable con la seguridad de que va a funcionar, de que se van a seguir todos los controles de calidad, est\u00e1ndares, y de que el producto que salga ser\u00e1 tan bueno como en cualquiera de las otras f\u00e1bricas.<\/strong><\/p>\n<p><img decoding=\"async\" src=\"https:\/\/www.europesays.com\/es\/wp-content\/uploads\/2025\/09\/copy-of-8-croquis-sketchjpg_1756748303.jpeg\" width=\"889\"\/><\/p>\n<p>Croquis preliminares del proyecto.<\/p>\n<p>T: <strong style=\"color: rgb(0, 71, 178);\">Y con un sistema ya tan testado s\u00ed podr\u00eda ser que un arquitecto quisiera hacer una vivienda perfectamente prefabricada y os llamara.<\/strong><\/p>\n<p>IDV: <strong style=\"color: rgb(0, 71, 178);\">Claro, eso lo hemos hecho y lo hacemos. Tenemos muchos clientes que son arquitectos. Si tienes las reglas del juego, que son muy f\u00e1ciles de entender, cualquier arquitecto sabe hacer un proyecto con Tini. Le tiene que cuadrar nuestro sistema porque hay muchas condiciones t\u00e9cnicas de fabricaci\u00f3n, y otras est\u00e9ticas o conceptuales, como que no usamos materiales de imitaci\u00f3n, la estructura va vista porque queremos que se transmita el lenguaje constructivo. Al final los arquitectos lo que m\u00e1s valoran es que los proyectos vayan de una manera rodada. Ahora estamos organizando todo muy bien para que el proceso sea fluido, y a lo mejor despu\u00e9s nos lanzamos a colaboraciones m\u00e1s diferentes con otros arquitectos. <\/strong><\/p>\n<p><img decoding=\"async\" src=\"https:\/\/www.europesays.com\/es\/wp-content\/uploads\/2025\/09\/croquisjpg_1756749040.jpeg\"\/><\/p>\n<p>Croquis con los paneles de color \u00abrojo\u00bb en concordancia con los tonos del paisaje.<\/p>\n<p>T: <strong style=\"color: rgb(0, 71, 178);\">\u00bfPens\u00e1is que se puede adaptar a otras tipolog\u00edas, edificios educativos, corporativos\u2026? \u00bfHab\u00e9is tenido alguna propuesta en ese sentido?<\/strong><\/p>\n<p>MR:<strong style=\"color: rgb(0, 71, 178);\"> Cuando son edificios m\u00e1s grandes, la prefabricaci\u00f3n e industrializaci\u00f3n se orientan al 2D para evitar redundancias. Es lo que nos pasa a nosotros: si apilas y juntas muchos m\u00f3dulos, te das cuenta de que no necesitar\u00edas tanta estructura, pero si es necesaria para transportarlos y levantarlos. Creo que el sistema tendr\u00eda que adaptarse o modificarse. Es algo interesante. A muy peque\u00f1a escala, hemos hecho proyectos que llevan unos pilares que son s\u00f3lo para el transporte, que luego se quitan, dejando un espacio di\u00e1fano.<\/strong><\/p>\n<p><img decoding=\"async\" src=\"https:\/\/www.europesays.com\/es\/wp-content\/uploads\/2025\/09\/resized-32jpg_1756748869.jpeg\"\/><\/p>\n<p>Fotograf\u00eda: Paco Mar\u00edn<\/p>\n<p>T:<strong style=\"color: rgb(0, 71, 178);\"> Hablando de redundancia, en adosados hay menos problema porque son elementos m\u00e1s lineales, pero cuando son apilados, hay forjado y suelo, \u00bfse elimina , se duplica?<\/strong><\/p>\n<p>MR: <strong style=\"color: rgb(0, 71, 178);\">En nuestro caso, no lo eliminamos del todo, pero s\u00ed lo simplificamos un poco; al final, hay una duplicidad estructural. Para dos plantas, la redundancia es menor y proporciona mayor aislamiento entre plantas. <\/strong><\/p>\n<p>T: <strong style=\"color: rgb(0, 71, 178);\">Y para terminar, \u00bfpod\u00e9is aclararnos los l\u00edmites entre delavegacanolasso y Tini Living?<\/strong><\/p>\n<p>IDV: <strong style=\"color: rgb(0, 71, 178);\">Primero montamos el estudio,\u00a0De la Vega \/ Cano Lasso, y luego surgi\u00f3 Tini, que es una empresa independiente con un equipo independiente que vende un producto, pero a la cabeza de ambos equipos estamos las mismas personas por lo que no hay una l\u00ednea separadora muy n\u00edtida que separe ambas actividades.<\/strong><\/p>\n<p>Secci\u00f3n constructiva por la envolvente del m\u00f3dulo de vivienda: fachadas y cubierta. Leyendas<\/p>\n","protected":false},"excerpt":{"rendered":"Esta vivienda dise\u00f1ada por los equipos de tiniliving y delavegacanolasso arquitectos, es el resultado de la evoluci\u00f3n de&hellip;\n","protected":false},"author":2,"featured_media":90925,"comment_status":"","ping_status":"","sticky":false,"template":"","format":"standard","meta":{"footnotes":""},"categories":[173],"tags":[801,229,233,6092,231,230,5297,232,7510,33200,234,146,147,25,24,4223,2239,33199,23,33198,33197,25972],"class_list":{"0":"post-90924","1":"post","2":"type-post","3":"status-publish","4":"format-standard","5":"has-post-thumbnail","7":"category-arte-y-diseno","8":"tag-arquitectura","9":"tag-arte","10":"tag-arte-y-diseno","11":"tag-articulos","12":"tag-arts","13":"tag-arts-and-design","14":"tag-construccion","15":"tag-design","16":"tag-detalles","17":"tag-detalles-constructivos","18":"tag-diseno","19":"tag-entertainment","20":"tag-entretenimiento","21":"tag-es","22":"tag-espana","23":"tag-productos","24":"tag-proyectos","25":"tag-soluciones-constructivas","26":"tag-spain","27":"tag-tectonica","28":"tag-tectonica-online","29":"tag-temas"},"share_on_mastodon":{"url":"","error":""},"_links":{"self":[{"href":"https:\/\/www.europesays.com\/es\/wp-json\/wp\/v2\/posts\/90924","targetHints":{"allow":["GET"]}}],"collection":[{"href":"https:\/\/www.europesays.com\/es\/wp-json\/wp\/v2\/posts"}],"about":[{"href":"https:\/\/www.europesays.com\/es\/wp-json\/wp\/v2\/types\/post"}],"author":[{"embeddable":true,"href":"https:\/\/www.europesays.com\/es\/wp-json\/wp\/v2\/users\/2"}],"replies":[{"embeddable":true,"href":"https:\/\/www.europesays.com\/es\/wp-json\/wp\/v2\/comments?post=90924"}],"version-history":[{"count":0,"href":"https:\/\/www.europesays.com\/es\/wp-json\/wp\/v2\/posts\/90924\/revisions"}],"wp:featuredmedia":[{"embeddable":true,"href":"https:\/\/www.europesays.com\/es\/wp-json\/wp\/v2\/media\/90925"}],"wp:attachment":[{"href":"https:\/\/www.europesays.com\/es\/wp-json\/wp\/v2\/media?parent=90924"}],"wp:term":[{"taxonomy":"category","embeddable":true,"href":"https:\/\/www.europesays.com\/es\/wp-json\/wp\/v2\/categories?post=90924"},{"taxonomy":"post_tag","embeddable":true,"href":"https:\/\/www.europesays.com\/es\/wp-json\/wp\/v2\/tags?post=90924"}],"curies":[{"name":"wp","href":"https:\/\/api.w.org\/{rel}","templated":true}]}}