{"id":90930,"date":"2025-09-03T16:02:08","date_gmt":"2025-09-03T16:02:08","guid":{"rendered":"https:\/\/www.europesays.com\/es\/90930\/"},"modified":"2025-09-03T16:02:08","modified_gmt":"2025-09-03T16:02:08","slug":"radiohead-podrian-actuar-en-madrid-en-noviembre","status":"publish","type":"post","link":"https:\/\/www.europesays.com\/es\/90930\/","title":{"rendered":"Radiohead podr\u00edan actuar en Madrid en noviembre"},"content":{"rendered":"<p>                    \u00daltimamente no cesan los rumores sobre las posibles visitas de <strong>Oasis<\/strong> y <strong>Coldplay<\/strong> a Madrid. Ahora se suma las posibles actuaciones de <a href=\"http:\/\/www.mondosonoro.com\/artistas-musica\/radiohead\" rel=\"nofollow noopener\" target=\"_blank\"><strong>Radiohead<\/strong><\/a>, pero da la sensaci\u00f3n de que esta vez<strong> la cosa va muy en serio<\/strong>. Y adem\u00e1s antes de lo imaginado.<\/p>\n<p>Desde mediados de a\u00f1o se ha estado especulando con el hecho de que Radiohead volver\u00edan a la actividad juntos tras hacer creado una nueva empresa, RHEUK25 LLP. Primero se atribuy\u00f3 a las posibles reediciones de material del grupo, pero, seg\u00fan informan medios brit\u00e1nicos, se han distribuido flyers entre fans del grupo de diversas ciudades europeas con fechas exactas de actuaciones para el pr\u00f3ximo mes de noviembre. Tambi\u00e9n en algunos lugares de la ciudad de Madrid.<\/p>\n<p>No hay confirmaci\u00f3n oficial, pero el hecho de que importantes medios se hayan hecho eco, que se hayan distribuido esos flyers y que fuentes cercanas no lo hayan desmentido \u2013en alg\u00fan casi se ha escrito que incluso se ha admitido que hay fechas reservadas en diversas ciudades\u2013 lleva a pensar que la cosa va muy en serio.<\/p>\n<p>De este modo, a falta de una confirmaci\u00f3n por parte de los promotores o la propia banda, el grupo actuar\u00eda en las ciudades y fechas siguientes:<\/p>\n<p>Martes 4 Movistar Arena Madrid Spain<br \/>Mi\u00e9rcoles 5 Movistar Arena Madrid Spain<br \/>Viernes 7 Movistar Arena Madrid Spain<br \/>S\u00e1bado 8 Movistar Arena Madrid Spain<br \/>Viernes 14 Unipol Arena Bologna Italy<br \/>S\u00e1bado 15 Unipol Arena Bologna Italy<br \/>Lunes 17 Unipol Arena Bologna Italy<br \/>Martes 18 Unipol Arena Bologna Italy<br \/>Viernes 21 The O2 London UK<br \/>S\u00e1bado 22 The O2 London UK<br \/>Lunes 24 The O2 London UK<br \/>Martes 25 The O2 London UK<\/p>\n<p>Lunes 1 Royal Arena Copenhagen Denmark<br \/>Martes 2 Royal Arena Copenhagen Denmark<br \/>Jueves 4 Royal Arena Copenhagen Denmark<br \/>Viernes 5 Royal Arena Copenhagen Denmark<br \/>Lunes 8 Uber Arena Berlin Germany<br \/>Martes 9 Uber Arena Berlin Germany<br \/>Jueves 11 Uber Arena Berlin Germany<br \/>Viernes 12 Uber Arena Berlin Germany<\/p>\n<p><a href=\"https:\/\/www.mondosonoro.com\/entra-en-club-mondo\/\" rel=\"nofollow noopener\" target=\"_blank\"><img decoding=\"async\" class=\"alignnone size-full wp-image-311390\" src=\"https:\/\/www.europesays.com\/es\/wp-content\/uploads\/2025\/08\/BannerClubMondo.png\" alt=\"\" width=\"100%\" height=\"167\"  \/><\/a><\/p>\n","protected":false},"excerpt":{"rendered":"\u00daltimamente no cesan los rumores sobre las posibles visitas de Oasis y Coldplay a Madrid. Ahora se suma&hellip;\n","protected":false},"author":2,"featured_media":90931,"comment_status":"","ping_status":"","sticky":false,"template":"","format":"standard","meta":{"footnotes":""},"categories":[170],"tags":[146,147,25,24,184,185,23],"class_list":{"0":"post-90930","1":"post","2":"type-post","3":"status-publish","4":"format-standard","5":"has-post-thumbnail","7":"category-musica","8":"tag-entertainment","9":"tag-entretenimiento","10":"tag-es","11":"tag-espana","12":"tag-music","13":"tag-musica","14":"tag-spain"},"share_on_mastodon":{"url":"","error":""},"_links":{"self":[{"href":"https:\/\/www.europesays.com\/es\/wp-json\/wp\/v2\/posts\/90930","targetHints":{"allow":["GET"]}}],"collection":[{"href":"https:\/\/www.europesays.com\/es\/wp-json\/wp\/v2\/posts"}],"about":[{"href":"https:\/\/www.europesays.com\/es\/wp-json\/wp\/v2\/types\/post"}],"author":[{"embeddable":true,"href":"https:\/\/www.europesays.com\/es\/wp-json\/wp\/v2\/users\/2"}],"replies":[{"embeddable":true,"href":"https:\/\/www.europesays.com\/es\/wp-json\/wp\/v2\/comments?post=90930"}],"version-history":[{"count":0,"href":"https:\/\/www.europesays.com\/es\/wp-json\/wp\/v2\/posts\/90930\/revisions"}],"wp:featuredmedia":[{"embeddable":true,"href":"https:\/\/www.europesays.com\/es\/wp-json\/wp\/v2\/media\/90931"}],"wp:attachment":[{"href":"https:\/\/www.europesays.com\/es\/wp-json\/wp\/v2\/media?parent=90930"}],"wp:term":[{"taxonomy":"category","embeddable":true,"href":"https:\/\/www.europesays.com\/es\/wp-json\/wp\/v2\/categories?post=90930"},{"taxonomy":"post_tag","embeddable":true,"href":"https:\/\/www.europesays.com\/es\/wp-json\/wp\/v2\/tags?post=90930"}],"curies":[{"name":"wp","href":"https:\/\/api.w.org\/{rel}","templated":true}]}}