{"id":90936,"date":"2025-09-03T16:05:14","date_gmt":"2025-09-03T16:05:14","guid":{"rendered":"https:\/\/www.europesays.com\/es\/90936\/"},"modified":"2025-09-03T16:05:14","modified_gmt":"2025-09-03T16:05:14","slug":"la-tercera-mano-de-los-neandertales-pudo-provocar-la-ultima-caries-humana-descubierta","status":"publish","type":"post","link":"https:\/\/www.europesays.com\/es\/90936\/","title":{"rendered":"La \u201ctercera mano\u201d de los neandertales pudo provocar la \u00faltima caries humana descubierta"},"content":{"rendered":"<p class=\"description\"><b>\u00a1Oferta especial!<\/b> Suscr\u00edbete por solo 1\u20ac al mes a la revista Historia National Geographic. <b>Solo a los 500 primeros<\/b>.<\/p>\n<p class=\"description\"><b>\u00a1Novedad!<\/b> Consigue la nueva edici\u00f3n especial de Historia NG: Grandes Episodios de Grecia.<\/p>\n<p>En un f\u00f3sil de hace casi 50.000 a\u00f1os, un equipo liderado por el Museo Nacional de Ciencias Naturales ha encontrado algo m\u00e1s que un simple diente:<strong> ha descubierto una historia de supervivencia, adaptaci\u00f3n y&#8230; de caries.<\/strong> Pero no una caries cualquiera: es la m\u00e1s reciente documentada en el registro f\u00f3sil de los <a href=\"https:\/\/historia.nationalgeographic.com.es\/a\/enrique-baquedano-arqueologo-sobre-neandertales-tenemos-entre-25-por-ciento-composicion-genetica-neandertal_23870\" rel=\"nofollow noopener\" target=\"_blank\">neandertales<\/a>. Y<strong> todo apunta a que fue provocada por usar la boca como si de una \u201ctercera mano\u201d se tratase.<\/strong><\/p>\n<p>Neandertales en El Sidr\u00f3n<\/p>\n<p>El hallazgo ha tenido lugar en la cueva de El Sidr\u00f3n, en Asturias, uno de los yacimientos m\u00e1s ricos en restos neandertales de toda Europa<strong>. Los paleoantrop\u00f3logos han recuperado m\u00e1s de 2.500 fragmentos \u00f3seos pertenecientes a al menos trece individuos<\/strong> que vivieron hace unos 49.000 a\u00f1os en este rinc\u00f3n asturiano.<\/p>\n<p class=\"relatedTitle\">Art\u00edculo recomendado<\/p>\n<p><a href=\"https:\/\/historia.nationalgeographic.com.es\/a\/ciudad-estadounidense-que-fue-fundada-por-militar-espanol-y-que-sigue-llevando-emblema-castilla-y-leon_24461\" class=\"rel\" rel=\"nofollow noopener\" target=\"_blank\">&#13;&#13;<img decoding=\"async\" src=\"https:\/\/www.europesays.com\/es\/wp-content\/uploads\/2025\/09\/sello-los-angeles_fb0683ad_250901155305_800x800.webp.webp\" alt=\"sello los angeles\" class=\"imagenRelacionado lazyload\"\/>&#13;&#13;<\/p>\n<p class=\"title\">La ciudad estadounidense que sigue llevando el emblema de Castilla y Le\u00f3n<\/p>\n<p class=\"readarticle\">Leer art\u00edculo<\/p>\n<p><\/a><\/p>\n<p>Uno de ellos, conocido como \u201cadulto 6\u201d, un hombre adulto, ha vuelto a ser protagonista de un estudio publicado en la revista <a href=\"https:\/\/onlinelibrary.wiley.com\/doi\/full\/10.1002\/ajpa.70088\" rel=\"nofollow noopener\" target=\"_blank\">American Journal of Biological Anthropology<\/a> donde <strong>los investigadores han documentado una lesi\u00f3n dental incipiente en uno de sus molares.<\/strong> Y la causa no fue \u00fanicamente lo que com\u00eda (que tambi\u00e9n, ya que ten\u00eda una dieta dura y abrasiva), sino sobre todo por c\u00f3mo usaba su dentadura: usaba de forma continuada la boca como una tercera mano en tareas no masticadoras.<\/p>\n<p>\u00bfQu\u00e9 actividades realizaba con esta &#8216;tercera mano&#8217;?<\/p>\n<p>A diferencia de nosotros, los neandertales no ten\u00edan cuchillos de acero, ni pinzas, ni ninguna herramienta de este tipo, por lo que, para muchas tareas complejas, usaban la boca como si fuera una mano m\u00e1s. Los expertos explican que <strong>habr\u00eda usado la boca para el raspado de pieles de animales, por ejemplo, que habr\u00eda contribuido al deterioro de la dentina<\/strong>, ya que adem\u00e1s esta actividad dental extra propiciaba que bacterias cariog\u00e9nicas colonizaran la boca, desencadenando la destrucci\u00f3n paulatina de las piezas dentales. A fin de cuentas, todo esto generaba un desgaste dental extremo.<\/p>\n<p>Seg\u00fan la investigadora Almudena Estalrrich del MNCN, <strong>ese uso mec\u00e1nico de los dientes pudo provocar microfisuras en el esmalte<\/strong>. A trav\u00e9s de ellas, bacterias como Streptococcus mutans -identificada en el sarro f\u00f3sil mediante an\u00e1lisis de ADN antiguo- colonizaron el diente, produciendo \u00e1cidos que desmineralizaron el esmalte y la dentina hasta formar <strong>un c\u00e1lculo dental de 2,6 mm de longitud en el individuo estudiado.<\/strong><\/p>\n<p>\u201cTodo apunta a que el uso intenso de la dentici\u00f3n pudo provocar una fisura que, poco a poco, fue colonizada por bater\u00edas que profundizaron en el esmalte y la dentina hasta desarrollar la caries: una lesi\u00f3n en forma de canal de 2,6 mm de longitud\u201d, explica Almudena Estalrrich, investigadora del Museo Nacional del Ciencias Naturales.<\/p>\n<p>Analizando la caries<\/p>\n<p><strong>Para evaluar la pieza dental f\u00f3sil, el equipo combin\u00f3 t\u00e9cnicas no invasivas como microscop\u00eda electr\u00f3nica de barrido en ambiente<\/strong> (ESEM) para obtener im\u00e1genes superdetalladas de la superficie y estudiar la morfolog\u00eda de la caries y las alteraciones del esmalte, <strong>y tomograf\u00eda axial computarizada<\/strong> (TC) para recrear en 3D el interior del diente sin da\u00f1arlo. Gracias a estas tecnolog\u00edas pudieron confirmar la presencia de la caries, cuantificar su tama\u00f1o y profundidad y documentar con precisi\u00f3n los cambios estructurales en el diente.<\/p>\n<p>\u201cEs posible que en estas regiones tuvieran acceso a una dieta m\u00e1s rica en carbohidratos, que pueden facilitar la aparici\u00f3n de caries.<strong> Consideramos que el cambio de la dieta y el uso de la dentici\u00f3n como una herramienta de trabajo podr\u00edan ser las causas de este problema dental<\/strong>, el s\u00e9ptimo que conocemos en el registro f\u00f3sil de la especie\u201d, concluye la experta.<\/p>\n<p>\u00bfHab\u00eda muchas caries en el pasado?<\/p>\n<p>El an\u00e1lisis del c\u00e1lculo dental (sarro fosilizado) revel\u00f3 restos de alimentos cocidos y ricos en almid\u00f3n, como pi\u00f1ones y setas que aunque son sanos, liberan az\u00facares al ser metabolizados por las bacterias bucales, lo que favorece la formaci\u00f3n de caries. Curiosamente<strong>, durante gran parte de la prehistoria, las caries eran extremadamente raras.\u00a0<\/strong><a href=\"https:\/\/historia.nationalgeographic.com.es\/a\/juan-luis-arsuaga-paleontologo-hasta-siglo-xv-no-habia-caries-aunque-prehistoria-se-les-desgastaban-dientes-ano-como-a-nosotros-toda-vida_23695\" rel=\"nofollow noopener\" target=\"_blank\">Apenas hay evidencias de caries en los restos \u00f3seos<\/a>, de ah\u00ed la importancia de este hallazgo, ya que las poblaciones de cazadores-recolectores, se alimentaban fundamental mente de vegetales, ra\u00edces, carne y frutos secos. Fue a partir de la aparici\u00f3n de la agricultura y, m\u00e1s tarde, con la incorporaci\u00f3n masiva del az\u00facar refinado en la dieta humana, cuando las caries se convirtieron en un problema de salud global.<\/p>\n<p><a href=\"https:\/\/whatsapp.com\/channel\/0029VaCGIn5KwqSTl8E9Y10X\" target=\"_blank\" rel=\"nofollow noopener\">Suscr\u00edbete a nuestro canal de WhatsApp<\/a>\u00a0y recibe las \u00faltimas noticias sobre grandes descubrimientos, adem\u00e1s de las efem\u00e9rides m\u00e1s importantes y mucho m\u00e1s.<\/p>\n","protected":false},"excerpt":{"rendered":"\u00a1Oferta especial! Suscr\u00edbete por solo 1\u20ac al mes a la revista Historia National Geographic. Solo a los 500&hellip;\n","protected":false},"author":2,"featured_media":90937,"comment_status":"","ping_status":"","sticky":false,"template":"","format":"standard","meta":{"footnotes":""},"categories":[92],"tags":[9238,1770,10475,25,24,8245,165,33202,32269,166,23],"class_list":{"0":"post-90936","1":"post","2":"type-post","3":"status-publish","4":"format-standard","5":"has-post-thumbnail","7":"category-salud","8":"tag-antropologia","9":"tag-asturias","10":"tag-csic","11":"tag-es","12":"tag-espana","13":"tag-fosiles","14":"tag-health","15":"tag-neandertales","16":"tag-prehistoria","17":"tag-salud","18":"tag-spain"},"share_on_mastodon":{"url":"","error":""},"_links":{"self":[{"href":"https:\/\/www.europesays.com\/es\/wp-json\/wp\/v2\/posts\/90936","targetHints":{"allow":["GET"]}}],"collection":[{"href":"https:\/\/www.europesays.com\/es\/wp-json\/wp\/v2\/posts"}],"about":[{"href":"https:\/\/www.europesays.com\/es\/wp-json\/wp\/v2\/types\/post"}],"author":[{"embeddable":true,"href":"https:\/\/www.europesays.com\/es\/wp-json\/wp\/v2\/users\/2"}],"replies":[{"embeddable":true,"href":"https:\/\/www.europesays.com\/es\/wp-json\/wp\/v2\/comments?post=90936"}],"version-history":[{"count":0,"href":"https:\/\/www.europesays.com\/es\/wp-json\/wp\/v2\/posts\/90936\/revisions"}],"wp:featuredmedia":[{"embeddable":true,"href":"https:\/\/www.europesays.com\/es\/wp-json\/wp\/v2\/media\/90937"}],"wp:attachment":[{"href":"https:\/\/www.europesays.com\/es\/wp-json\/wp\/v2\/media?parent=90936"}],"wp:term":[{"taxonomy":"category","embeddable":true,"href":"https:\/\/www.europesays.com\/es\/wp-json\/wp\/v2\/categories?post=90936"},{"taxonomy":"post_tag","embeddable":true,"href":"https:\/\/www.europesays.com\/es\/wp-json\/wp\/v2\/tags?post=90936"}],"curies":[{"name":"wp","href":"https:\/\/api.w.org\/{rel}","templated":true}]}}