{"id":90943,"date":"2025-09-03T16:09:08","date_gmt":"2025-09-03T16:09:08","guid":{"rendered":"https:\/\/www.europesays.com\/es\/90943\/"},"modified":"2025-09-03T16:09:08","modified_gmt":"2025-09-03T16:09:08","slug":"putin-desafia-a-zelenski-a-mantener-un-encuentro-en-moscu-internacional","status":"publish","type":"post","link":"https:\/\/www.europesays.com\/es\/90943\/","title":{"rendered":"Putin desaf\u00eda a Zelenski a mantener un encuentro en Mosc\u00fa | Internacional"},"content":{"rendered":"<p class=\"\">El presidente de Rusia, Vlad\u00edmir Putin, ha instado al presidente ucranio, Volod\u00edmir Zelenski, a acudir a la misma capital rusa para <a href=\"https:\/\/elpais.com\/internacional\/2025-08-18\/trump-afirma-que-si-todo-va-bien-hoy-podra-celebrarse-una-reunion-con-putin-y-zelenski.html\" target=\"_blank\" rel=\"nofollow noopener\" title=\"https:\/\/elpais.com\/internacional\/2025-08-18\/trump-afirma-que-si-todo-va-bien-hoy-podra-celebrarse-una-reunion-con-putin-y-zelenski.html\">mantener una reuni\u00f3n que d\u00e9 continuidad a las inciertas negociaciones de paz.<\/a> \u201cSi Zelenski est\u00e1 preparado, que venga a Mosc\u00fa y esta reuni\u00f3n se celebrar\u00e1\u201d, ha declarado el mandatario ruso en Pek\u00edn, adonde ha acudido esta semana por invitaci\u00f3n de su aliado Xi Jinping con motivo del 80\u00ba aniversario del final de la II Guerra Mundial en el frente chino, que se ha celebrado este mi\u00e9rcoles. El ministro de Exteriores de Ucrania, Andrii Sibiga, ha tildado de \u201cinaceptable\u201d esta iniciativa. <\/p>\n<p class=\"\">\u201cHay propuestas serias [Austria, El Vaticano, Turqu\u00eda, Suiza y tres pa\u00edses del golfo P\u00e9rsico] y el presidente Zelenski est\u00e1 listo para una reuni\u00f3n all\u00ed en cualquier momento\u201d, ha apostillado el jefe de la diplomacia ucrania en <a href=\"https:\/\/x.com\/andrii_sybiha\/status\/1963258428559655032\" target=\"_self\" rel=\"nofollow\" title=\"https:\/\/x.com\/andrii_sybiha\/status\/1963258428559655032\">una publicaci\u00f3n en X<\/a>.<\/p>\n<p class=\"\"><a href=\"https:\/\/elpais.com\/internacional\/2025-08-15\/putin-logra-en-su-visita-a-trump-en-alaska-romper-el-aislamiento-internacional.html\" target=\"_self\" rel=\"nofollow noopener\" title=\"https:\/\/elpais.com\/internacional\/2025-08-15\/putin-logra-en-su-visita-a-trump-en-alaska-romper-el-aislamiento-internacional.html\">Apremiado por la Casa Blanca para avanzar en las negociaciones de paz,<\/a> Putin ha ofrecido por primera vez una alternativa para el encuentro bilateral con Zelenski que ans\u00eda el presidente estadounidense, Donald Trump. Sin embargo, el l\u00edder ruso desde\u00f1a un encuentro serio con el presidente de Ucrania. \u201cEn general, nunca he descartado esta posible reuni\u00f3n\u201d, ha manifestado Putin antes de dar a entender que no le interesa con una pregunta ret\u00f3rica: \u201c\u00bfTienen alg\u00fan sentido estas reuniones?\u201d.<\/p>\n<p class=\"\">El Kremlin ha insistido a lo largo de todas las negociaciones en que Putin solo se reunir\u00e1 con el presidente de Ucrania si hay un acuerdo sobre la mesa y este complace todas las exigencias de Mosc\u00fa.<\/p>\n<p class=\"\">El Kremlin filtr\u00f3 en agosto la posibilidad de celebrar esta reuni\u00f3n en la capital rusa, una iniciativa que no se tom\u00f3 en serio ni la propaganda rusa. Zelenski descart\u00f3 esta opci\u00f3n y propuso mantener el encuentro en Suiza, Austria o Turqu\u00eda. El l\u00edder ucranio rechaz\u00f3 tambi\u00e9n Hungr\u00eda, dirigida por Viktor Orb\u00e1n, aliado de Putin.<\/p>\n<p class=\"\">M\u00e1s all\u00e1 de una improbable reuni\u00f3n con Zelenski, Putin ha alejado <a href=\"https:\/\/elpais.com\/internacional\/2025-08-09\/trump-anuncia-que-su-reunion-con-putin-se-celebrara-en-alaska-el-viernes-15.html\" target=\"_blank\" rel=\"nofollow noopener\" title=\"https:\/\/elpais.com\/internacional\/2025-08-09\/trump-anuncia-que-su-reunion-con-putin-se-celebrara-en-alaska-el-viernes-15.html\">la opci\u00f3n de otra cita con Trump,<\/a> esta vez en Rusia. El dirigente ruso asegura que el asunto est\u00e1 \u201csobre la mesa\u201d, pero que no se est\u00e1 preparando nada por el momento. <\/p>\n<p class=\"\">Putin ha tenido dos grandes adversarios en los \u00faltimos a\u00f1os. Zelenski y el opositor ruso Alex\u00e9i Navalni. El disidente desafi\u00f3 al dirigente ruso con su regreso a Mosc\u00fa un a\u00f1o despu\u00e9s de ser envenenado con el arma qu\u00edmica Novichok. Nada m\u00e1s pisar suelo ruso, Navalni fue detenido y <a href=\"https:\/\/elpais.com\/internacional\/2024-02-16\/muere-en-prision-el-opositor-ruso-alexei-navalni.html\" target=\"_blank\" rel=\"nofollow noopener\" title=\"https:\/\/elpais.com\/internacional\/2024-02-16\/muere-en-prision-el-opositor-ruso-alexei-navalni.html\">muri\u00f3 en una c\u00e1rcel hace a\u00f1o y medio<\/a>.<\/p>\n<p class=\"\">En esta ocasi\u00f3n, el presidente ruso ha vuelto a poner en duda la legitimidad de Zelenski, al que ha calificado como \u201cel jefe interino de Ucrania\u201d. \u201cFue elegido por cinco a\u00f1os [En 2019]. Han pasado cinco a\u00f1os. Se acab\u00f3. Su mandato ha terminado\u201d, ha declarado Putin, que renov\u00f3 su presidencia hasta 2030 el pasado a\u00f1o gracias a unas elecciones sin observadores independientes y donde toda la oposici\u00f3n fue proscrita. <\/p>\n","protected":false},"excerpt":{"rendered":"El presidente de Rusia, Vlad\u00edmir Putin, ha instado al presidente ucranio, Volod\u00edmir Zelenski, a acudir a la misma&hellip;\n","protected":false},"author":2,"featured_media":90944,"comment_status":"","ping_status":"","sticky":false,"template":"","format":"standard","meta":{"footnotes":""},"categories":[42],"tags":[8738,17,18,70,71,72,700,13,14,69,7082,11,61,62,63,64,19,20,9,10,15,16,1613,1614,12,7081,21,22,1617,65,66,67],"class_list":{"0":"post-90943","1":"post","2":"type-post","3":"status-publish","4":"format-standard","5":"has-post-thumbnail","7":"category-internacional","8":"tag-ataques-militares","9":"tag-breaking-news","10":"tag-breakingnews","11":"tag-conflictos","12":"tag-conflictos-armados","13":"tag-conflictos-internacionales","14":"tag-europa","15":"tag-featured-news","16":"tag-featurednews","17":"tag-guerra","18":"tag-guerra-de-rusia-en-ucrania","19":"tag-headlines","20":"tag-internacional","21":"tag-international","22":"tag-international-news","23":"tag-internationalnews","24":"tag-latest-news","25":"tag-latestnews","26":"tag-news","27":"tag-noticias","28":"tag-noticias-destacadas","29":"tag-noticiasdestacadas","30":"tag-otan","31":"tag-rusia","32":"tag-titulares","33":"tag-ucrania","34":"tag-ultimas-noticias","35":"tag-ultimasnoticias","36":"tag-union-europea","37":"tag-world","38":"tag-world-news","39":"tag-worldnews"},"share_on_mastodon":{"url":"","error":""},"_links":{"self":[{"href":"https:\/\/www.europesays.com\/es\/wp-json\/wp\/v2\/posts\/90943","targetHints":{"allow":["GET"]}}],"collection":[{"href":"https:\/\/www.europesays.com\/es\/wp-json\/wp\/v2\/posts"}],"about":[{"href":"https:\/\/www.europesays.com\/es\/wp-json\/wp\/v2\/types\/post"}],"author":[{"embeddable":true,"href":"https:\/\/www.europesays.com\/es\/wp-json\/wp\/v2\/users\/2"}],"replies":[{"embeddable":true,"href":"https:\/\/www.europesays.com\/es\/wp-json\/wp\/v2\/comments?post=90943"}],"version-history":[{"count":0,"href":"https:\/\/www.europesays.com\/es\/wp-json\/wp\/v2\/posts\/90943\/revisions"}],"wp:featuredmedia":[{"embeddable":true,"href":"https:\/\/www.europesays.com\/es\/wp-json\/wp\/v2\/media\/90944"}],"wp:attachment":[{"href":"https:\/\/www.europesays.com\/es\/wp-json\/wp\/v2\/media?parent=90943"}],"wp:term":[{"taxonomy":"category","embeddable":true,"href":"https:\/\/www.europesays.com\/es\/wp-json\/wp\/v2\/categories?post=90943"},{"taxonomy":"post_tag","embeddable":true,"href":"https:\/\/www.europesays.com\/es\/wp-json\/wp\/v2\/tags?post=90943"}],"curies":[{"name":"wp","href":"https:\/\/api.w.org\/{rel}","templated":true}]}}