{"id":90948,"date":"2025-09-03T16:12:16","date_gmt":"2025-09-03T16:12:16","guid":{"rendered":"https:\/\/www.europesays.com\/es\/90948\/"},"modified":"2025-09-03T16:12:16","modified_gmt":"2025-09-03T16:12:16","slug":"una-semana-para-pulir-detalles-en-el-ciudad-de-logrono","status":"publish","type":"post","link":"https:\/\/www.europesays.com\/es\/90948\/","title":{"rendered":"Una semana para pulir detalles en el Ciudad de Logro\u00f1o"},"content":{"rendered":"<p><a class=\"v-mdl-ath__fig-a\" href=\"https:\/\/www.larioja.com\/autor\/martin-schmitt-307.html\" title=\"Mart\u00edn Schmitt\" rel=\"nofollow noopener\" target=\"_blank\"><br \/>\n<img decoding=\"async\" class=\"v-mdl-ath__img\" src=\"https:\/\/www.europesays.com\/es\/wp-content\/uploads\/2025\/07\/autor-307-foto-1.jpeg\" alt=\"Mart\u00edn Schmitt\"\/><br \/>\n<\/a><\/p>\n<p class=\"v-mdl-ath__p v-mdl-ath__p--6\">\nMi\u00e9rcoles, 3 de septiembre 2025, 07:42<\/p>\n<p class=\"v-p\">El <a href=\"https:\/\/www.larioja.com\/temas\/entidades\/club-balonmano-ciudad-de-logrono.html\" title=\"Ciudad de Logro\u00f1o\" data-voc-vtm-id=\"in-text-traffic\" data-mrf-link=\"www.larioja.com\" rel=\"nofollow noopener\" target=\"_blank\">Ciudad de Logro\u00f1o <\/a>culmin\u00f3 el viernes pasado su ronda de amistosos veraniegos con un triunfo incontestable sobre el Burgos (26-36). Una pretemporada irregular  &#8230; que se sald\u00f3 con dos victorias (frente al Toyoda Gosei y Burgos) y tres derrotas (Nava, Limoges y Rennes) con una plantilla que presenta ocho novedades, aunque una de ellas, Namanya Pestic, que no est\u00e1 ni cerca de aterrizar en tierras riojanas por el papeleo. \u00abHemos acabado con muy buenas sensaciones el partido ante el Burgos,\u00a0donde creo que estuvimos a muy buen nivel\u00bb, explic\u00f3 el entrenador franjivino Miguel Velasco. \u00abEs verdad que el Burgos es un equipo de Plata, pero podr\u00eda ser perfectamente de Asobal, aunque le faltaban un par de jugadores (Miguel Malo o Fabrizio Casanova)\u00bb.<\/p>\n<p class=\"v-p\">A partir de ahora, el segoviano quiere pulir detalles esta semana para entrar en la \u00faltima semana de preparaci\u00f3n con la cabeza puesta en el Guadalajara, primer equipo que visitar\u00e1 el Palacio de los Deportes (s\u00e1bado 13 de septiembre, 17.15 horas).<\/p>\n<p class=\"v-p\">El encuentro en Burgos dej\u00f3 alg\u00fan tocado como Ivan Popovic, que se torci\u00f3 el tobillo. El pivote est\u00e1 trabajando al margen de sus compa\u00f1eros, pero la lesi\u00f3n no es seria y podr\u00eda perfectamente jugar si as\u00ed fuese necesario. Una de las preocupaciones de Velasco es el problema burocr\u00e1tico que impide que Pestic se una al grupo. Pero lo que m\u00e1s le preocupa al t\u00e9cnico es que el diestro se unir\u00e1 al equipo sin la menor idea de la t\u00e1ctica franjivina, algo que tardar\u00e1 algunas semanas en aprender. \u00abSomos 15 menos \u00e9l, 14. Uno menos, pero me preocupa m\u00e1s todo lo que se ha perdido de preparaci\u00f3n. Es extranjero, el idioma&#8230; Veremos lo que le cuesta adaptarse y si somos capaces de sacarle el m\u00e1ximo rendimiento en el menor tiempo posible, porque realmente nos hace falta\u00bb, sintetiz\u00f3.<\/p>\n<p class=\"v-crt__t\"> L\u00edmite de sesiones alcanzadas<\/p>\n<p class=\"v-crt__p\">El acceso al contenido Premium est\u00e1 abierto por cortes\u00eda del establecimiento donde te encuentras, pero ahora mismo hay demasiados usuarios conectados a las vez.<\/p>\n<p class=\"v-crt__p\">Por favor, int\u00e9ntalo pasados unos minutos.<\/p>\n<p>\nVolver a intentar\n<\/p>\n<p class=\"v-crt__t\">Sesi\u00f3n cerrada<\/p>\n<p class=\"v-crt__p\">Al iniciar sesi\u00f3n desde un dispositivo distinto, por seguridad, se cerr\u00f3 la \u00faltima sesi\u00f3n en este.<\/p>\n<p class=\"v-crt__p\">Para continuar disfrutando de su suscripci\u00f3n digital, inicie sesi\u00f3n en este dispositivo.<\/p>\n<p>\nEste contenido es exclusivo para suscriptores\n<\/p>\n<p class=\"text\">\u00bfTienes una suscripci\u00f3n? <a href=\"https:\/\/secure.larioja.com\/login\/login.html#vca=suscribete&amp;vso=larioja&amp;vmc=on&amp;vli=cdn-ce-link-login\" class=\"login\" data-voc-vtm-id=\"comienzoSuscripcionON\" data-voc-vtm-info=\"cdn-ce-link-login\" rel=\"nofollow noopener\" target=\"_blank\">Inicia sesi\u00f3n<\/a><\/p>\n<p>Comenta<\/p>\n<p>Reporta un error<\/p>\n","protected":false},"excerpt":{"rendered":"Mi\u00e9rcoles, 3 de septiembre 2025, 07:42 El Ciudad de Logro\u00f1o culmin\u00f3 el viernes pasado su ronda de amistosos&hellip;\n","protected":false},"author":2,"featured_media":90949,"comment_status":"","ping_status":"","sticky":false,"template":"","format":"standard","meta":{"footnotes":""},"categories":[278],"tags":[376,777,168,7510,25,24,375,6173,33203,773,23,167],"class_list":{"0":"post-90948","1":"post","2":"type-post","3":"status-publish","4":"format-standard","5":"has-post-thumbnail","7":"category-balonmano","8":"tag-balonmano","9":"tag-ciudad","10":"tag-deportes","11":"tag-detalles","12":"tag-es","13":"tag-espana","14":"tag-handball","15":"tag-logrono","16":"tag-pulir","17":"tag-semana","18":"tag-spain","19":"tag-sports"},"share_on_mastodon":{"url":"","error":""},"_links":{"self":[{"href":"https:\/\/www.europesays.com\/es\/wp-json\/wp\/v2\/posts\/90948","targetHints":{"allow":["GET"]}}],"collection":[{"href":"https:\/\/www.europesays.com\/es\/wp-json\/wp\/v2\/posts"}],"about":[{"href":"https:\/\/www.europesays.com\/es\/wp-json\/wp\/v2\/types\/post"}],"author":[{"embeddable":true,"href":"https:\/\/www.europesays.com\/es\/wp-json\/wp\/v2\/users\/2"}],"replies":[{"embeddable":true,"href":"https:\/\/www.europesays.com\/es\/wp-json\/wp\/v2\/comments?post=90948"}],"version-history":[{"count":0,"href":"https:\/\/www.europesays.com\/es\/wp-json\/wp\/v2\/posts\/90948\/revisions"}],"wp:featuredmedia":[{"embeddable":true,"href":"https:\/\/www.europesays.com\/es\/wp-json\/wp\/v2\/media\/90949"}],"wp:attachment":[{"href":"https:\/\/www.europesays.com\/es\/wp-json\/wp\/v2\/media?parent=90948"}],"wp:term":[{"taxonomy":"category","embeddable":true,"href":"https:\/\/www.europesays.com\/es\/wp-json\/wp\/v2\/categories?post=90948"},{"taxonomy":"post_tag","embeddable":true,"href":"https:\/\/www.europesays.com\/es\/wp-json\/wp\/v2\/tags?post=90948"}],"curies":[{"name":"wp","href":"https:\/\/api.w.org\/{rel}","templated":true}]}}