{"id":90956,"date":"2025-09-03T16:18:09","date_gmt":"2025-09-03T16:18:09","guid":{"rendered":"https:\/\/www.europesays.com\/es\/90956\/"},"modified":"2025-09-03T16:18:09","modified_gmt":"2025-09-03T16:18:09","slug":"el-homenaje-que-le-prepara-ferrari-a-niki-lauda-para-el-gp-de-italia","status":"publish","type":"post","link":"https:\/\/www.europesays.com\/es\/90956\/","title":{"rendered":"El homenaje que le prepara Ferrari a Niki Lauda para el GP de Italia"},"content":{"rendered":"<p class=\"article-body__paragraph\">Ferrari llevar\u00e1 al circuito Monza un tributo cargado de historia. En el Gran Premio de Italia, que se disputa este fin de semana, la Scuderia le rendir\u00e1 homenaje a Niki Lauda en el 50\u00b0 aniversario de su primer t\u00edtulo mundial, logrado en 1975 con el ic\u00f3nico 312 T. <\/p>\n<p class=\"article-body__paragraph\">Para la ocasi\u00f3n, el actual SF-25 lucir\u00e1 una decoraci\u00f3n especial que revive la esencia del legendario monoplaza, con un motor cover en blanco, aler\u00f3n trasero met\u00e1lico que recuerda al aluminio de la \u00e9poca y n\u00fameros retro que evocan la est\u00e9tica de los 70.<\/p>\n<p><img alt=\"\" class=\"global-image\" decoding=\"async\"  src=\"https:\/\/www.europesays.com\/es\/wp-content\/uploads\/2025\/09\/I35LYNT2FJHL7PY6NOO3MIFJZU.webp\"  fetchpriority=\"low\" loading=\"lazy\"\/><\/p>\n<p class=\"article-body__paragraph\">El detalle no se limita al b\u00f3lido: los pilotos Charles Lecrerc y Lewis Hamilton vestir\u00e1n cascos y trajes con dise\u00f1os inspirados en 1975, mientras que todo el equipo adoptar\u00e1 uniformes de aire vintage. La idea es trasladar a los tifosi a aquella temporada que marc\u00f3 un antes y un despu\u00e9s para la Scuderia.<\/p>\n<p class=\"article-body__paragraph\">La elecci\u00f3n de Monza no es casual. Fue en esa pista donde Lauda asegur\u00f3 el t\u00edtulo mundial con un tercer lugar, mientras su compa\u00f1ero Clay Regazzoni se llevaba la victoria. El resultado devolv\u00eda a Ferrari la corona despu\u00e9s de 11 a\u00f1os de sequ\u00eda y consolidaba a Lauda como una figura del \u201cCirco\u201d.<\/p>\n<p><img alt=\"\" class=\"global-image\" decoding=\"async\"  src=\"https:\/\/www.europesays.com\/es\/wp-content\/uploads\/2025\/09\/VH7NZQLZWFFGJCBNAZ42BRITZA.jpg\"  fetchpriority=\"low\" loading=\"lazy\"\/><\/p>\n<p class=\"article-body__paragraph\">El director del equipo, Fr\u00e9d\u00e9ric Vasseur, destac\u00f3 que esta decoraci\u00f3n es mucho m\u00e1s que un gesto est\u00e9tico: es una forma de inspirar al equipo y reconectar con la pasi\u00f3n de los tifosi en un momento clave de la temporada. Tras el doble abandono en Zandvoort, Ferrari conf\u00eda en que la energ\u00eda de su afici\u00f3n y el recuerdo de Lauda sirvan como impulso adicional.<\/p>\n<p><img alt=\"\" class=\"global-image\" decoding=\"async\"  src=\"https:\/\/www.europesays.com\/es\/wp-content\/uploads\/2025\/09\/FFNM6PUSTJCWHPYQFBXLM2GFNE.webp\"  fetchpriority=\"low\" loading=\"lazy\"\/><\/p>\n<p class=\"article-body__paragraph\">Con esta imagen retro, la Scuderia no solo revive un cap\u00edtulo glorioso de su pasado, sino que busca inspiraci\u00f3n para la parte final del calendario de la F\u00f3rmula Uno, donde si bien sus pilotos marchan en lugares secundarios (Leclerc es quinto, con 151 puntos, seguido por Lewis, con 109) como equipo est\u00e1n librando una cerrada lucha por el segundo lugar entre los constructores. <\/p>\n<p class=\"article-body__paragraph\">Ferrari es el escolta del escapado l\u00edder McLaren, con 260 unidades, mientras que Mercedes tiene 248 y Red Bull, 214.<\/p>\n<p class=\"article-body__paragraph\">Adem\u00e1s, una victoria en casa -la primera de la temporada- vendr\u00eda de gran forma para homenajear a Niki Lauda.<\/p>\n","protected":false},"excerpt":{"rendered":"Ferrari llevar\u00e1 al circuito Monza un tributo cargado de historia. En el Gran Premio de Italia, que se&hellip;\n","protected":false},"author":2,"featured_media":90957,"comment_status":"","ping_status":"","sticky":false,"template":"","format":"standard","meta":{"footnotes":""},"categories":[270],"tags":[33205,168,25,24,306,2091,271,272,33153,6552,2097,33204,25216,10,23,167],"class_list":{"0":"post-90956","1":"post","2":"type-post","3":"status-publish","4":"format-standard","5":"has-post-thumbnail","7":"category-formula-1","8":"tag-charles-lecrerc","9":"tag-deportes","10":"tag-es","11":"tag-espana","12":"tag-f1","13":"tag-ferrari","14":"tag-formula-1","15":"tag-formula1","16":"tag-gp-de-italia","17":"tag-homenaje","18":"tag-lewis-hamilton","19":"tag-monza","20":"tag-niki-lauda","21":"tag-noticias","22":"tag-spain","23":"tag-sports"},"share_on_mastodon":{"url":"","error":""},"_links":{"self":[{"href":"https:\/\/www.europesays.com\/es\/wp-json\/wp\/v2\/posts\/90956","targetHints":{"allow":["GET"]}}],"collection":[{"href":"https:\/\/www.europesays.com\/es\/wp-json\/wp\/v2\/posts"}],"about":[{"href":"https:\/\/www.europesays.com\/es\/wp-json\/wp\/v2\/types\/post"}],"author":[{"embeddable":true,"href":"https:\/\/www.europesays.com\/es\/wp-json\/wp\/v2\/users\/2"}],"replies":[{"embeddable":true,"href":"https:\/\/www.europesays.com\/es\/wp-json\/wp\/v2\/comments?post=90956"}],"version-history":[{"count":0,"href":"https:\/\/www.europesays.com\/es\/wp-json\/wp\/v2\/posts\/90956\/revisions"}],"wp:featuredmedia":[{"embeddable":true,"href":"https:\/\/www.europesays.com\/es\/wp-json\/wp\/v2\/media\/90957"}],"wp:attachment":[{"href":"https:\/\/www.europesays.com\/es\/wp-json\/wp\/v2\/media?parent=90956"}],"wp:term":[{"taxonomy":"category","embeddable":true,"href":"https:\/\/www.europesays.com\/es\/wp-json\/wp\/v2\/categories?post=90956"},{"taxonomy":"post_tag","embeddable":true,"href":"https:\/\/www.europesays.com\/es\/wp-json\/wp\/v2\/tags?post=90956"}],"curies":[{"name":"wp","href":"https:\/\/api.w.org\/{rel}","templated":true}]}}