{"id":90960,"date":"2025-09-03T16:20:08","date_gmt":"2025-09-03T16:20:08","guid":{"rendered":"https:\/\/www.europesays.com\/es\/90960\/"},"modified":"2025-09-03T16:20:08","modified_gmt":"2025-09-03T16:20:08","slug":"lucas-perez-responde-al-interes-del-castellon-nadie-se-ha-puesto-en-contacto-conmigo-futbol","status":"publish","type":"post","link":"https:\/\/www.europesays.com\/es\/90960\/","title":{"rendered":"Lucas P\u00e9rez responde al inter\u00e9s del Castell\u00f3n: \u00abNadie se ha puesto en contacto conmigo\u00bb | F\u00fatbol"},"content":{"rendered":"<p class=\"loc\">Castell\u00f3<\/p>\n<p>El ariete gallego Lucas P\u00e9rez, exjugador del PSV y del Deportivo de La Coru\u00f1a, ha sido objeto de atenci\u00f3n tras el inter\u00e9s mostrado en redes sociales por Bob Voulgaris, presidente del Castell\u00f3n. Sin embargo, en conversaci\u00f3n con Radio Castell\u00f3n, el delantero de 36 a\u00f1os ha asegurado que hasta el momento nadie del Castell\u00f3n se ha puesto en contacto con \u00e9l.<\/p>\n<p>Lucas P\u00e9rez ha tenido un recorrido variado en su carrera, que ha incluido pasos por importantes clubes europeos, no obstante, su situaci\u00f3n actual es incierta. Al ser preguntado sobre su futuro, el futbolista ha mostrado su deseo de continuar en el deporte profesional, afirmando que se encuentra a la espera de una oferta que le parezca interesante.<\/p>\n<p>El entrenador del Castell\u00f3n, Johan Plat, tambi\u00e9n fue consultado por este peri\u00f3dico sobre la posibilidad de incorporar al experimentado atacante a su plantilla. El t\u00e9cnico neerland\u00e9s no dud\u00f3 en elogiar las cualidades del jugador: \u00abLucas es un fen\u00f3meno en Espa\u00f1a y ha jugado en muy buenos clubes en Europa. \u00c9l sabe marcar, \u00e9l sabe jugar. Siempre estoy abierto para jugadores as\u00ed\u00bb.<\/p>\n<p>En la \u00faltima temporada de P\u00e9rez en el Deportivo acumul\u00f3 un total de 20 partidos donde contribuy\u00f3 con 4 goles y 4 asistencias. Posteriormente, su paso por el PSV fue breve, con solo 3 apariciones y un total de 24 minutos en el campo. Uno de los episodios m\u00e1s dif\u00edciles en su carrera fue enfrentarse a una tuberculosis que lo apart\u00f3 del equipo; estuvo alejado del grupo hasta mayo del a\u00f1o pasado.<\/p>\n<p>A pesar de las adversidades recientes, Lucas P\u00e9rez sigue mostrando su determinaci\u00f3n por mantenerse activo en el f\u00fatbol y espera que surja la oportunidad adecuada para seguir demostrando su calidad en el terreno de juego. <\/p>\n","protected":false},"excerpt":{"rendered":"Castell\u00f3 El ariete gallego Lucas P\u00e9rez, exjugador del PSV y del Deportivo de La Coru\u00f1a, ha sido objeto&hellip;\n","protected":false},"author":2,"featured_media":90961,"comment_status":"","ping_status":"","sticky":false,"template":"","format":"standard","meta":{"footnotes":""},"categories":[268],"tags":[33206,11203,20193,168,33207,33208,25,24,280,33209,282,33210,33211,33212,20116,18521,4698,281,23,33213,167,33214,33215],"class_list":{"0":"post-90960","1":"post","2":"type-post","3":"status-publish","4":"format-standard","5":"has-post-thumbnail","7":"category-futbol","8":"tag-bal","9":"tag-ball","10":"tag-country","11":"tag-deportes","12":"tag-divisie","13":"tag-dutch-toto-knvb-beker","14":"tag-es","15":"tag-espana","16":"tag-football","17":"tag-fussbal","18":"tag-futbol","19":"tag-lucas-perez","20":"tag-orangepictures","21":"tag-philips-stadion","22":"tag-player","23":"tag-players","24":"tag-psv","25":"tag-soccer","26":"tag-spain","27":"tag-spelers","28":"tag-sports","29":"tag-stadion","30":"tag-voetbal"},"share_on_mastodon":{"url":"","error":""},"_links":{"self":[{"href":"https:\/\/www.europesays.com\/es\/wp-json\/wp\/v2\/posts\/90960","targetHints":{"allow":["GET"]}}],"collection":[{"href":"https:\/\/www.europesays.com\/es\/wp-json\/wp\/v2\/posts"}],"about":[{"href":"https:\/\/www.europesays.com\/es\/wp-json\/wp\/v2\/types\/post"}],"author":[{"embeddable":true,"href":"https:\/\/www.europesays.com\/es\/wp-json\/wp\/v2\/users\/2"}],"replies":[{"embeddable":true,"href":"https:\/\/www.europesays.com\/es\/wp-json\/wp\/v2\/comments?post=90960"}],"version-history":[{"count":0,"href":"https:\/\/www.europesays.com\/es\/wp-json\/wp\/v2\/posts\/90960\/revisions"}],"wp:featuredmedia":[{"embeddable":true,"href":"https:\/\/www.europesays.com\/es\/wp-json\/wp\/v2\/media\/90961"}],"wp:attachment":[{"href":"https:\/\/www.europesays.com\/es\/wp-json\/wp\/v2\/media?parent=90960"}],"wp:term":[{"taxonomy":"category","embeddable":true,"href":"https:\/\/www.europesays.com\/es\/wp-json\/wp\/v2\/categories?post=90960"},{"taxonomy":"post_tag","embeddable":true,"href":"https:\/\/www.europesays.com\/es\/wp-json\/wp\/v2\/tags?post=90960"}],"curies":[{"name":"wp","href":"https:\/\/api.w.org\/{rel}","templated":true}]}}