{"id":90962,"date":"2025-09-03T16:21:16","date_gmt":"2025-09-03T16:21:16","guid":{"rendered":"https:\/\/www.europesays.com\/es\/90962\/"},"modified":"2025-09-03T16:21:16","modified_gmt":"2025-09-03T16:21:16","slug":"en-topless-y-exprimiendo-los-ultimos-dias-del-verano-en-sotogrande","status":"publish","type":"post","link":"https:\/\/www.europesays.com\/es\/90962\/","title":{"rendered":"en &#8216;topless&#8217; y exprimiendo los \u00faltimos d\u00edas del verano en Sotogrande"},"content":{"rendered":"<p id=\"exi1_Z50Gv5\" data-wc=\"51\"><strong>Tamara Falc\u00f3 ha tenido uno de los mejores veranos de su vida<\/strong>. De playa y en playa, y junto a la mejor compa\u00f1\u00eda, la marquesa de Gri\u00f1\u00f3n no ha escatimado a la hora de abrirnos su \u00e1lbum fotogr\u00e1fico vacacional. Las mejores vistas, la gastronom\u00eda m\u00e1s especial y las escapadas m\u00e1s espectaculares.<\/p>\n<p> <img src=\"https:\/\/www.europesays.com\/es\/wp-content\/uploads\/2025\/09\/92e09ac1dadc-542075784184964198350711426999065867358040434n.jpg\"   width=\"768\" height=\"1024\" loading=\"lazy\" decoding=\"async\" alt=\"Media Image\" fetchpriority=\"auto\" class=\"image ho-image\"\/>\u00a9 @tamara_falco<\/p>\n<p id=\"epD6qXoFOl\" data-wc=\"93\"><a class=\"hm-link\" href=\"https:\/\/www.hola.com\/actualidad\/20250812849660\/isabel-preysler-tamara-falco-mejores-imagenes-vacaciones-paraiso\/\" data-mrf-recirculation=\"article-body-link\" rel=\"nofollow noopener\" target=\"_blank\">En agosto visit\u00f3 las islas Maldivas junto a su madre, Isabel Preysler, y su marido, \u00cd\u00f1igo Onieva<\/a>, una experiencia de lo m\u00e1s nutritiva en familia que comparti\u00f3 con infinidad de postales fotogr\u00e1ficas en sus redes sociales; pero Tamara no ha querido despedir el verano todav\u00eda. Estirando los \u00faltimos d\u00edas del periodo estival,<strong>\u00a0la marquesa de Gri\u00f1\u00f3n se encuentra en Sotogrande<\/strong> junto a su pareja y los grupos de amigos de ambos. El rinc\u00f3n andaluz se ha convertido en su refugio para esta recta final antes de retomar su agenda de compromisos y labores.<\/p>\n<p> <img src=\"https:\/\/www.europesays.com\/es\/wp-content\/uploads\/2025\/09\/4c348ec674c9-photobucket-1-2.jpg\"   width=\"768\" height=\"1024\" loading=\"lazy\" decoding=\"async\" alt=\"Tamara Falc\u00f3 en Maldivas\" fetchpriority=\"auto\" class=\"image ho-image\"\/>\u00a9 @tamara_falco<\/p>\n<p id=\"ekLWBSCpTV4\" data-wc=\"78\">Con unos looks espectaculares y unas vistas inmejorables, <a class=\"hm-link\" href=\"https:\/\/www.hola.com\/moda\/20250901853167\/tamara-falco-vacaciones-verano-vestido-blanco-look\/\" data-mrf-recirculation=\"article-body-link\" rel=\"nofollow noopener\" target=\"_blank\">Tamara ha sorprendido a sus seguidores con un posado un tanto inusual<\/a>. En topless, y disfrutando de las bondades de una piscina aclimatada y una colchoneta, la hija de Isabel Preysler se ha dejado ver al natural, en una imagen que no suele compartir en redes sociales. Sensual y abrazando sus curvas, la marquesa de Gri\u00f1\u00f3n ha colocado la guinda del pastel con este posado como colof\u00f3n de sus vacaciones.\u00a0<\/p>\n<p> <img src=\"https:\/\/www.europesays.com\/es\/wp-content\/uploads\/2025\/09\/bfb0a7ec7dc2-snapinstato541273293184964198680711425025737491943701100n.jpg\"   width=\"771\" height=\"1024\" loading=\"lazy\" decoding=\"async\" alt=\"Media Image\" fetchpriority=\"auto\" class=\"image ho-image\"\/>\u00a9 @tamara_falco<\/p>\n<p id=\"ePO0sBqOOH\" data-wc=\"63\">Tomando batidos y paellas con vistas al mar, y disfrutando de un <strong>tiempo m\u00e1gico junto a amigos y conocidos, entre ellos su hermana Ana Boyer,<\/strong> Tamara ha demostrado estar m\u00e1s feliz que nunca despu\u00e9s de unos meses de lo m\u00e1s agitados. Sonriendo y compartiendo con sus seguidores las instant\u00e1neas de este viaje, <strong>Tami\u00a0<\/strong><strong>no ha dudado en demostrar que sigue siendo una\u00a0<\/strong><strong>trendsetter.<\/strong><\/p>\n<p> <img src=\"https:\/\/www.europesays.com\/es\/wp-content\/uploads\/2025\/09\/2ef3e473a116-snapinstato541137672184964197900711421012153993302851968n.jpg\"   width=\"768\" height=\"1024\" loading=\"lazy\" decoding=\"async\" alt=\"Media Image\" fetchpriority=\"auto\" class=\"image ho-image\"\/>\u00a9 @tamara_falco<br \/>\nUn verano familiar antes de retomar agendas<\/p>\n<p data-wc=\"80\" id=\"eE7vC--e_tE\">Despu\u00e9s de su rom\u00e1ntica luna de miel por varios pa\u00edses y su primer aniversario de boda, Tamara Falc\u00f3 encontr\u00f3 en su viaje a Maldivas, y su actual escapada a Sotogrande, una nueva ocasi\u00f3n para desconectar. La traves\u00eda paradis\u00edaca en familia, m\u00e1s all\u00e1 de demostrar la elegancia y el glamour que madre e hija comparten, atestigu\u00f3 para ambas que lo m\u00e1s importante es el tiempo compartido. <strong>Y qu\u00e9 mejor lugar para hacerlo que uno de los enclaves m\u00e1s exclusivos del mundo.<\/strong><\/p>\n<p> <img src=\"https:\/\/www.europesays.com\/es\/wp-content\/uploads\/2025\/08\/0998199872e9-snapinstato529779772185177119270533059176005097154917071n.jpg\"   width=\"768\" height=\"1024\" loading=\"lazy\" decoding=\"async\" alt=\"Tamara Falc\u00f3 en las Maldivas\" fetchpriority=\"auto\" class=\"image ho-image\"\/>\u00a9 (@ionieva)Tamara Falc\u00f3 en las Maldivas<\/p>\n<p data-wc=\"53\" id=\"ehRolOqvjLU\"><strong>\u00abRodeada de mar y palmeras\u2026 Este clima me transporta a mi querida tierra natal, Filipinas. Una aut\u00e9ntica alegr\u00eda poder disfrutarlo en un lugar tan especial\u00bb,\u00a0<\/strong>confesaba Isabel entonces tras un viaje que la transport\u00f3 a su pa\u00eds de nacimiento, y que la retrotrajo a algunas de las memorias m\u00e1s importantes de su vida.<\/p>\n<p> <img src=\"https:\/\/www.europesays.com\/es\/wp-content\/uploads\/2025\/09\/e36436a9103a-52984232418523778158053556960257845194704815n.jpg\"   width=\"768\" height=\"1024\" loading=\"lazy\" decoding=\"async\" alt=\"Isabel Preysler Tamara Falc\u00f3\" fetchpriority=\"auto\" class=\"image ho-image\"\/>\u00a9 isabelpreysler<\/p>\n<p data-wc=\"86\" id=\"elVvI-rAJvr\">Adem\u00e1s de sus viajes, este a\u00f1o ha sido de lo m\u00e1s especial para la familia. <a class=\"hm-link\" href=\"https:\/\/www.hola.com\/actualidad\/20250820851136\/tamara-falco-y-hermanos-rinden-homenaje-padre-carlos-falco\/\" data-mrf-recirculation=\"article-body-link\" rel=\"nofollow noopener\" target=\"_blank\">Tamara y sus hermanos han cumplido uno de los grandes sue\u00f1os de su padre, el recordado Carlos Falc\u00f3<\/a>, empresario y viticultor que falleci\u00f3 en marzo de 2020 a consecuencia del coronavirus. Para recordarle, tanto a \u00e9l como a su legado, la marquesa de Gri\u00f1\u00f3n ha querido rendirle homenaje con el lanzamiento de un <strong>n<\/strong><strong>uevo vino ecol\u00f3gico que recupera la que fuera una figura clave en la modernizaci\u00f3n de la viticultura espa\u00f1ola<\/strong>.<\/p>\n<p> <img src=\"https:\/\/www.europesays.com\/es\/wp-content\/uploads\/2025\/09\/6cc135048744-falco.jpg\"   width=\"1024\" height=\"567\" loading=\"lazy\" decoding=\"async\" alt=\"Carlos Falc\u00f3, junto a su hija Tamara en una imagen de archivo\" fetchpriority=\"auto\" class=\"image ho-image\"\/>\u00a9 Europa PressCarlos Falc\u00f3, junto a su hija Tamara en una imagen de archivo<\/p>\n<p data-wc=\"75\" id=\"et388Qj6IV\">\u00abEn 1982, mi padre, <strong>Carlos Falc\u00f3, lanz\u00f3 su primer vino\u00a0<\/strong>con una visi\u00f3n clara: unir autenticidad y elegancia. Hoy, junto a \u00a0mis hermanos, <strong>damos un nuevo paso con nuestro primer Rueda ecol\u00f3gico.\u00a0<\/strong>Fresco, ligero, con la caricia de las flores blancas y la pureza de la naturaleza. <strong>Un brindis al esp\u00edritu pionero<\/strong> que nos ense\u00f1\u00f3 a innovar sin perder nuestras ra\u00edces\u00bb, escribi\u00f3 Tamara hace unas semanas tras cumplir uno de los deseos de su padre.\u00a0<\/p>\n<p> <img src=\"https:\/\/www.europesays.com\/es\/wp-content\/uploads\/2025\/08\/f919a944e85d-tamara-carlos-falco-ep.jpg\"   width=\"1024\" height=\"567\" loading=\"lazy\" decoding=\"async\" alt=\"Carlos Falco y su hija Tamara \" fetchpriority=\"auto\" class=\"image ho-image\"\/>\u00a9 Europa PressCarlos Falco y su hija Tamara <\/p>\n","protected":false},"excerpt":{"rendered":"Tamara Falc\u00f3 ha tenido uno de los mejores veranos de su vida. De playa y en playa, y&hellip;\n","protected":false},"author":2,"featured_media":90963,"comment_status":"","ping_status":"","sticky":false,"template":"","format":"standard","meta":{"footnotes":""},"categories":[174],"tags":[517,255,146,147,25,24,256,18481,23,5184],"class_list":{"0":"post-90962","1":"post","2":"type-post","3":"status-publish","4":"format-standard","5":"has-post-thumbnail","7":"category-famosos","8":"tag-actualidad","9":"tag-celebrities","10":"tag-entertainment","11":"tag-entretenimiento","12":"tag-es","13":"tag-espana","14":"tag-famosos","15":"tag-inigo-onieva","16":"tag-spain","17":"tag-tamara-falco"},"share_on_mastodon":{"url":"","error":""},"_links":{"self":[{"href":"https:\/\/www.europesays.com\/es\/wp-json\/wp\/v2\/posts\/90962","targetHints":{"allow":["GET"]}}],"collection":[{"href":"https:\/\/www.europesays.com\/es\/wp-json\/wp\/v2\/posts"}],"about":[{"href":"https:\/\/www.europesays.com\/es\/wp-json\/wp\/v2\/types\/post"}],"author":[{"embeddable":true,"href":"https:\/\/www.europesays.com\/es\/wp-json\/wp\/v2\/users\/2"}],"replies":[{"embeddable":true,"href":"https:\/\/www.europesays.com\/es\/wp-json\/wp\/v2\/comments?post=90962"}],"version-history":[{"count":0,"href":"https:\/\/www.europesays.com\/es\/wp-json\/wp\/v2\/posts\/90962\/revisions"}],"wp:featuredmedia":[{"embeddable":true,"href":"https:\/\/www.europesays.com\/es\/wp-json\/wp\/v2\/media\/90963"}],"wp:attachment":[{"href":"https:\/\/www.europesays.com\/es\/wp-json\/wp\/v2\/media?parent=90962"}],"wp:term":[{"taxonomy":"category","embeddable":true,"href":"https:\/\/www.europesays.com\/es\/wp-json\/wp\/v2\/categories?post=90962"},{"taxonomy":"post_tag","embeddable":true,"href":"https:\/\/www.europesays.com\/es\/wp-json\/wp\/v2\/tags?post=90962"}],"curies":[{"name":"wp","href":"https:\/\/api.w.org\/{rel}","templated":true}]}}