{"id":90968,"date":"2025-09-03T16:24:08","date_gmt":"2025-09-03T16:24:08","guid":{"rendered":"https:\/\/www.europesays.com\/es\/90968\/"},"modified":"2025-09-03T16:24:08","modified_gmt":"2025-09-03T16:24:08","slug":"un-catedratico-en-ingenieria-forestal-reacciona-incredulo-a-esta-escena-en-el-hormiguero","status":"publish","type":"post","link":"https:\/\/www.europesays.com\/es\/90968\/","title":{"rendered":"Un catedr\u00e1tico en Ingenier\u00eda Forestal reacciona incr\u00e9dulo a esta escena en &#8216;El Hormiguero&#8217;"},"content":{"rendered":"<p>V\u00edctor Resco, catedr\u00e1tico en Ingenier\u00eda Forestal, ha publicado un hilo en la red social X en el que ha reaccionado incr\u00e9dulo a la escena que se ha visto en el programa de El Hormiguero\u00a0de este martes.<\/p>\n<p>Durante la visita de Joaqu\u00edn S\u00e1nchez y Susana Saborido, Marron ense\u00f1\u00f3 junto a C\u00e9sar Sall\u00e9n, due\u00f1o de Ecofire, un producto que \u00ab<b><a href=\"https:\/\/www.huffingtonpost.es\/virales\/un-bombero-forestal-fija-minuto-el-hormiguero-pronuncia-forma-breve-explicita.html\" rel=\"nofollow noopener\" target=\"_blank\">apaga el fuego y, adem\u00e1s, hace desaparecer los residuos que se producen en la combusti\u00f3n<\/a><\/b>\u00ab.<\/p>\n<p>\u00abEs un producto que es org\u00e1nico, es natural, es un producto que est\u00e1 hecho con componentes que pueden ser comestibles y lo que hace es que podemos hacer extinci\u00f3n directa o l\u00edneas cortafuegos. Si hacemos una l\u00ednea cortafuegos, se mantendr\u00e1n sus propiedades latentes hasta que llueva m\u00e1s de ocho o diez litros por metro cuadrado. <b>Estamos hablando de un bloqueador de llama<\/b>\u00ab, explic\u00f3 Sall\u00e9n en su visita al programa de Antena 3.\u00a0<\/p>\n<p>Al ver la escena y la demostraci\u00f3n, V\u00edctor Resco ha respondido, mostrando su sorpresa por la propuesta ha emitido el programa que conduce Pablo Motos. \u00ab<b>No puedo creer que tenga que escribir un mensaje sobre esto<\/b>\u00ab, ha se\u00f1alado.\u00a0<\/p>\n<p>\u00abA ver, de la misma manera que el COVID no se cura bebiendo lej\u00eda, esto tampoco sirve para los incendios forestales.<b> Los retardantes llevan tiempo en el mercado<\/b>\u00ab, ha razonado el catedr\u00e1tico en Ingenier\u00eda Forestal.<\/p>\n<p>\u00abEl retardante, que echan a veces los aviones, suele llevar fosfatos que &#8216;queman&#8217; a la vegetaci\u00f3n oxid\u00e1ndola, lo que la protege de las llamas. Es decir, que baja la intensidad de las llamas cuando la vegetaci\u00f3n tiene retardante. <b>Pero nunca llega a apagar el fuego, \u00bfpor qu\u00e9?<\/b>\u00ab, ha cuestionado.<\/p>\n<p>V\u00edctor Resco ha detallado que eso no ocurre porque un bosque \u00abtiene <b>una estructura compleja, con mucho relieve, y siempre quedan zonas sin tratar<\/b>\u00ab. \u00abEs imposible rociar tanto retardante como para impermeabilizar del todo a la vegetaci\u00f3n. No se puede cubrir el 100% de bosque con estos productos\u00bb, ha razonado.<\/p>\n<p>El experto ha justificado que tambi\u00e9n hay \u00ab<b>productos extintores, y de \u00edndole inversa, con el mismo problema<\/b>\u00ab. \u00abHay otras razones, y problemas potenciales, pero de momento lo dejo por aqu\u00ed\u00bb, ha a\u00f1adido.<\/p>\n<p>V\u00edctor Resco ha terminado su mensaje, destacando que \u00abtal vez pueda servir en incendios de otro tipo\u00bb, pero \u00ab<b>vender\u00a0esto como soluci\u00f3n a los incendios forestales es como vender crecepelos<\/b>\u00ab.<\/p>\n","protected":false},"excerpt":{"rendered":"V\u00edctor Resco, catedr\u00e1tico en Ingenier\u00eda Forestal, ha publicado un hilo en la red social X en el que&hellip;\n","protected":false},"author":2,"featured_media":90969,"comment_status":"","ping_status":"","sticky":false,"template":"","format":"standard","meta":{"footnotes":""},"categories":[171],"tags":[5813,146,147,25,24,8877,23,214],"class_list":{"0":"post-90968","1":"post","2":"type-post","3":"status-publish","4":"format-standard","5":"has-post-thumbnail","7":"category-tv","8":"tag-el-hormiguero","9":"tag-entertainment","10":"tag-entretenimiento","11":"tag-es","12":"tag-espana","13":"tag-incendios-forestales","14":"tag-spain","15":"tag-tv"},"share_on_mastodon":{"url":"","error":""},"_links":{"self":[{"href":"https:\/\/www.europesays.com\/es\/wp-json\/wp\/v2\/posts\/90968","targetHints":{"allow":["GET"]}}],"collection":[{"href":"https:\/\/www.europesays.com\/es\/wp-json\/wp\/v2\/posts"}],"about":[{"href":"https:\/\/www.europesays.com\/es\/wp-json\/wp\/v2\/types\/post"}],"author":[{"embeddable":true,"href":"https:\/\/www.europesays.com\/es\/wp-json\/wp\/v2\/users\/2"}],"replies":[{"embeddable":true,"href":"https:\/\/www.europesays.com\/es\/wp-json\/wp\/v2\/comments?post=90968"}],"version-history":[{"count":0,"href":"https:\/\/www.europesays.com\/es\/wp-json\/wp\/v2\/posts\/90968\/revisions"}],"wp:featuredmedia":[{"embeddable":true,"href":"https:\/\/www.europesays.com\/es\/wp-json\/wp\/v2\/media\/90969"}],"wp:attachment":[{"href":"https:\/\/www.europesays.com\/es\/wp-json\/wp\/v2\/media?parent=90968"}],"wp:term":[{"taxonomy":"category","embeddable":true,"href":"https:\/\/www.europesays.com\/es\/wp-json\/wp\/v2\/categories?post=90968"},{"taxonomy":"post_tag","embeddable":true,"href":"https:\/\/www.europesays.com\/es\/wp-json\/wp\/v2\/tags?post=90968"}],"curies":[{"name":"wp","href":"https:\/\/api.w.org\/{rel}","templated":true}]}}