{"id":90970,"date":"2025-09-03T16:25:09","date_gmt":"2025-09-03T16:25:09","guid":{"rendered":"https:\/\/www.europesays.com\/es\/90970\/"},"modified":"2025-09-03T16:25:09","modified_gmt":"2025-09-03T16:25:09","slug":"bryan-adams-de-la-cima-del-rock-a-una-busqueda-personal-por-la-frescura-y-la-autenticidad-mi-mayor-satisfaccion-hoy-proviene-de-la-musica-y-mi-familia","status":"publish","type":"post","link":"https:\/\/www.europesays.com\/es\/90970\/","title":{"rendered":"Bryan Adams, de la cima del rock a una b\u00fasqueda personal por la frescura y la autenticidad: \u201cMi mayor satisfacci\u00f3n hoy proviene de la m\u00fasica y mi familia\u201d"},"content":{"rendered":"<p>Bryan Adams inicia una nueva etapa de autogesti\u00f3n musical con el lanzamiento de &#8216;Roll With The Punches&#8217;<\/p>\n<p class=\"paragraph\"><a href=\"https:\/\/www.infobae.com\/tag\/bryan-adams\/\" target=\"_blank\" rel=\"noreferrer nofollow noopener\" title=\"https:\/\/www.infobae.com\/tag\/bryan-adams\/\"><b>Bryan Adams<\/b><\/a> inicia una etapa clave en su trayectoria con el lanzamiento de su decimos\u00e9ptimo \u00e1lbum, <a href=\"https:\/\/www.infobae.com\/america\/agencias\/2025\/04\/23\/bryan-adams-estrena-su-etapa-como-artista-independiente-con-nueva-gira-y-album\/\" target=\"_blank\" rel=\"noreferrer nofollow noopener\" title=\"https:\/\/www.infobae.com\/america\/agencias\/2025\/04\/23\/bryan-adams-estrena-su-etapa-como-artista-independiente-con-nueva-gira-y-album\/\"><b>Roll With The Punches<\/b><\/a>, disponible desde el 29 de agosto de 2025. Este trabajo marca su primer disco tras la separaci\u00f3n profesional de <b>Bruce Allen<\/b>, su representante hist\u00f3rico, adem\u00e1s de ser el debut bajo su propio sello discogr\u00e1fico, <b>Bad Records<\/b>.<\/p>\n<p class=\"paragraph\">En di\u00e1logo con Record Collector durante su gira por el Reino Unido, el m\u00fasico resalt\u00f3 el valor de esta independencia, describiendo el momento actual como una fase de autonom\u00eda y creatividad plena luego de a\u00f1os vinculado a <b>grandes discogr\u00e1ficas<\/b>.<\/p>\n<p class=\"paragraph\">Durante m\u00e1s de cuarenta a\u00f1os, Adams construy\u00f3 una carrera reconocida por \u00e9xitos globales, colaboraciones con figuras destacadas y reconocimientos en <b>Canad\u00e1 <\/b>y <b>Reino Unido<\/b>. <\/p>\n<p><img alt=\"El artista canadiense asume el\" class=\"global-image\" decoding=\"async\" fetchpriority=\"low\" height=\"2590\" loading=\"lazy\" src=\"https:\/\/www.europesays.com\/es\/wp-content\/uploads\/2025\/09\/IPO6PMC43FAQREVCPHCADK5ZDQ.jpg\" width=\"4096\"\/>El artista canadiense asume el control total de su carrera tras separarse de su hist\u00f3rico representante y de las grandes discogr\u00e1ficas (EFE\/Axel Heimken)<\/p>\n<p class=\"paragraph\">Desde su salto internacional con Reckless\u201d en 1984 \u2014\u00e1lbum con cl\u00e1sicos como <b>Summer Of \u201969<\/b>, Run To You y el dueto con Tina Turner, It\u2019s Only Love\u2014 hasta la balada Everything I Do I Do It For You, que se mantuvo 16 semanas en el primer lugar en Reino Unido en 1991, el artista vendi\u00f3 millones de discos y dejado una marca en la <b>m\u00fasica rock<\/b>. <\/p>\n<p class=\"paragraph\">Adem\u00e1s de cantante y compositor, Adams desarroll\u00f3 una carrera como fot\u00f3grafo, activista y fil\u00e1ntropo, presentando su obra a nivel mundial y apoyando causas ben\u00e9ficas.<\/p>\n<p class=\"paragraph\">El lanzamiento de <b>Roll With The Punches<\/b> representa, seg\u00fan expres\u00f3 a Record Collector, un giro personal y profesional. Tras la ruptura con Allen en 2023 y la desvinculaci\u00f3n de los sellos convencionales, Adams asumi\u00f3 el control absoluto de su carrera. \u201c<b>De repente estaba solo, era un agente libre, me gestionaba a m\u00ed mismo<\/b>\u201d, explic\u00f3. <\/p>\n<p><img alt=\"Adams destaca la importancia de\" class=\"global-image\" decoding=\"async\" fetchpriority=\"low\" height=\"890\" loading=\"lazy\" src=\"https:\/\/www.europesays.com\/es\/wp-content\/uploads\/2025\/09\/4OPEF6HBIZCFESEGGUHHWCUP24.jpg\" width=\"1277\"\/>Adams destaca la importancia de la autenticidad, la pasi\u00f3n y la familia en su vida y trayectoria art\u00edstica (REUTERS\/Helle Arensbak)<\/p>\n<p class=\"paragraph\">Esta experiencia de independencia y los desaf\u00edos asociados motivaron el nuevo \u00e1lbum, que naci\u00f3 en un per\u00edodo de cambios y reflexiones sobre su lugar en la industria musical.<\/p>\n<p class=\"paragraph\">En la entrevista, Adams evoc\u00f3 recuerdos de su infancia en Kingston, Ontario, y la influencia familiar en sus comienzos musicales. Relat\u00f3 que su padre, militar, disfrutaba m\u00e1s del ambiente de las giras que de la m\u00fasica, y que una primera guitarra \u2014regalo familiar\u2014 fue decisiva para orientarlo hacia la composici\u00f3n. <\/p>\n<p class=\"paragraph\">Entre sus influencias iniciales mencion\u00f3 a <b>Ritchie Blackmore<\/b>, guitarrista de Deep Purple, y a <b>Elvis Presley<\/b>, especialmente por las grabaciones de la \u00e9poca de Sun Records.<\/p>\n<p><img alt=\"El m\u00fasico repasa sus inicios,\" class=\"global-image\" decoding=\"async\" fetchpriority=\"low\" height=\"3024\" loading=\"lazy\" src=\"https:\/\/www.europesays.com\/es\/wp-content\/uploads\/2025\/09\/2DEU56I4MRGJFCQZ6JDAMWWFMQ.jpg\" width=\"4688\"\/>El m\u00fasico repasa sus inicios, influencias y colaboraciones clave, reafirmando su vigencia en la industria del rock (EFE\/PEPE TORRES)<\/p>\n<p class=\"paragraph\">La relaci\u00f3n profesional con <b>Jim Vallance<\/b>, coautor de muchos de sus \u00e9xitos, y con el productor <b>Mutt Lange<\/b> \u2014a quien atribuye parte fundamental de \u201c(Everything I Do) I Do It For You\u201d\u2014 result\u00f3 clave en sus primeros a\u00f1os. <\/p>\n<p class=\"paragraph\">Seg\u00fan Adams, los contratos discogr\u00e1ficos iniciales eran poco ventajosos y, pese a vender un mill\u00f3n de copias de \u201cCuts Like A Knife\u201d en 1983, las ganancias fueron escasas. \u201cCada m\u00fasico tiene una historia de haber saltado de un mal contrato a otro\u201d, afirm\u00f3.<\/p>\n<p class=\"paragraph\">En cuanto a la fama, Adams fue rotundo: nunca la busc\u00f3 y, cuando lleg\u00f3, le result\u00f3 excesiva. Atribuy\u00f3 su equilibrio a una \u00e9tica de trabajo constante y al apoyo de su entorno, en particular de <b>Vicki Russell<\/b>, quien lo ayud\u00f3 a relativizar la presi\u00f3n medi\u00e1tica. <b>\u201cLa fama es ef\u00edmera, hay que re\u00edrse de ella y seguir adelante\u201d<\/b>, reflexion\u00f3.<\/p>\n<p><img alt=\"Adams minimiza la fama y\" class=\"global-image\" decoding=\"async\" fetchpriority=\"low\" height=\"1909\" loading=\"lazy\" src=\"https:\/\/www.europesays.com\/es\/wp-content\/uploads\/2025\/09\/6OZBUOKVPLRVFVA3OU5F2BVAG4.jpg\" width=\"2870\"\/>Adams minimiza la fama y los premios, priorizando la satisfacci\u00f3n personal y el equilibrio familiar (REUTERS\/Mark Blinch)<\/p>\n<p class=\"paragraph\">Las colaboraciones fueron una constante en su carrera. Record\u00f3 su v\u00ednculo con Tina Turner, a quien defini\u00f3 como cercana y carism\u00e1tica, y con quien comparti\u00f3 estudio y escenario. <\/p>\n<p class=\"paragraph\">Tambi\u00e9n mencion\u00f3 su amistad con <b>Bruce Springsteen<\/b>, con quien interpret\u00f3 canciones en vivo. Aunque en a\u00f1os recientes escribi\u00f3 menos para otros artistas, Adams afirm\u00f3 sentirse satisfecho con su repertorio y con el proceso de selecci\u00f3n de las canciones que integran cada \u00e1lbum.<\/p>\n<p class=\"paragraph\">Sobre su motivaci\u00f3n actual, Adams destac\u00f3 el placer de mantenerse activo y cuidar de su c\u00edrculo \u00edntimo. Padre de dos hijas, reconoci\u00f3 que la vida en gira lo lleva a organizar los encuentros familiares seg\u00fan el calendario escolar, pero subray\u00f3 la importancia de estar presente. <\/p>\n<p><img alt=\"'Roll With The Punches' simboliza\" class=\"global-image\" decoding=\"async\" fetchpriority=\"low\" height=\"2199\" loading=\"lazy\" src=\"https:\/\/www.europesays.com\/es\/wp-content\/uploads\/2025\/09\/EDROHUISRJFZTAWJVUWJHYKZBU.jpg\" width=\"3298\"\/>&#8216;Roll With The Punches&#8217; simboliza la reinvenci\u00f3n y perseverancia de Bryan Adams en su carrera musical (EFE\/MANUEL DE ALMEIDA)<\/p>\n<p class=\"paragraph\">Respecto a los reconocimientos oficiales como la <b>Orden de la Columbia Brit\u00e1nica<\/b> o la <b>Orden de Canad\u00e1<\/b>, rest\u00f3 importancia a los premios, afirmando que su mayor satisfacci\u00f3n proviene de la m\u00fasica y de su familia.<\/p>\n<p class=\"paragraph\">De cara al futuro, Adams dej\u00f3 claro que no planea retirarse. \u201c<b>Fund\u00e9 mi propio sello, Bad Records, inspirado en mi apodo escolar, Badams. Todo lo malo es bueno<\/b>\u201d, coment\u00f3 con humor.<b> <\/b>La clave, seg\u00fan \u00e9l, est\u00e1 en mantener la frescura y la pasi\u00f3n por la m\u00fasica, recordando la energ\u00eda y autenticidad que lo impulsaron desde el principio.<\/p>\n<p class=\"paragraph\">Con <b>Roll With The Punches<\/b>, Adams reafirma su vigencia y su capacidad para reinventarse, demostrando que la <b>perseverancia y la autenticidad<\/b> son el motor de su carrera.<\/p>\n","protected":false},"excerpt":{"rendered":"Bryan Adams inicia una nueva etapa de autogesti\u00f3n musical con el lanzamiento de &#8216;Roll With The Punches&#8217; Bryan&hellip;\n","protected":false},"author":2,"featured_media":90971,"comment_status":"","ping_status":"","sticky":false,"template":"","format":"standard","meta":{"footnotes":""},"categories":[170],"tags":[4641,505,146,147,25,24,33221,366,184,185,23],"class_list":{"0":"post-90970","1":"post","2":"type-post","3":"status-publish","4":"format-standard","5":"has-post-thumbnail","7":"category-musica","8":"tag-actuacion","9":"tag-artistas","10":"tag-entertainment","11":"tag-entretenimiento","12":"tag-es","13":"tag-espana","14":"tag-guitarra","15":"tag-hombre","16":"tag-music","17":"tag-musica","18":"tag-spain"},"share_on_mastodon":{"url":"","error":""},"_links":{"self":[{"href":"https:\/\/www.europesays.com\/es\/wp-json\/wp\/v2\/posts\/90970","targetHints":{"allow":["GET"]}}],"collection":[{"href":"https:\/\/www.europesays.com\/es\/wp-json\/wp\/v2\/posts"}],"about":[{"href":"https:\/\/www.europesays.com\/es\/wp-json\/wp\/v2\/types\/post"}],"author":[{"embeddable":true,"href":"https:\/\/www.europesays.com\/es\/wp-json\/wp\/v2\/users\/2"}],"replies":[{"embeddable":true,"href":"https:\/\/www.europesays.com\/es\/wp-json\/wp\/v2\/comments?post=90970"}],"version-history":[{"count":0,"href":"https:\/\/www.europesays.com\/es\/wp-json\/wp\/v2\/posts\/90970\/revisions"}],"wp:featuredmedia":[{"embeddable":true,"href":"https:\/\/www.europesays.com\/es\/wp-json\/wp\/v2\/media\/90971"}],"wp:attachment":[{"href":"https:\/\/www.europesays.com\/es\/wp-json\/wp\/v2\/media?parent=90970"}],"wp:term":[{"taxonomy":"category","embeddable":true,"href":"https:\/\/www.europesays.com\/es\/wp-json\/wp\/v2\/categories?post=90970"},{"taxonomy":"post_tag","embeddable":true,"href":"https:\/\/www.europesays.com\/es\/wp-json\/wp\/v2\/tags?post=90970"}],"curies":[{"name":"wp","href":"https:\/\/api.w.org\/{rel}","templated":true}]}}