{"id":90978,"date":"2025-09-03T16:29:08","date_gmt":"2025-09-03T16:29:08","guid":{"rendered":"https:\/\/www.europesays.com\/es\/90978\/"},"modified":"2025-09-03T16:29:08","modified_gmt":"2025-09-03T16:29:08","slug":"romeria-con-carla-simon-llucia-garcia-y-mitch-rtve-es","status":"publish","type":"post","link":"https:\/\/www.europesays.com\/es\/90978\/","title":{"rendered":"&#039;Romer\u00eda&#039; con Carla Sim\u00f3n, Ll\u00facia Garcia y Mitch &#8211; RTVE.es"},"content":{"rendered":"<ol>\n<li><a href=\"https:\/\/news.google.com\/rss\/articles\/CBMitwFBVV95cUxQR2o4aFFxcE9tNE9hX0tQZzVVNkRheFVSU210SWs1aS1TaWhIMkFCWXVmaFc4NDZSbXozNEhsOUtncFFxbjVwcExDOTF0NGZVa3RQU2NpOVYzSnpudkJKSklBcXVhVmttQXAwbGljUFloNnNVX1ltQTZmcEdvTC04bUZVYm9xcVA5RjFrVk40TmtZc2ZrcXhkTThadTY2M19OTDFiZ0dRVzgtVGxGM2hUc1JVVzBTODQ?oc=5\" target=\"_blank\" rel=\"nofollow noopener\">&#8216;Romer\u00eda&#8217; con Carla Sim\u00f3n, Ll\u00facia Garcia y Mitch<\/a>&nbsp;&nbsp;RTVE.es<\/li>\n<li><a href=\"https:\/\/news.google.com\/rss\/articles\/CBMi7wFBVV95cUxOdF8wVzZEVzRzMmVJeDRoM19qb2o3RmJWb1lhdU9zb2dHM0I0cTRIQmFnczg4RnhYbWJFRUpQYjhZa2dnWjFRbWVIczFNejByR3FPQll2M0d2Rnh0QXhWQ3FhWDFwcV9lNDV3RlZ2bGV4b1dtYS1lVzRPb19NZEtlTF8tRHRsNVZialRGOTBHdmtjdnVVcU9fR3BIX3VJSGl6QW5QMFU2N3l0TTQzTXlhaFhBNU4wdk9wU1g2R2hoQmZRMGJsWjdGTGU1NnlMSUxEOGZiR09iSkxYanlZa0VBal9KV0g3S1RuRlh1cFVENA?oc=5\" target=\"_blank\" rel=\"nofollow noopener\">Carla Sim\u00f3n presenta &#8216;Romer\u00eda&#8217; en &#8216;Las ma\u00f1anas de RNE&#8217;<\/a>&nbsp;&nbsp;RTVE.es<\/li>\n<li><a href=\"https:\/\/news.google.com\/rss\/articles\/CBMi1gFBVV95cUxQVlJqQjIxWWdTZjJ6OXRobU9xRmtiMW9lZkxkMVFUajlGb0Y4c3pobTBZV2VpRXQ3Q2dsYndMVGRPUDZNQzZwYWxUYzdxM1A1NGxQeGdQNE8yZmxsaUhNVEU1U1FKci1ieGFON2R0OC1jcVZKN0JjNXlMYjF5ZklLdEdWUnhYbGE5Q1NDaTQ2QkhHQ0FMZ1VVTEdRTE1RQmlRZkM5RzR5ZUpYNm83ZnplcVJPTmNzVHE3Ny1kS0N5QXJnWVJEWUJCWklmZk9pRUd2bG9fbXF30gHWAUFVX3lxTE9RaEtwV3F3LXN0S0pOeHdrdTZOWDRFZUs1V3RBamc1dU9rSGxsMVUzZzlJV296SEc4aUVteXg5TEd6M0lYV3gybXhXNFNiQ25aWXNWcEZVOFJTUERndDY3WlpaanRtcGhQU3B2amFmc0dKU1ZwMDF4cUplRzVzQXJlVTJ6bVFCaDhJQm5JNk5zeUNTOVlua2RzT21ZWDVuTm55aEg5czlqcFRsbWxGdVpFUlQzalFKZjBjQUVKa2hyRVRsNWR3Q2RMbVZYaWF4MFFlYlFjMlE?oc=5\" target=\"_blank\" rel=\"nofollow noopener\">Carla Sim\u00f3n: \u00abMi madre dej\u00f3 la hero\u00edna y me tuvo a m\u00ed, aunque luego lleg\u00f3 la putada del sida\u00bb<\/a>&nbsp;&nbsp;El Peri\u00f3dico<\/li>\n<li><a href=\"https:\/\/news.google.com\/rss\/articles\/CBMizAFBVV95cUxOM1Y5bHptSzJwOTRfcUNzcncwZDNVXzI5WWZ4LVJsOVU1aUhjRTJ5MDl6WnBScmRpeHZhRXItYVE4Q2x0THNON1Bwam8yQVN0bTBDRkN2NkFHQkFFTm4yNHVWbFlKRXFhcU9RTFdPLTdOc1BFX1R5cFN6bnpvV21OcFJ2d1JxXzhOVG9IUzJ3MlhTN0xveVJtTW5XLUQtNVVHVkd2QWpGV1ZXOVFjU0dwem9PZjJscEhYc1JfMGJCOEtLaVR0NjNWeVdhSDfSAcwBQVVfeXFMTjg3UkwyMG14cVBIdjFjRnNhUlNrMEx6UTJBdXM1MWVfTl95ZlQ5c3B3QWQycldEdENXQW1NX1BGN2R5ZlowUGJNc0o0TEtWYWpQQkkxOEJTejVEVWpsME5uUjQ5UlF5NlRQYWdYZktpY2ZiYVFFemtSTXAzNnRqbmF1YUJDZy1odV9xWmpObDh0Tjk2VjFQODdabVNzUnh5NEZFWnZoeXNwaTAxTjRrY3J4aDNYdnBpYzZtUTcyTVFqOG9GNXJWTXdqeTJF?oc=5\" target=\"_blank\" rel=\"nofollow noopener\">Carla Sim\u00f3n: \u00abLas cartas para mi tienen un valor incalculable, a trav\u00e9s de ella oigo hablar a mi madre&amp;qu<\/a>&nbsp;&nbsp;Onda Cero<\/li>\n<li><a href=\"https:\/\/news.google.com\/rss\/articles\/CBMi2gFBVV95cUxQalEwdHM1bi00TGlncnd6NllieWs2OS1pVzU5QXYxTXhJVzJicVJvclVva3Jvc3pJd2JRaGFkZmNiQlEzZ1BzTHJSVFVkcnpLUjZqS3NSamVlNXFkcDNuNks3SERJWTFSaXZsWU1DTTE0RXRfa0RMc0JVN21qRVR6NUtwdUk2b3Nhc2FIOUlicHpqV2dxZm1pUlBHWEt4NTZpcGt1Vm5HZG5mTlVpWDFlUXlBZ3dtTkZpOV9VdERSTURxNVRFU2p0Q2N5V0pnNFZ4dXROUlMxM0J4Zw?oc=5\" target=\"_blank\" rel=\"nofollow noopener\">Carla Sim\u00f3n, directora de &#8216;Romer\u00eda&#8217;: \u00abMe ha tocado vivir cosas muy dram\u00e1ticas pero tiendo a ver el mundo desde la luz\u00bb<\/a>&nbsp;&nbsp;20Minutos<\/li>\n<\/ol>\n","protected":false},"excerpt":{"rendered":"&#8216;Romer\u00eda&#8217; con Carla Sim\u00f3n, Ll\u00facia Garcia y Mitch&nbsp;&nbsp;RTVE.es Carla Sim\u00f3n presenta &#8216;Romer\u00eda&#8217; en &#8216;Las ma\u00f1anas de RNE&#8217;&nbsp;&nbsp;RTVE.es Carla&hellip;\n","protected":false},"author":2,"featured_media":90979,"comment_status":"","ping_status":"","sticky":false,"template":"","format":"standard","meta":{"footnotes":""},"categories":[91],"tags":[33225,146,147,25,24,33224,33226,133,1448,1986,1987,23],"class_list":{"0":"post-90978","1":"post","2":"type-post","3":"status-publish","4":"format-standard","5":"has-post-thumbnail","7":"category-entretenimiento","8":"tag-romeria-con-carla-simon","9":"tag-entertainment","10":"tag-entretenimiento","11":"tag-es","12":"tag-espana","13":"tag-hoy-empieza-todo","14":"tag-llucia-garcia-y-mitch","15":"tag-online","16":"tag-radio","17":"tag-rne","18":"tag-rtve-play","19":"tag-spain"},"share_on_mastodon":{"url":"","error":""},"_links":{"self":[{"href":"https:\/\/www.europesays.com\/es\/wp-json\/wp\/v2\/posts\/90978","targetHints":{"allow":["GET"]}}],"collection":[{"href":"https:\/\/www.europesays.com\/es\/wp-json\/wp\/v2\/posts"}],"about":[{"href":"https:\/\/www.europesays.com\/es\/wp-json\/wp\/v2\/types\/post"}],"author":[{"embeddable":true,"href":"https:\/\/www.europesays.com\/es\/wp-json\/wp\/v2\/users\/2"}],"replies":[{"embeddable":true,"href":"https:\/\/www.europesays.com\/es\/wp-json\/wp\/v2\/comments?post=90978"}],"version-history":[{"count":0,"href":"https:\/\/www.europesays.com\/es\/wp-json\/wp\/v2\/posts\/90978\/revisions"}],"wp:featuredmedia":[{"embeddable":true,"href":"https:\/\/www.europesays.com\/es\/wp-json\/wp\/v2\/media\/90979"}],"wp:attachment":[{"href":"https:\/\/www.europesays.com\/es\/wp-json\/wp\/v2\/media?parent=90978"}],"wp:term":[{"taxonomy":"category","embeddable":true,"href":"https:\/\/www.europesays.com\/es\/wp-json\/wp\/v2\/categories?post=90978"},{"taxonomy":"post_tag","embeddable":true,"href":"https:\/\/www.europesays.com\/es\/wp-json\/wp\/v2\/tags?post=90978"}],"curies":[{"name":"wp","href":"https:\/\/api.w.org\/{rel}","templated":true}]}}