{"id":91221,"date":"2025-09-03T18:55:09","date_gmt":"2025-09-03T18:55:09","guid":{"rendered":"https:\/\/www.europesays.com\/es\/91221\/"},"modified":"2025-09-03T18:55:09","modified_gmt":"2025-09-03T18:55:09","slug":"sanchez-y-starmer-firman-en-londres-un-acuerdo-que-refuerza-la-cooperacion-entre-espana-y-reino-unido","status":"publish","type":"post","link":"https:\/\/www.europesays.com\/es\/91221\/","title":{"rendered":"S\u00e1nchez y Starmer firman en Londres un acuerdo que refuerza la cooperaci\u00f3n entre Espa\u00f1a y Reino Unido"},"content":{"rendered":"<p>    <img src=\"https:\/\/www.europesays.com\/es\/wp-content\/uploads\/2025\/09\/1756925709_222_2025-09-03T053A463A56Z-89939422.jpg\" width=\"1024\" height=\"721\" alt=\"\" loading=\"eager\" decoding=\"sync\" fetchpriority=\"high\"\/><\/p>\n<p>            afp_tickers        <\/p>\n<p>        Este contenido fue publicado en    <\/p>\n<p>        03 septiembre 2025 &#8211; 20:09\n<\/p>\n<p>El presidente del gobierno espa\u00f1ol, Pedro S\u00e1nchez y el primer ministro brit\u00e1nico, Keir Starmer, firmaron este mi\u00e9rcoles en Londres un acuerdo de cooperaci\u00f3n entre los dos pa\u00edses, tras el pacto alcanzado en junio para eliminar la control fronterizo terrestre en Gibraltar.<\/p>\n<p>El acuerdo firmado el mi\u00e9rcoles, llamado \u00abMarco bilateral estrat\u00e9gico\u00bb, que refuerza \u00abla cooperaci\u00f3n econ\u00f3mica, pol\u00edtica y social entre los dos pa\u00edses\u00bb, contempla la creaci\u00f3n de un foro econ\u00f3mico com\u00fan que propicie nuevas oportunidades de inversi\u00f3n e innovaci\u00f3n.\u00a0<\/p>\n<p>El acuerdo se\u00f1ala que ambos pa\u00edses colaborar\u00e1n en sus pol\u00edticas de exterior y desarrollo, estrechar\u00e1n relaciones para progresar en pol\u00edtica clim\u00e1tica, y se coordinar\u00e1n en seguridad y defensa.\u00a0<\/p>\n<p>Antes de su encuentro, los dos dirigentes denunciaron ante la prensa la situaci\u00f3n \u00abterrible\u00bb en Gaza.<\/p>\n<p>El marco bilateral firmado habla en ese sentido de \u00abcoordinar iniciativas para promover la aplicaci\u00f3n de la soluci\u00f3n de los dos Estados y el Estado palestino\u00bb.<\/p>\n<p>\u2013 Pol\u00edtica exterior \u2013<\/p>\n<p>Espa\u00f1a reconoci\u00f3 el Estado de Palestina en mayo de 2024, mientras que Reino Unido anunci\u00f3 que lo har\u00eda en septiembre de este a\u00f1o si Israel no asum\u00eda una serie de compromisos, entre ellos el de un alto el fuego en Gaza.\u00a0<\/p>\n<p>Entre los puntos de pol\u00edtica exterior firmado este mi\u00e9rcoles por ambos pa\u00edses se incluye \u00abapoyar el crecimiento econ\u00f3mico de Am\u00e9rica Latina y el Caribe y sus objetivos en materia de clima, energ\u00eda y biodiversidad, incluida la adaptaci\u00f3n al clima y la resiliencia; realizar esfuerzos para mejorar la seguridad ciudadana y abordar la cuesti\u00f3n de la delincuencia organizada\u00bb.<\/p>\n<p>El texto tambi\u00e9n se\u00f1ala que los ministros de Relaciones Exteriores de ambos pa\u00edses mantendr\u00e1n un di\u00e1logo estrat\u00e9gico anual para fortalecer la asociaci\u00f3n y realizar un seguimiento de los objetivos del acuerdo firmado este mi\u00e9rcoles.<\/p>\n<p>S\u00e1nchez, antes de la firma, al ser recibido por Starmer, habl\u00f3 de \u00abun acuerdo bilateral muy importante que reforzar\u00e1 nuestra cooperaci\u00f3n y colaboraci\u00f3n en muchos temas. Igualdad de g\u00e9nero, desarrollo sostenible, transici\u00f3n energ\u00e9tica verde, entre otros\u00bb.\u00a0<\/p>\n<p>En este encuentro, el primero institucional entre ambos pa\u00edses desde la salida de Reino Unido de la Uni\u00f3n Europea en 2020, participaron tambi\u00e9n empresarios y los dos ministros de Econom\u00eda, Carlos Cuerpo y Rachel Reeves.<\/p>\n<p>El viaje de S\u00e1nchez es el primero a Downing Street de un presidente de gobierno espa\u00f1ol en m\u00e1s de siete a\u00f1os, despu\u00e9s de que Mariano Rajoy visitara a Theresa May en diciembre de 2017.<\/p>\n<p>\u2013 Acuerdo sobre Gibraltar \u2013<\/p>\n<p>Ambos gobiernos socialdem\u00f3cratas se encuentran en buena sinton\u00eda tras el acuerdo alcanzado en junio sobre Gibraltar, que prev\u00e9 eliminar las barreras f\u00edsicas y los controles de personas y mercanc\u00edas en el paso fronterizo terrestre para acceder al enclave brit\u00e1nico en el sur de la pen\u00ednsula ib\u00e9rica.<\/p>\n<p>Starmer, al recibir este mi\u00e9rcoles a S\u00e1nchez en Downing Street destac\u00f3 el acuerdo bilateral \u00abfruto de todo el arduo trabajo que hicimos sobre Gibraltar\u00bb.<\/p>\n<p>Por su parte, tras el recibimiento de su hom\u00f3logo brit\u00e1nico, S\u00e1nchez alab\u00f3 \u00abel liderazgo del primer ministro Starmer en lo que respecta a haber cerrado con \u00e9xito este,importante acuerdo entre Espa\u00f1a, Reino Unido y la Comisi\u00f3n Europea en relaci\u00f3n con Gibraltar\u00bb.<\/p>\n<p>La reuni\u00f3n bilateral lleg\u00f3 tras el pacto del 11 de junio en Bruselas, en el que se acord\u00f3 que todos los controles f\u00edsicos en Gibraltar se llevar\u00e1n a cabo en el puerto y el aeropuerto del enclave brit\u00e1nico y no en su frontera terrestre, que diariamente atraviesan unas 15.000 personas, en su mayor\u00eda para trabajar.<\/p>\n<p>De este modo, el territorio brit\u00e1nico pasar\u00e1 a formar parte del espacio Schengen en libre circulaci\u00f3n de personas.<\/p>\n<p>Ese acuerdo debe traducirse en un tratado vinculante, todav\u00eda sin fecha de implementaci\u00f3n, que podr\u00eda darse durante 2026.<\/p>\n<p>\u00abBeneficia a todos, y aportar\u00e1 certeza legal y confianza a personas y negocios de la regi\u00f3n\u00bb, dijo el comisario europeo de Comercio, Maros Sefcovic, al anunciar el acuerdo el 11 de junio, que debe ser ahora ratificado por todas las partes.<\/p>\n<p>Sefcovic dijo estar \u00abconvencido de que ser\u00e1 ratificado, porque es un buen acuerdo\u00bb.<\/p>\n<p>psr\/mb<\/p>\n","protected":false},"excerpt":{"rendered":"afp_tickers Este contenido fue publicado en 03 septiembre 2025 &#8211; 20:09 El presidente del gobierno espa\u00f1ol, Pedro S\u00e1nchez&hellip;\n","protected":false},"author":2,"featured_media":91222,"comment_status":"","ping_status":"","sticky":false,"template":"","format":"standard","meta":{"footnotes":""},"categories":[8],"tags":[17,18,82,83,84,25,24,13,14,11,85,86,19,20,87,9,10,15,16,88,23,90,12,6254,21,22],"class_list":{"0":"post-91221","1":"post","2":"type-post","3":"status-publish","4":"format-standard","5":"has-post-thumbnail","7":"category-espana","8":"tag-breaking-news","9":"tag-breakingnews","10":"tag-business","11":"tag-diplomacy","12":"tag-economy-general","13":"tag-es","14":"tag-espana","15":"tag-featured-news","16":"tag-featurednews","17":"tag-headlines","18":"tag-international-foreign-trade","19":"tag-international-relations","20":"tag-latest-news","21":"tag-latestnews","22":"tag-macro-economics","23":"tag-news","24":"tag-noticias","25":"tag-noticias-destacadas","26":"tag-noticiasdestacadas","27":"tag-politics","28":"tag-spain","29":"tag-ticker","30":"tag-titulares","31":"tag-trade-agreements","32":"tag-ultimas-noticias","33":"tag-ultimasnoticias"},"share_on_mastodon":{"url":"","error":""},"_links":{"self":[{"href":"https:\/\/www.europesays.com\/es\/wp-json\/wp\/v2\/posts\/91221","targetHints":{"allow":["GET"]}}],"collection":[{"href":"https:\/\/www.europesays.com\/es\/wp-json\/wp\/v2\/posts"}],"about":[{"href":"https:\/\/www.europesays.com\/es\/wp-json\/wp\/v2\/types\/post"}],"author":[{"embeddable":true,"href":"https:\/\/www.europesays.com\/es\/wp-json\/wp\/v2\/users\/2"}],"replies":[{"embeddable":true,"href":"https:\/\/www.europesays.com\/es\/wp-json\/wp\/v2\/comments?post=91221"}],"version-history":[{"count":0,"href":"https:\/\/www.europesays.com\/es\/wp-json\/wp\/v2\/posts\/91221\/revisions"}],"wp:featuredmedia":[{"embeddable":true,"href":"https:\/\/www.europesays.com\/es\/wp-json\/wp\/v2\/media\/91222"}],"wp:attachment":[{"href":"https:\/\/www.europesays.com\/es\/wp-json\/wp\/v2\/media?parent=91221"}],"wp:term":[{"taxonomy":"category","embeddable":true,"href":"https:\/\/www.europesays.com\/es\/wp-json\/wp\/v2\/categories?post=91221"},{"taxonomy":"post_tag","embeddable":true,"href":"https:\/\/www.europesays.com\/es\/wp-json\/wp\/v2\/tags?post=91221"}],"curies":[{"name":"wp","href":"https:\/\/api.w.org\/{rel}","templated":true}]}}