{"id":91223,"date":"2025-09-03T18:56:15","date_gmt":"2025-09-03T18:56:15","guid":{"rendered":"https:\/\/www.europesays.com\/es\/91223\/"},"modified":"2025-09-03T18:56:15","modified_gmt":"2025-09-03T18:56:15","slug":"un-guardia-civil-y-un-familiar-del-piloto-marc-marquez-detenidos-por-su-presunta-implicacion-en-un-asesinato-en-lerida-la-voz-de-galicia","status":"publish","type":"post","link":"https:\/\/www.europesays.com\/es\/91223\/","title":{"rendered":"Un guardia civil y un familiar del piloto Marc M\u00e1rquez, detenidos por su presunta implicaci\u00f3n en un asesinato en L\u00e9rida &#8211; La Voz de Galicia"},"content":{"rendered":"<ol>\n<li><a href=\"https:\/\/news.google.com\/rss\/articles\/CBMihAJBVV95cUxNX2ZmUFU2YWVtcERzbWNNZkdvNDY1YkgweE9LbGdfYXJ4YjY3eUtCejQxWWNHSzE2MFB6dWlGMmY5NkprZHRNUXJpZXNrUW5OZ2hzSURUSl9RWDlnNFJRZFVrU1FZaTBrWWNMWTdvZWdURkhjeDlqaDZfWTQySTJBdnprQkowY21SemNyVDBzdU91STR4QzQ5OGlzeXk1MlN1V1EtRXdUY3pFdWFWbHBtejJDQjgycmd1U3h6elFjRFYzUklRSk82eWN0TzE2TU1McXFMY2VDZDRxRjFQTnVZaklKaWx4TW1SWm94YU5YWGRLVGJDU2h6T1ZVc0x4ck1ndk1JU9IBoAJBVV95cUxNbEVGWFR5c081c0N4RjJsSlNSTElxMEVxY1JUYUdiR3JKblFUT21iaXVZRnZ5NjdYbWhGQTVuZGJJQVNNcGR1NGstVFZRRk5YSjREMzNNR1RTR2lqOERzYnhtRWtjQ3B4UFZlS2hzVjl3TlVzdERTeXZrQnA2MlotNUxSSHFnRFFWYm5CdlVQMElValdvcVhaV1pRV20zbFJvOHBqczd5NXJRZnl2aDdaWVpvUHJ0azJfbVpLYWZqdUdHaTdqZlU0Y2tKMTZ0VGt5UEpXZmFaQzRnV0g0ZWMxQWZ5LTJmQnNnVjhiWjRsMWd0SWxhOGE5ek1Ha0RTb1RXZU8yMmhpNjRPT1JFbmpXeHhFYnpsa0hnRmVkRTBURGY?oc=5\" target=\"_blank\" rel=\"nofollow noopener\">Un guardia civil y un familiar del piloto Marc M\u00e1rquez, detenidos por su presunta implicaci\u00f3n en un asesinato en L\u00e9rida<\/a>&nbsp;&nbsp;La Voz de Galicia<\/li>\n<li><a href=\"https:\/\/news.google.com\/rss\/articles\/CBMiekFVX3lxTE9xbFFEeUN2QVRyRmdYQ2NZODBnSjhPZ2FUMlhLZUhfX2VhcnlnSmk0Qi1oYkluNXlndlJFNzNqUXcxZENNQkl5SWFlV2pQNDN3VnRVTHE2QUNEbGJwTWo0ZW02ME9xdlQ5MGdrSGI3a1I5eVQ1clJGN0x3?oc=5\" target=\"_blank\" rel=\"nofollow noopener\">Detenidos un familiar de Marc M\u00e1rquez y un mando de la Guardia Civil por el asesinato en 2022 de un contrabandista en una zona boscosa de L\u00e9rida<\/a>&nbsp;&nbsp;El Mundo<\/li>\n<li><a href=\"https:\/\/news.google.com\/rss\/articles\/CBMirAFBVV95cUxPU040amZyNkY2NWRxZnpaTjZMZUswQzlZdmVqaVlLNVpCQ3IzQzhycWh0NHVnMDRSd0hmRDB3MThHQjFuSWlmWm1IdDVPTFpldmRVeUhuU0thMnJ0LWRlZENKaFk3aFljTlJMbWJFUUNjZzdTRzNGUDE3V1FhRVBVZTJ3ODZ4VHVJc2llNDV0M1IwQVJjX3NjNWpUSFhJX1luWGpIc2RIclhPbmtN0gGsAUFVX3lxTFBnemlEWl9KNGpJRmZjRlhXZWJtTW5iVXJWaW9UdTBQVlJJQ2w1Q00xQTViejN3WjJ6bS1BUjBVZWtRX1d0X2lld3dpd1g2eENqT2VLaVZvZW04cGluRFVyZUJ2TTdERG0yVXFZVFQ5dVpUcElpbFpNaE1qeFpVZEdDdmZwYTNxTkJrTFJZME5rQjlfdEVqQkg0b29ESTV5OUZKNlIwSnlPY2xndjI?oc=5\" target=\"_blank\" rel=\"nofollow noopener\">La detenci\u00f3n del t\u00edo de Marc M\u00e1rquez reabre tres a\u00f1os despu\u00e9s el asesinato de un hombre de Oliana<\/a>&nbsp;&nbsp;El Peri\u00f3dico<\/li>\n<li><a href=\"https:\/\/news.google.com\/rss\/articles\/CBMi3AFBVV95cUxNcVl0cmtuNlZJeHFRWGpfalpKZmFvNmk0TkY5Z3lOTnZUVHJ6TGZvcmRQYnJ6VGxhNlAzOXdFREs1bXE0LUlaS3RKSjVwbklHdEdPWWN1WXVnMVdORjQ0ZzVnMVItUEZDZDNiQzZqOThJbTZCQzV0MFBlSmwxNWVlVG9PTFRwcGR4dFlvM2tFbEl2bXhjZDVYbHJvN2lMZXhfUlZCRks3cFpreHdNdTVsM1B5ajYxS19CVS1Fem5DN2h5VGJpTDV5bTdCR3hFY1NPT2d0RUhPRmtrMWNk0gHoAUFVX3lxTE85MXEzck5hMGxrWmZWSzFSdE9PNGQtME1NN091ZGtoWFJQVHoyd2puc2JhaTVNN1VmQ3BQR2J0RVdzb0cwYS1ORnVuNkI1clQyWDd5SFQ1bFFZT1ZCSHZDbXQ0dFhpaXdRNzlGQ082VzdDZWRWaHQzNHZ1WFg1TlVDb3FwdlFta2ZuX19EejY2Y0luOWtQaVNkWnZDeDdOVENKNE1Fdnh1NGIxUVNSMnBWSHVNT3BpZHotT3hyVTltaGFucnJYcXVjdWM1bEdsZV9rc0Q2Qmx0R2FuWFdILS1ydWpZU0tJSVM?oc=5\" target=\"_blank\" rel=\"nofollow noopener\">El t\u00edo de Marc M\u00e1rquez y se niega a declarar junto al resto de los implicados en el asesinato<\/a>&nbsp;&nbsp;Telecinco<\/li>\n<li><a href=\"https:\/\/news.google.com\/rss\/articles\/CBMipAFBVV95cUxPTFgzX0ozTXZzVGFVMGUxcnE1TXowUy02U3FVMDlMbDBvYllUOHRKU0Z0T1p1cVBYRkhXam9rSVBFOGhxNzRJZTE2R3N5UkxCdjJUcW5JSEVRRWlRWklYQ2tPeFZEWTBLWnEtTjhxMkhtS01MR2Znc1QtNTgzMl82ZUtDTlhzdTlxOWd1dkpvR0txX3R0bU1VdkFGRGltWno2QXluNtIBqgFBVV95cUxNTURYSmxqQ2dNdG9DWnZKX2plNGxWVk8zS0lmenRpVldhMS1DeE9RcjVQaFUzcUpjbDR5SU1pWXUza0g5bFM4dDN3aHdJQUEtVWh6VGtjQnlObDlUTkZpSlNWNUtLd216d2tTc28wdnJReGhwejJTSVp1ajYxTkkyc2dybXBRc1lrbUN2WWF5Q2s2a2RaclphWVhNR2xnczlEVXgxeTkwTGtndw?oc=5\" target=\"_blank\" rel=\"nofollow noopener\">Detenidos un guardia civil y un familiar del piloto Marc M\u00e1rquez por un asesinato en 2022<\/a>&nbsp;&nbsp;El Confidencial<\/li>\n<\/ol>\n","protected":false},"excerpt":{"rendered":"Un guardia civil y un familiar del piloto Marc M\u00e1rquez, detenidos por su presunta implicaci\u00f3n en un asesinato&hellip;\n","protected":false},"author":2,"featured_media":91224,"comment_status":"","ping_status":"","sticky":false,"template":"","format":"standard","meta":{"footnotes":""},"categories":[5],"tags":[17,18,1980,25,24,13,14,1160,11,19,20,13638,9,10,15,16,23,12,21,22],"class_list":{"0":"post-91223","1":"post","2":"type-post","3":"status-publish","4":"format-standard","5":"has-post-thumbnail","7":"category-titulares","8":"tag-breaking-news","9":"tag-breakingnews","10":"tag-cataluna","11":"tag-es","12":"tag-espana","13":"tag-featured-news","14":"tag-featurednews","15":"tag-guardia-civil","16":"tag-headlines","17":"tag-latest-news","18":"tag-latestnews","19":"tag-marc-marquez","20":"tag-news","21":"tag-noticias","22":"tag-noticias-destacadas","23":"tag-noticiasdestacadas","24":"tag-spain","25":"tag-titulares","26":"tag-ultimas-noticias","27":"tag-ultimasnoticias"},"share_on_mastodon":{"url":"","error":""},"_links":{"self":[{"href":"https:\/\/www.europesays.com\/es\/wp-json\/wp\/v2\/posts\/91223","targetHints":{"allow":["GET"]}}],"collection":[{"href":"https:\/\/www.europesays.com\/es\/wp-json\/wp\/v2\/posts"}],"about":[{"href":"https:\/\/www.europesays.com\/es\/wp-json\/wp\/v2\/types\/post"}],"author":[{"embeddable":true,"href":"https:\/\/www.europesays.com\/es\/wp-json\/wp\/v2\/users\/2"}],"replies":[{"embeddable":true,"href":"https:\/\/www.europesays.com\/es\/wp-json\/wp\/v2\/comments?post=91223"}],"version-history":[{"count":0,"href":"https:\/\/www.europesays.com\/es\/wp-json\/wp\/v2\/posts\/91223\/revisions"}],"wp:featuredmedia":[{"embeddable":true,"href":"https:\/\/www.europesays.com\/es\/wp-json\/wp\/v2\/media\/91224"}],"wp:attachment":[{"href":"https:\/\/www.europesays.com\/es\/wp-json\/wp\/v2\/media?parent=91223"}],"wp:term":[{"taxonomy":"category","embeddable":true,"href":"https:\/\/www.europesays.com\/es\/wp-json\/wp\/v2\/categories?post=91223"},{"taxonomy":"post_tag","embeddable":true,"href":"https:\/\/www.europesays.com\/es\/wp-json\/wp\/v2\/tags?post=91223"}],"curies":[{"name":"wp","href":"https:\/\/api.w.org\/{rel}","templated":true}]}}