{"id":91274,"date":"2025-09-03T19:24:12","date_gmt":"2025-09-03T19:24:12","guid":{"rendered":"https:\/\/www.europesays.com\/es\/91274\/"},"modified":"2025-09-03T19:24:12","modified_gmt":"2025-09-03T19:24:12","slug":"enfocan-la-grada-en-el-partido-de-alcaraz-y-por-unos-segundos-el-tenista-es-eclipsado-por-la-persona-que-aparece","status":"publish","type":"post","link":"https:\/\/www.europesays.com\/es\/91274\/","title":{"rendered":"Enfocan la grada en el partido de Alcaraz y por unos segundos el tenista es eclipsado por la persona que aparece"},"content":{"rendered":"<p><a href=\"https:\/\/www.huffingtonpost.es\/deporte\/alcaraz-accede-via-rapida-semifinales-us-open-64-62-64.html\" target=\"_blank\" rel=\"nofollow noopener\">Carlos Alcaraz ya est\u00e1 en las semifinales del US Open, donde se ver\u00e1 las caras con nada m\u00e1s y nada menos que Novak Djokovic<\/a>, quien ya le ape\u00f3 del oro ol\u00edmpico hace unos a\u00f1os en Par\u00eds.\u00a0<\/p>\n<p><b>El tenista murciano ha vencido a Jiri Lehecka por 6-4, 6-2 y 6-4<\/b> y ha cerrado as\u00ed su pase a las semifinales del \u00faltimo Grand Slam de la temporada. Alcaraz fue tremendamente superior a su rival durante todo el encuentro y \u00fanicamente ha necesitado 1 hora y 56 minutos para doblegar al checo, quien ocupa el puesto n\u00famero 21 en el ranking ATP.<\/p>\n<p>Con este contundente triunfo, Carlos Alcaraz alcanza un hito in\u00e9dito hasta ahora en su carrera deportiva: <b>alcanzar las semifinales de un Grand Slam sin haber cedido ni un solo set.<\/b><\/p>\n<p><b>Alcaraz s\u00f3lo perdi\u00f3 14 puntos con su servicio y nunca tuvo que afrontar una pelota de rotura<\/b>, mientras que en la red dej\u00f3 una vez muestras de su calidad y acab\u00f3 el partido con 28 golpes ganadores por tan s\u00f3lo 17 errores no forzados.<\/p>\n<p>Como siempre en este tipo de eventos, las gradas se han llenado de famosos de todo tipo. En un momento de la retransmisi\u00f3n, en pleno punto del deportista espa\u00f1ol, las c\u00e1maras han captado a la cantante Rosal\u00eda vibrando con el intercambio de golpes.\u00a0<\/p>\n<p>La cuenta oficial del US Open ha publicado la escena en la que se ve a la cantante catalana reaccionando como una fan m\u00e1s a los puntos del tenista murciano, que afronta el \u00faltimo torneo de la temporada en estado de gracia.\u00a0<\/p>\n<p>Adem\u00e1s, la propia Rosal\u00eda ha compartido en sus redes sociales fotos del partido y muchos destacan el \u00abfot\u00f3n\u00bb que le ha hecho a Alcaraz durante el encuentro que le enfrentaba a\u00a0Lehecka.\u00a0<\/p>\n<p>Pero Rosal\u00eda no ha sido la \u00fanica que se ha dejado ver por el torneo norteamericano. Anna Wintour, Ben Stiller, Owen Wilson, Rami Maleck, Alec Baldwin y otros famosos no se han querido perder partidos.\u00a0<\/p>\n","protected":false},"excerpt":{"rendered":"Carlos Alcaraz ya est\u00e1 en las semifinales del US Open, donde se ver\u00e1 las caras con nada m\u00e1s&hellip;\n","protected":false},"author":2,"featured_media":91275,"comment_status":"","ping_status":"","sticky":false,"template":"","format":"standard","meta":{"footnotes":""},"categories":[274],"tags":[545,168,25,24,23,167,327,326,541],"class_list":{"0":"post-91274","1":"post","2":"type-post","3":"status-publish","4":"format-standard","5":"has-post-thumbnail","7":"category-tenis","8":"tag-carlos-alcaraz","9":"tag-deportes","10":"tag-es","11":"tag-espana","12":"tag-spain","13":"tag-sports","14":"tag-tenis","15":"tag-tennis","16":"tag-us-open"},"share_on_mastodon":{"url":"","error":""},"_links":{"self":[{"href":"https:\/\/www.europesays.com\/es\/wp-json\/wp\/v2\/posts\/91274","targetHints":{"allow":["GET"]}}],"collection":[{"href":"https:\/\/www.europesays.com\/es\/wp-json\/wp\/v2\/posts"}],"about":[{"href":"https:\/\/www.europesays.com\/es\/wp-json\/wp\/v2\/types\/post"}],"author":[{"embeddable":true,"href":"https:\/\/www.europesays.com\/es\/wp-json\/wp\/v2\/users\/2"}],"replies":[{"embeddable":true,"href":"https:\/\/www.europesays.com\/es\/wp-json\/wp\/v2\/comments?post=91274"}],"version-history":[{"count":0,"href":"https:\/\/www.europesays.com\/es\/wp-json\/wp\/v2\/posts\/91274\/revisions"}],"wp:featuredmedia":[{"embeddable":true,"href":"https:\/\/www.europesays.com\/es\/wp-json\/wp\/v2\/media\/91275"}],"wp:attachment":[{"href":"https:\/\/www.europesays.com\/es\/wp-json\/wp\/v2\/media?parent=91274"}],"wp:term":[{"taxonomy":"category","embeddable":true,"href":"https:\/\/www.europesays.com\/es\/wp-json\/wp\/v2\/categories?post=91274"},{"taxonomy":"post_tag","embeddable":true,"href":"https:\/\/www.europesays.com\/es\/wp-json\/wp\/v2\/tags?post=91274"}],"curies":[{"name":"wp","href":"https:\/\/api.w.org\/{rel}","templated":true}]}}