{"id":91281,"date":"2025-09-03T19:28:07","date_gmt":"2025-09-03T19:28:07","guid":{"rendered":"https:\/\/www.europesays.com\/es\/91281\/"},"modified":"2025-09-03T19:28:07","modified_gmt":"2025-09-03T19:28:07","slug":"a-skyline-se-la-atragantan-las-hamburguesas-del-palco-la-justicia-condena-al-albacete-balompie-por-lo-que-hizo-con-paco-el-del-corner","status":"publish","type":"post","link":"https:\/\/www.europesays.com\/es\/91281\/","title":{"rendered":"A Skyline se la atragantan las hamburguesas del palco; la justicia condena al Albacete Balompi\u00e9 por lo que hizo con Paco &#8216;el del C\u00f3rner&#8217;"},"content":{"rendered":"<p>El Juzgado de Primera Instancia n\u00ba3 de Albacete ha dictado la <strong>sentencia 497\/2025<\/strong> por la que condena al <strong>Albacete Balompi\u00e9 S.A.D.<\/strong> tras considerar <strong>injustificada la resoluci\u00f3n unilateral del contrato de hosteler\u00eda<\/strong> que manten\u00eda desde 2012 con la empresa <strong>Posada del Jam\u00f3n S.L.U.<\/strong>, encargada de la explotaci\u00f3n de bares y servicios de restauraci\u00f3n en el estadio Carlos Belmonte y la Ciudad Deportiva, popularmente conocido como \u2018El Corner\u2019, que regenta el popularmente conocido como Paco, el del Corner. La parte demandante ha sido representada por el prestigioso abogado Carlos Escaso.<\/p>\n<p>La magistrada concluye que el club rescindi\u00f3 el acuerdo de manera unilateral en junio de 2023, sin que existieran causas legales para ello, y ordena <strong>reponer a la empresa en la situaci\u00f3n que ten\u00eda antes del desalojo<\/strong>, manteniendo vigente el contrato de arrendamiento de la cafeter\u00eda El C\u00f3rner, con validez hasta 2032. <\/p>\n<p>Indemnizaci\u00f3n y costas<\/p>\n<p>El Albacete Balompi\u00e9 ha sido condenado a <strong>indemnizar a Posada del Jam\u00f3n con 46.364,23 euros por los perjuicios ocasionados hasta febrero de 2024<\/strong>, cantidad que se incrementar\u00e1 con el beneficio dejado de percibir en cada partido jugado en el estadio, aplicando un margen de <strong>0,302 euros por espectador<\/strong>, hasta que la empresa recupere el servicio de hosteler\u00eda. Adem\u00e1s, el club deber\u00e1 abonar los intereses correspondientes y las <strong>costas procesales<\/strong>.<\/p>\n<p>Rechazo a la demanda del club<\/p>\n<p>La jueza tambi\u00e9n desestim\u00f3 la demanda presentada por el propio Albacete Balompi\u00e9, que acusaba a Posada del Jam\u00f3n de incumplimientos relacionados con personal sin alta en la Seguridad Social y deficiencias en barras m\u00f3viles del estadio. Seg\u00fan la sentencia, estos hechos <strong>no constituyen causas suficientes para extinguir el contrato<\/strong>, y carecen de soporte legal dentro de las cl\u00e1usulas pactadas.<\/p>\n<p>Recurso pendiente<\/p>\n<p>La resoluci\u00f3n <strong>no es firme<\/strong> y puede ser recurrida en apelaci\u00f3n ante la Audiencia Provincial de Albacete en el plazo de 20 d\u00edas h\u00e1biles<\/p>\n","protected":false},"excerpt":{"rendered":"El Juzgado de Primera Instancia n\u00ba3 de Albacete ha dictado la sentencia 497\/2025 por la que condena al&hellip;\n","protected":false},"author":2,"featured_media":91282,"comment_status":"","ping_status":"","sticky":false,"template":"","format":"standard","meta":{"footnotes":""},"categories":[268],"tags":[168,25,24,280,282,338,281,23,167],"class_list":{"0":"post-91281","1":"post","2":"type-post","3":"status-publish","4":"format-standard","5":"has-post-thumbnail","7":"category-futbol","8":"tag-deportes","9":"tag-es","10":"tag-espana","11":"tag-football","12":"tag-futbol","13":"tag-portada","14":"tag-soccer","15":"tag-spain","16":"tag-sports"},"share_on_mastodon":{"url":"","error":""},"_links":{"self":[{"href":"https:\/\/www.europesays.com\/es\/wp-json\/wp\/v2\/posts\/91281","targetHints":{"allow":["GET"]}}],"collection":[{"href":"https:\/\/www.europesays.com\/es\/wp-json\/wp\/v2\/posts"}],"about":[{"href":"https:\/\/www.europesays.com\/es\/wp-json\/wp\/v2\/types\/post"}],"author":[{"embeddable":true,"href":"https:\/\/www.europesays.com\/es\/wp-json\/wp\/v2\/users\/2"}],"replies":[{"embeddable":true,"href":"https:\/\/www.europesays.com\/es\/wp-json\/wp\/v2\/comments?post=91281"}],"version-history":[{"count":0,"href":"https:\/\/www.europesays.com\/es\/wp-json\/wp\/v2\/posts\/91281\/revisions"}],"wp:featuredmedia":[{"embeddable":true,"href":"https:\/\/www.europesays.com\/es\/wp-json\/wp\/v2\/media\/91282"}],"wp:attachment":[{"href":"https:\/\/www.europesays.com\/es\/wp-json\/wp\/v2\/media?parent=91281"}],"wp:term":[{"taxonomy":"category","embeddable":true,"href":"https:\/\/www.europesays.com\/es\/wp-json\/wp\/v2\/categories?post=91281"},{"taxonomy":"post_tag","embeddable":true,"href":"https:\/\/www.europesays.com\/es\/wp-json\/wp\/v2\/tags?post=91281"}],"curies":[{"name":"wp","href":"https:\/\/api.w.org\/{rel}","templated":true}]}}