{"id":91287,"date":"2025-09-03T19:31:24","date_gmt":"2025-09-03T19:31:24","guid":{"rendered":"https:\/\/www.europesays.com\/es\/91287\/"},"modified":"2025-09-03T19:31:24","modified_gmt":"2025-09-03T19:31:24","slug":"david-pujante-la-vida-no-es-mas-que-ese-misterioso-don-que-a-todos-nos-deja-perplejos","status":"publish","type":"post","link":"https:\/\/www.europesays.com\/es\/91287\/","title":{"rendered":"David Pujante: \u00abLa vida no es m\u00e1s que ese misterioso don que a todos nos deja perplejos\u00bb"},"content":{"rendered":"<p>En &#8216;Gu\u00eda de perplejos&#8217; encontramos la poes\u00eda reunida de David Pujante (Cartagena, 1953) desde 1978 hasta 2023. El poeta y catedr\u00e1tico de Teor\u00eda de la  &#8230; Literatura y Literatura Comparada de la Universidad de Valladolid, afincado una buena parte del a\u00f1o en La Manga del Mar Menor, ha buscado una identidad a trav\u00e9s de la creaci\u00f3n po\u00e9tica, y es consciente de que esas intenciones han tenido repercusiones en la construcci\u00f3n de su propia naturaleza. El Servicio de Publicaciones de la Universidad de Valladolid, en la persona de su director, Alfonso Mart\u00edn Jim\u00e9nez, contribuye con este volumen a mostrar, si no la totalidad de su proyecto po\u00e9tico, s\u00ed una extensa muestra de todos sus libros: &#8216;La propia vida&#8217; (ejercicio de travestismo de sus propias vivencias con mitos y personajes cl\u00e1sicos), &#8216;Con el cuerpo del deseo&#8217; (catarsis de una relaci\u00f3n t\u00f3xica), &#8216;Estaci\u00f3n mar\u00edtima&#8217; (descubrimiento de otros paisajes, especialmente el norte\u00f1o, por razones de trabajo), &#8216;La isla&#8217; (reflexi\u00f3n sobre la insularidad del arte y los c\u00edrculos infernales que nos devuelven a la vida de vez en cuando), &#8216;Animales despiertos&#8217; (reinterpretaci\u00f3n del mito ed\u00e9nico), &#8216;El sue\u00f1o de una sombra&#8217; y &#8217;21 odas de invierno&#8217;, \u00ablibros crepusculares, una mirada a los or\u00edgenes y la asunci\u00f3n de la vejez\u00bb, asegura. <\/p>\n<p><img decoding=\"async\" loading=\"lazy\" src=\"https:\/\/www.europesays.com\/es\/wp-content\/uploads\/2025\/09\/Captura de pantalla 2025-09-03 140321-U66202073045xLb-258x367@La Verdad.jpg\" class=\"v-a-img\" width=\"258\" height=\"367\" alt=\"Imagen - Portada de 'Gu\u00eda de perplejos', de David Pujante.\"\/><\/p>\n<p>Portada de &#8216;Gu\u00eda de perplejos&#8217;, de David Pujante.<\/p>\n<p><img decoding=\"async\" loading=\"lazy\" src=\"https:\/\/www.europesays.com\/es\/wp-content\/uploads\/2025\/09\/Captura de pantalla 2025-09-03 140321_20250903140510-U51566837582QeN-760x1080@La Verdad.jpg\" class=\"v-mdl__img-z\" width=\"760\" height=\"1080\" alt=\"Imagen - Portada de 'Gu\u00eda de perplejos', de David Pujante.\"\/><\/p>\n<p class=\"v-p\">Pujante, poeta y amigo de algunos de los m\u00e1s laureados nombres de la poes\u00eda espa\u00f1ola de la segunda mitad del siglo XX, dice que la vida es \u00abese misterioso don que a todos nos deja perplejos\u00bb. El valenciano Francisco Brines, Premio Cervantes 2021, consider\u00f3 su &#8216;Po\u00e9tica de un apag\u00f3n&#8217; uno de los mejores sonetos que hab\u00eda le\u00eddo en su vida: \u00abAbro la puerta. El cuarto est\u00e1 en penumbra. \/ Y enfrente, de improviso, en el espejo, \/ me sorprende una luz, que es el reflejo \/ de la que traigo yo, y que me deslumbra. \/ Y pienso en cu\u00e1ntas veces, \u00a1venturoso \/ vislumbre del poema!, me has surgido \/ tambi\u00e9n inesperado y te he cre\u00eddo \/ concesi\u00f3n en el \u00e9xtasis gozoso. \/ Tiendo a creer \u2013como esta luz\u2013 que un mundo \/ m\u00e1s all\u00e1 del espejo, en don extra\u00f1o, coloca entre mis manos su secreto. \/ Y aunque en sentirte esencia ajena abundo, \/ me saca de inmediato del enga\u00f1o \/ el sudor por lograr que seas soneto: \/ la s\u00edlaba contada, \/ el hacerte rotundo, \/ que no te falte ni te sobre nada\u00bb.<\/p>\n<p>\nInfancia en El Llano del Beal\n<\/p>\n<p>\u00abYo era el t\u00edpico ni\u00f1o de ciudad que no medraba, y all\u00ed mi madre me dec\u00eda que yo hab\u00eda echado la robinera, que yo era un ni\u00f1o desoxidado all\u00ed\u00bb<\/p>\n<p class=\"v-p\">Dice el acad\u00e9mico de la Real Academia de Bellas Artes de la Arrixaca Pedro Manzano, responsable del dise\u00f1o de revistas murcianas hist\u00f3ricas y pulidor de la colecci\u00f3n &#8216;Licenciado Vidriera&#8217; en la que ha visto la luz este volumen con portada de Antonio Mart\u00ednez Mengual, a modo de \u00abfin de fiesta\u00bb, que \u00abun solo verso que te emocione salva a un poeta, da igual que sea hoy o dentro de cien a\u00f1os, igual que a veces un solo trazo bien puesto en una pintura salva a un pintor\u00bb. Manzano est\u00e1 enamorado de la poes\u00eda, y, muy especialmente de la de Pujante, alma de &#8216;Arrecife&#8217; junto a Emma P\u00e9rez Coquillat y presente en ingentes aventuras literarias como &#8216;Antaria&#8217;.<\/p>\n<p>Agradecimiento a Antonio Dur\u00e1<\/p>\n<p class=\"v-p\"><strong>\u2013Brines, que fue muy amigo suyo, le felicit\u00f3 por ese soneto que citamos, &#8216;Po\u00e9tica de un apag\u00f3n&#8217;. <\/strong><\/p>\n<p class=\"v-p\">\u2013S\u00ed, Brines me dijo que era uno de los mejores que hab\u00eda podido leer en la segunda mitad del siglo XX. Claro, que Paco Brines te diga eso&#8230; yo no he escrito pr\u00e1cticamente sonetos. Est\u00e1 escrito cuatro a\u00f1os antes de que fuera editado el libro &#8216;La propia vida&#8217; (1986). Yo escrib\u00eda mucho entonces, pero era un chico muy t\u00edmido. Si no llego a conocer a alguien como Antonio Dur\u00e1, que fue el padre de &#8216;Azahara&#8217;, posiblemente yo no habr\u00eda publicado nunca. Una de las veces vino Luis Antonio de Villena, de la mano de Emma P\u00e9rez Coquillat, a presentar un n\u00famero de una revista, y ley\u00f3 ese libro m\u00edo durante una siesta, y me anim\u00f3 a publicarlo urgentemente.<\/p>\n<p class=\"v-p\"><strong>\u2013\u00bfEn qu\u00e9 barrio ech\u00f3 a andar? <\/strong><\/p>\n<p class=\"v-p\">\u2013Yo viv\u00ed en Cartagena hasta que me vine a Murcia a los 17 a\u00f1os, a la Universidad. Pero la especialidad la hice en Barcelona, donde se fueron mis abuelos y viv\u00eda mi t\u00eda la mayor. Siempre fuimos a Barcelona, mi madre sent\u00eda pasi\u00f3n por Barcelona y a m\u00ed me acunaba con canciones en catal\u00e1n. Yo soy del centro de Cartagena, de la calle San Fernando, n\u00famero 60. Mis padres se hicieron cargo de mis abuelos maternos, que viv\u00edan en el barrio de la Concepci\u00f3n, lo que llaman Quitapellejos, y esa casa antigua mi padre la deshizo e hizo una con bajo y piso. All\u00ed nos fuimos a vivir, todo mi bachiller lo viv\u00ed all\u00ed. Pero hay un episodio intermedio, que aparece en este &#8216;Gu\u00eda de perplejos&#8217; en alg\u00fan momento: mi padre trabajaba en Mineras Celdr\u00e1n, en El Llano del Beal, y teniendo yo cinco a\u00f1os y medio nos fuimos all\u00ed, y vivimos unos a\u00f1os. Yo era el t\u00edpico ni\u00f1o de ciudad que no medraba, y all\u00ed mi madre me dec\u00eda que yo hab\u00eda echado la robinera, que yo era un ni\u00f1o desoxidado all\u00ed. A los seis a\u00f1os te escolarizaban, pero como yo era un ni\u00f1o raro que quer\u00eda cole, mis padres hablaron con un maestro de all\u00ed que me daba clases particulares. Soren Pe\u00f1alver, que lo magnifica todo, siempre dice una cosa muy graciosa, que yo ten\u00eda \u00abpreceptor\u00bb como \u00e9l. <\/p>\n<p>\nUNA CONFESI\u00d3N\n<\/p>\n<p>\u00abA partir de leer a Cavafis me sent\u00ed libre. Descubr\u00ed que pod\u00eda ser libre con m\u00e1scaras cultas\u00bb<\/p>\n<p class=\"v-p\"><strong>\u2013\u00bfPor qu\u00e9 sus padres ten\u00edan tanto empe\u00f1o en que estudiara?<\/strong><\/p>\n<p class=\"v-p\">\u2013Mis padres eran protestantes de la Iglesia Evang\u00e9lica Espa\u00f1ola, en mi casa todos los d\u00edas se viv\u00eda la Biblia, la famosa traducci\u00f3n del siglo XVI. Protestantes entonces hab\u00eda pocos. Ellos se casan en el 51, yo nazco en el 53. Su iglesia estaba cerrada, porque Franco no admit\u00eda estos cultos, que se hac\u00edan en casas particulares. De hecho, intentan casarse con el juzgado, hab\u00eda un juez franquista que no casaba protestantes, pero a ese juez le sustituy\u00f3 temporalmente otro que s\u00ed que acab\u00f3 cas\u00e1ndolos. <\/p>\n<p><img decoding=\"async\" loading=\"lazy\" src=\"https:\/\/www.europesays.com\/es\/wp-content\/uploads\/2025\/09\/1500343659-U20305362242foD-748x524@La Verdad.jpg\" class=\"v-a-img\" width=\"748\" height=\"524\" alt=\"David Pujante, este martes, en el Caf\u00e9 Moderno de Murcia.\" data-voc-vtm-id=\"in-text-traffic\"\/><\/p>\n<p>David Pujante, este martes, en el Caf\u00e9 Moderno de Murcia.<\/p>\n<p>Vicente Vic\u00e9ns \/ Agm<\/p>\n<p><img loading=\"lazy\" decoding=\"async\" src=\"https:\/\/www.europesays.com\/es\/wp-content\/uploads\/2025\/09\/1500343659_20250903135907-U27521387411BCY-1920x1344@La Verdad.jpg\" class=\"v-mdl__img-z\" width=\"1920\" height=\"1344\" alt=\"\"\/><\/p>\n<p class=\"v-p\"><strong>\u2013Padre republicano y exiliado.<\/strong><\/p>\n<p class=\"v-p\">\u2013Siempre digo que yo he sido culturalista, un hombre dedicado a la cultura, pero el origen de todo es el amor de mi familia por los libros, y esa lectura diaria de la Biblia, porque la interpretaci\u00f3n era libre, era Dios el que nos iluminaba, no hab\u00eda un cura ni un Papa que te dijera que esto hay que entenderlo as\u00ed. La tradici\u00f3n era abrir el libro, la Biblia, para encontrar soluciones a los problemas. Mi padre era el bibliotecario de la iglesia; era un hombre republicano, exiliado, volvi\u00f3 del campo de concentraci\u00f3n de Argel\u00e8s-sur-Mer en Francia, aunque ten\u00eda los papeles para irse a M\u00e9xico, porque recibi\u00f3 una carta de mi abuela, que lo estaba pasando mal. Oy\u00f3 aquello de que en la nueva Espa\u00f1a los no manchados de sangre ser\u00edan muy bien recibidos, y fue recibido, s\u00ed, con dos tazas de ricino en cuanto cruz\u00f3 la frontera y la obligaci\u00f3n de aprenderse el &#8216;Cara al sol&#8217;. Esa misma noche que volvi\u00f3 llamaron a su casa, lo llevaron al penal, y lo condenaron en juicio sumar\u00edsimo a cuatro penas de muerte. Se tir\u00f3 un mes tirado en el suelo, de all\u00ed sacaban a la gente y \u00e9l o\u00eda los tiros&#8230; No lo mataron de milagro&#8230; Eso hizo que siempre tuviera desafecto al r\u00e9gimen. Se fue a la Marina, tuvo 15 hermanos. Mi padre fue siempre un hombre religioso, y el nacionalcatolicismo no iba con su pensamiento, l\u00f3gicamente.<\/p>\n<p>Un rubio corintio<\/p>\n<p class=\"v-p\"><strong>\u2013No hay nada en sus libros que no sea vida&#8230; y amor en libertad.<\/strong><\/p>\n<p class=\"v-p\">\u2013\u00a1Nada! Te pongo un ejemplo. Yo tengo un poema titulado &#8216;Non cuivis homini contingit adire Corinthum&#8217;, ya de entrada t\u00edtulo en lat\u00edn: no a cualquiera le est\u00e1 dado ir a Corinto. Pongo a dos mercaderes de Fenicia que van al puerto, pero las calles del amor son estrechas siempre, torcidas, malolientes, porque los dioses, juguetones, nos ocultan los m\u00e1s preciosos dones en sus laberintos h\u00famedos&#8230; Aparece en esas un rubio corintio en el portal de una choza encalada, y un mercader le dice al otro, \u00bfte molesta mucho si te abandono un rato&#8230;? Al final, llega tarde. Veinticinco monedas de oro le hab\u00eda pedido&#8230; es que ya no hay quien eche el ancla en las playas corintias&#8230; Lo cierto es que este poema es una venganza po\u00e9tica. Yo siempre me sent\u00ed libre para escribir estas cosas cuando le\u00ed a Cavafis traducido por Jos\u00e9 Mar\u00eda \u00c1lvarez en quinto de carrera en Barcelona y la poes\u00eda completa de Cernuda. Descubr\u00ed que pod\u00eda ser libre con m\u00e1scaras cultas. <\/p>\n","protected":false},"excerpt":{"rendered":"En &#8216;Gu\u00eda de perplejos&#8217; encontramos la poes\u00eda reunida de David Pujante (Cartagena, 1953) desde 1978 hasta 2023. El&hellip;\n","protected":false},"author":2,"featured_media":91288,"comment_status":"","ping_status":"","sticky":false,"template":"","format":"standard","meta":{"footnotes":""},"categories":[172],"tags":[224,51,14801,146,147,25,24,225,1853,33314,23,2606],"class_list":{"0":"post-91287","1":"post","2":"type-post","3":"status-publish","4":"format-standard","5":"has-post-thumbnail","7":"category-libros","8":"tag-books","9":"tag-deja","10":"tag-don","11":"tag-entertainment","12":"tag-entretenimiento","13":"tag-es","14":"tag-espana","15":"tag-libros","16":"tag-misterioso","17":"tag-perplejos","18":"tag-spain","19":"tag-vida"},"share_on_mastodon":{"url":"","error":""},"_links":{"self":[{"href":"https:\/\/www.europesays.com\/es\/wp-json\/wp\/v2\/posts\/91287","targetHints":{"allow":["GET"]}}],"collection":[{"href":"https:\/\/www.europesays.com\/es\/wp-json\/wp\/v2\/posts"}],"about":[{"href":"https:\/\/www.europesays.com\/es\/wp-json\/wp\/v2\/types\/post"}],"author":[{"embeddable":true,"href":"https:\/\/www.europesays.com\/es\/wp-json\/wp\/v2\/users\/2"}],"replies":[{"embeddable":true,"href":"https:\/\/www.europesays.com\/es\/wp-json\/wp\/v2\/comments?post=91287"}],"version-history":[{"count":0,"href":"https:\/\/www.europesays.com\/es\/wp-json\/wp\/v2\/posts\/91287\/revisions"}],"wp:featuredmedia":[{"embeddable":true,"href":"https:\/\/www.europesays.com\/es\/wp-json\/wp\/v2\/media\/91288"}],"wp:attachment":[{"href":"https:\/\/www.europesays.com\/es\/wp-json\/wp\/v2\/media?parent=91287"}],"wp:term":[{"taxonomy":"category","embeddable":true,"href":"https:\/\/www.europesays.com\/es\/wp-json\/wp\/v2\/categories?post=91287"},{"taxonomy":"post_tag","embeddable":true,"href":"https:\/\/www.europesays.com\/es\/wp-json\/wp\/v2\/tags?post=91287"}],"curies":[{"name":"wp","href":"https:\/\/api.w.org\/{rel}","templated":true}]}}