{"id":91290,"date":"2025-09-03T19:33:09","date_gmt":"2025-09-03T19:33:09","guid":{"rendered":"https:\/\/www.europesays.com\/es\/91290\/"},"modified":"2025-09-03T19:33:09","modified_gmt":"2025-09-03T19:33:09","slug":"concierto-de-destruction-en-summer-breeze-reedicion-de-eisregen-warlord-estrenan-video","status":"publish","type":"post","link":"https:\/\/www.europesays.com\/es\/91290\/","title":{"rendered":"Concierto de DESTRUCTION en Summer Breeze. Reedici\u00f3n de EISREGEN. WARLORD estrenan v\u00eddeo."},"content":{"rendered":"<p>\u00a0<\/p>\n<p style=\"text-align: center;\"><strong><a href=\"#DESTRUCTION\">Concierto de DESTRUCTION en Summer Breeze<\/a> \u2013 <a href=\"#EISREGEN\">Reedici\u00f3n de EISREGEN<\/a> \u2013 <a href=\"#WARLORD\">WARLORD estrenan v\u00eddeo<\/a>. <\/strong><\/p>\n<p>A continuaci\u00f3n pod\u00e9is ver \u00edntegro el concierto ofrecido por <strong>DESTRUCTION<\/strong> en la \u00faltima edici\u00f3n del festival Summer Breeze el pasado 15 de agosto en Dinkelsb\u00fchl, Alemania.<\/p>\n<p>Este fue el repertorio interpretado:<\/p>\n<ol>\n<li>Curse The Gods<\/li>\n<li>Nailed To The Cross<\/li>\n<li>Mad Butcher<\/li>\n<li>Thrash \u2018Til Death<\/li>\n<li>Diabolical<\/li>\n<li>No Kings No Masters<\/li>\n<li>Invincible Force<\/li>\n<\/ol>\n<p>En este <a href=\"https:\/\/www.rafabasa.com\/2025\/02\/03\/destruction-the-hellacopters-ignitor\/#DESTRUCTION\" rel=\"nofollow noopener\" target=\"_blank\">bloque<\/a> ten\u00e9is un tr\u00e1iler para la nueva pel\u00edcula documental dedicada a <a href=\"https:\/\/www.destruction.de\/\" target=\"_blank\" rel=\"noopener nofollow\"><strong>DESTRUCTION<\/strong><\/a> titulada \u201cThe Art Of Destruction\u201d.<\/p>\n<p><a href=\"https:\/\/www.destruction.de\/\" target=\"_blank\" rel=\"noopener nofollow\"><strong>DESTRUCTION<\/strong><\/a> editaron el 7 de marzo a trav\u00e9s de Napalm Records su nuevo disco \u201cBirth Of Malice\u201d.<\/p>\n<p>M\u00e1s detalles en esta <a href=\"https:\/\/www.rafabasa.com\/2024\/11\/14\/mas-detalles-del-nuevo-disco-de-destruction-y-primer-single\/\" target=\"_blank\" rel=\"noopener nofollow\">noticia<\/a> y su \u00faltimo single en <a href=\"https:\/\/www.rafabasa.com\/2025\/01\/23\/destruction-estrenan-un-nuevo-single-su-primer-tema-en-aleman\/\" target=\"_blank\" rel=\"noopener nofollow\">esta<\/a>.<\/p>\n<p><img fetchpriority=\"high\" decoding=\"async\" src=\"https:\/\/www.europesays.com\/es\/wp-content\/uploads\/2025\/09\/Destruction2020_1.jpg\" alt=\"DESTRUCTION\" width=\"500\" height=\"281\"\/><\/p>\n<p>\u00a0<\/p>\n<p>\u00a0<\/p>\n<p>El disco de EISREGEN \u201cKrebskolonie\u201d ser\u00e1 reeditado el 26 de septiembre a trav\u00e9s de Massacre Records.<\/p>\n<p>Estos son los temas que incluye:<\/p>\n<p>CD 1<\/p>\n<ol>\n<li>Vorabend der Schlacht<\/li>\n<li>Nachtgeburt<\/li>\n<li>Scharlachrotes Kleid<\/li>\n<li>Krebskolonie<\/li>\n<li>F\u00fcr euch die ihr lebt<\/li>\n<li>Das kleine Leben<\/li>\n<li>Blassblaue Lippen<\/li>\n<li>Abglanz vom Licht<\/li>\n<li>Futter f\u00fcr die Schweine \u2013 Rezept 2025<\/li>\n<li>Th\u00fcringen<\/li>\n<\/ol>\n<p>\u00a0<\/p>\n<p>CD 2 \u2013 Live WGT 2000<\/p>\n<ol>\n<li>Leichenlager<\/li>\n<li>Des Heilands Haut<\/li>\n<li>Nachtgeburt<\/li>\n<li>Krebskolonie<\/li>\n<li>Th\u00fcringen<\/li>\n<\/ol>\n<p>Estar\u00e1 disponible en doble CD digipak y doble vinilo, e incluir\u00e1 temas extra grabados en directo.<\/p>\n<p>A continuaci\u00f3n ten\u00e9is un v\u00eddeo para el tema t\u00edtulo.<\/p>\n<p>El disco, que fue producido, mezclado y masterizado por <strong>Andy Classen<\/strong> en el Studio 1 de B\u00fchne, Alemania, ha sido ahora remasterizado por Markus Stock en Klangschmiede Studio E.<\/p>\n<p><strong>EISREGEN<\/strong> editaron el 16 de agosto de 2024 a trav\u00e9s de Massacre Records un nuevo disco titulado \u201cAbart\u201d.<\/p>\n<p>Todos los detalles en esta <a href=\"https:\/\/www.rafabasa.com\/2024\/07\/01\/blackie-lawless-habla-del-proximo-disco-de-w-a-s-p-caja-de-ian-anderson-eisregen-anuncian-nuevo-album\/#EISREGEN\" target=\"_blank\" rel=\"noopener nofollow\">noticia<\/a>.<\/p>\n<p>\u00a0<\/p>\n<p><a href=\"https:\/\/www.facebook.com\/OfficialWarlord\/\" target=\"_blank\" rel=\"noopener nofollow\"><strong>WARLORD<\/strong><\/a> han estrenado un nuevo v\u00eddeo para el tema \u201cLost Archangel\u201d.<\/p>\n<p><a href=\"https:\/\/www.facebook.com\/OfficialWarlord\/\" target=\"_blank\" rel=\"noopener nofollow\"><strong>WARLORD<\/strong><\/a> editaron el 27 de junio a trav\u00e9s de High Roller Records un nuevo lanzamiento con el mismo t\u00edtulo.<\/p>\n<p>M\u00e1s detalles en esta <a href=\"https:\/\/www.rafabasa.com\/2025\/04\/27\/manowar-kerry-king-chris-caffery-warlord\/#WARLORD\" rel=\"nofollow noopener\" target=\"_blank\">noticia<\/a>.<\/p>\n<p align=\"center\"><strong>Sigue el\u00a0<a href=\"https:\/\/whatsapp.com\/channel\/0029VaCprxVBA1f555USvT2O\" target=\"_blank\" rel=\"nofollow noopener\">Canal de RAFABASA.COM en WhatsApp<\/a>, donde encontrar\u00e1s todas nuestras novedades al instante<\/strong><\/p>\n<p>\u00a0<\/p>\n<p>\u00a0<\/p>\n<p>\u00a0<\/p>\n<p>\u00a0<\/p>\n","protected":false},"excerpt":{"rendered":"\u00a0 Concierto de DESTRUCTION en Summer Breeze \u2013 Reedici\u00f3n de EISREGEN \u2013 WARLORD estrenan v\u00eddeo. A continuaci\u00f3n pod\u00e9is&hellip;\n","protected":false},"author":2,"featured_media":91291,"comment_status":"","ping_status":"","sticky":false,"template":"","format":"standard","meta":{"footnotes":""},"categories":[170],"tags":[23018,33315,146,147,25,24,184,185,23,33316],"class_list":{"0":"post-91290","1":"post","2":"type-post","3":"status-publish","4":"format-standard","5":"has-post-thumbnail","7":"category-musica","8":"tag-destruction","9":"tag-eisregen","10":"tag-entertainment","11":"tag-entretenimiento","12":"tag-es","13":"tag-espana","14":"tag-music","15":"tag-musica","16":"tag-spain","17":"tag-warlord"},"share_on_mastodon":{"url":"","error":""},"_links":{"self":[{"href":"https:\/\/www.europesays.com\/es\/wp-json\/wp\/v2\/posts\/91290","targetHints":{"allow":["GET"]}}],"collection":[{"href":"https:\/\/www.europesays.com\/es\/wp-json\/wp\/v2\/posts"}],"about":[{"href":"https:\/\/www.europesays.com\/es\/wp-json\/wp\/v2\/types\/post"}],"author":[{"embeddable":true,"href":"https:\/\/www.europesays.com\/es\/wp-json\/wp\/v2\/users\/2"}],"replies":[{"embeddable":true,"href":"https:\/\/www.europesays.com\/es\/wp-json\/wp\/v2\/comments?post=91290"}],"version-history":[{"count":0,"href":"https:\/\/www.europesays.com\/es\/wp-json\/wp\/v2\/posts\/91290\/revisions"}],"wp:featuredmedia":[{"embeddable":true,"href":"https:\/\/www.europesays.com\/es\/wp-json\/wp\/v2\/media\/91291"}],"wp:attachment":[{"href":"https:\/\/www.europesays.com\/es\/wp-json\/wp\/v2\/media?parent=91290"}],"wp:term":[{"taxonomy":"category","embeddable":true,"href":"https:\/\/www.europesays.com\/es\/wp-json\/wp\/v2\/categories?post=91290"},{"taxonomy":"post_tag","embeddable":true,"href":"https:\/\/www.europesays.com\/es\/wp-json\/wp\/v2\/tags?post=91290"}],"curies":[{"name":"wp","href":"https:\/\/api.w.org\/{rel}","templated":true}]}}