{"id":91311,"date":"2025-09-03T19:44:09","date_gmt":"2025-09-03T19:44:09","guid":{"rendered":"https:\/\/www.europesays.com\/es\/91311\/"},"modified":"2025-09-03T19:44:09","modified_gmt":"2025-09-03T19:44:09","slug":"palencia-se-consolida-como-una-de-las-grandes-ferias-de-espana","status":"publish","type":"post","link":"https:\/\/www.europesays.com\/es\/91311\/","title":{"rendered":"\u201cPalencia se consolida como una de las grandes ferias de Espa\u00f1a\u201d"},"content":{"rendered":"<p>            <a href=\"https:\/\/www.palenciaenlared.es\/wp-content\/uploads\/2025\/09\/Balance-Feria-Taurina-San-Antolin-2025.jpg\" data-caption=\"Foto Sergio Lozano\" rel=\"nofollow noopener\" target=\"_blank\"><img loading=\"lazy\" decoding=\"async\" width=\"696\" height=\"463\" class=\"entry-thumb td-modal-image\" src=\"https:\/\/www.europesays.com\/es\/wp-content\/uploads\/2025\/09\/Balance-Feria-Taurina-San-Antolin-2025-696x463.jpg\"   alt=\"Balance-Feria-Taurina-San-Antol\u00edn-2025\" title=\"Balance-Feria-Taurina-San-Antol\u00edn-2025\"\/><\/a>Foto Sergio Lozano<br \/>\n            V\u00edctor Zabala, empresario de la Plaza de Toros de Palencia<\/p>\n<p>Fernando Caballero Rojo<\/p>\n<p>A la conclusi\u00f3n de la feria taurina de Palencia hablamos con V\u00edctor Zabala de la Serna, que junto con Carlos Z\u00fa\u00f1iga conforma la Uni\u00f3n Temporal de Empresas (UTE) que gestiona el coso palentino. La uni\u00f3n de las empresas Circuitos Taurinos y Pueblos del Toreo se han vuelto a presentar este a\u00f1o al concurso para renovar la gesti\u00f3n de la plaza de toros de Palencia, resultando de nuevo ganadora. El empresario se mostr\u00f3 contento con el resultado de la feria y con el gran ambiente que han lucido los tendidos de Campos G\u00f3ticos.<\/p>\n<p><strong>\u00bfPuede hacer una valoraci\u00f3n de la feria de San Antol\u00edn 2025?<\/strong><\/p>\n<p>Un \u00e9xito rotundo de p\u00fablico y de espect\u00e1culo. Tambi\u00e9n ha acompa\u00f1ado la suerte.<\/p>\n<p><strong>\u00bfY una valoraci\u00f3n taurina?<\/strong><\/p>\n<p>Una apoteosis en el \u00faltimo d\u00eda. Han acompa\u00f1ado a Roca Rey, que ha demostrado la pedazo de figura del toro que es, Talavante y Tom\u00e1s Rufo, que han competido al nivel. Tambi\u00e9n destacar a Castella, y anteriormente La Quinta y Perera, y Diego Ventura. Yo creo que seis puertas grandes muy aut\u00e9nticas. Un \u00e9xito con un cierre fenomenal.<\/p>\n<p><strong>No se recordaban entradas parecidas en esta plaza desde la tarde de Jos\u00e9 Tom\u00e1s. \u00bfC\u00f3mo valora la afluencia de p\u00fablico? \u00bfCree que este \u00e9xito puede hacer que la feria vuelva a crecer a cinco d\u00edas?<\/strong><\/p>\n<p>Dios dir\u00e1, yo creo que ha sido un acierto ajustar la feria a cuatro d\u00edas. Lo que se ha visto es que se ha concentrado y se ha notado una mayor salud. Hay tres mil abonos. Se consolida Palencia como una de las grandes ferias de Espa\u00f1a y yo creo que la demanda y la oferta se ha equilibrado. Ha sido un acierto.<\/p>\n<p><strong>\u00bfHay futuro en Palencia?<\/strong><\/p>\n<p>Mucho, mucho futuro.<\/p>\n<p><a class=\"gofollow\" data-track=\"MzU1MCwyOSwxLDYw\" href=\"https:\/\/www.palenciaenlared.es\/programa-de-las-fiestas-de-baltanas-nuestra-senora-de-revilla-2025\/\" target=\"_blank\" rel=\"nofollow noopener\"><img decoding=\"async\" src=\"https:\/\/www.europesays.com\/es\/wp-content\/uploads\/2025\/09\/Ayto-Baltanas_300x400_SEP_25.gif\"\/><\/a><\/p>\n<p>\n-Publicidad-<\/p>\n","protected":false},"excerpt":{"rendered":"Foto Sergio Lozano V\u00edctor Zabala, empresario de la Plaza de Toros de Palencia Fernando Caballero Rojo A la&hellip;\n","protected":false},"author":2,"featured_media":91312,"comment_status":"","ping_status":"","sticky":false,"template":"","format":"standard","meta":{"footnotes":""},"categories":[277],"tags":[373,168,25,24,29539,23,167,374,444,31452],"class_list":{"0":"post-91311","1":"post","2":"type-post","3":"status-publish","4":"format-standard","5":"has-post-thumbnail","7":"category-toreo","8":"tag-bullfighting","9":"tag-deportes","10":"tag-es","11":"tag-espana","12":"tag-san-antolu00edn","13":"tag-spain","14":"tag-sports","15":"tag-toreo","16":"tag-toros","17":"tag-toros-san-antolu00edn"},"share_on_mastodon":{"url":"","error":""},"_links":{"self":[{"href":"https:\/\/www.europesays.com\/es\/wp-json\/wp\/v2\/posts\/91311","targetHints":{"allow":["GET"]}}],"collection":[{"href":"https:\/\/www.europesays.com\/es\/wp-json\/wp\/v2\/posts"}],"about":[{"href":"https:\/\/www.europesays.com\/es\/wp-json\/wp\/v2\/types\/post"}],"author":[{"embeddable":true,"href":"https:\/\/www.europesays.com\/es\/wp-json\/wp\/v2\/users\/2"}],"replies":[{"embeddable":true,"href":"https:\/\/www.europesays.com\/es\/wp-json\/wp\/v2\/comments?post=91311"}],"version-history":[{"count":0,"href":"https:\/\/www.europesays.com\/es\/wp-json\/wp\/v2\/posts\/91311\/revisions"}],"wp:featuredmedia":[{"embeddable":true,"href":"https:\/\/www.europesays.com\/es\/wp-json\/wp\/v2\/media\/91312"}],"wp:attachment":[{"href":"https:\/\/www.europesays.com\/es\/wp-json\/wp\/v2\/media?parent=91311"}],"wp:term":[{"taxonomy":"category","embeddable":true,"href":"https:\/\/www.europesays.com\/es\/wp-json\/wp\/v2\/categories?post=91311"},{"taxonomy":"post_tag","embeddable":true,"href":"https:\/\/www.europesays.com\/es\/wp-json\/wp\/v2\/tags?post=91311"}],"curies":[{"name":"wp","href":"https:\/\/api.w.org\/{rel}","templated":true}]}}